{"id":104459,"date":"2026-04-10T14:06:53","date_gmt":"2026-04-10T20:06:53","guid":{"rendered":"https:\/\/redsemlac.com\/semmexico\/?p=104459"},"modified":"2026-04-10T14:06:54","modified_gmt":"2026-04-10T20:06:54","slug":"analizaran-progresos-y-desafios-para-el-cumplimiento-de-la-agenda-2030","status":"publish","type":"post","link":"https:\/\/redsemlac.com\/semmexico\/analizaran-progresos-y-desafios-para-el-cumplimiento-de-la-agenda-2030\/","title":{"rendered":"Analizar\u00e1n progresos y desaf\u00edos para el cumplimiento de la\u00a0Agenda 2030\u00a0"},"content":{"rendered":"\n<ul class=\"wp-block-list\">\n<li>En unos d\u00edas inicia\u00a0reuni\u00f3n del Foro de los Pa\u00edses de Am\u00e9rica Latina y el Caribe sobre el Desarrollo Sostenible<\/li>\n\n\n\n<li>Se re\u00fanen del 13 al 16 de abril en la sede del organismo de las Naciones Unidas en Santiago, Chile.\u00a0<\/li>\n<\/ul>\n\n\n\n<p class=\"wp-block-paragraph\">Redacci\u00f3n<\/p>\n\n\n\n<p class=\"wp-block-paragraph\">SemM\u00e9xico, Ciudad de M\u00e9xico, 10 de abril, 2026.- Representantes de gobiernos, del Sistema de las Naciones Unidas, organismos internacionales y regionales, sector privado, academia y sociedad civil&nbsp;analizar\u00e1n los progresos y desaf\u00edos para el cumplimiento de la&nbsp;Agenda 2030&nbsp;en Am\u00e9rica Latina y el Caribe, durante la&nbsp;novena reuni\u00f3n del Foro de los Pa\u00edses de Am\u00e9rica Latina y el Caribe sobre el Desarrollo Sostenible, que se realizar\u00e1 bajo la presidencia del Per\u00fa, del 13 al 16 de abril en la sede principal de la Comisi\u00f3n Econ\u00f3mica para Am\u00e9rica Latina y el Caribe (CEPAL), en Santiago, Chile.<\/p>\n\n\n\n<p class=\"wp-block-paragraph\">A solo cuatro a\u00f1os del plazo establecido para la implementaci\u00f3n de la agenda global, el encuentro contar\u00e1 con una serie de&nbsp;di\u00e1logos de acci\u00f3n global, regional y nacional.&nbsp;<\/p>\n\n\n\n<p class=\"wp-block-paragraph\">Durante los&nbsp;di\u00e1logos de acci\u00f3n global, que se celebrar\u00e1n el martes14 de abril, altas autoridades de las Naciones Unidas y de los gobiernos de la regi\u00f3n, junto con otros actores relevantes, dar\u00e1n seguimiento a los compromisos internacionales adoptados en 2025 en la Cuarta Conferencia Internacional sobre Financiaci\u00f3n para el Desarrollo (Sevilla, Espa\u00f1a), la Segunda Cumbre Mundial sobre Desarrollo Social (Doha, Qatar) y la trig\u00e9sima sesi\u00f3n de la Conferencia de las Partes de la Convenci\u00f3n Marco de las Naciones Unidas sobre el Cambio Clim\u00e1tico (Bel\u00e9m do Par\u00e1, Brasil).&nbsp;<\/p>\n\n\n\n<p class=\"wp-block-paragraph\">Asimismo, se llevar\u00e1 a cabo una sesi\u00f3n sobre la&nbsp;Conferencia de las Naciones Unidas sobre el Agua 2026,que se celebrar\u00e1 del 2 al 4 de diciembre de 2026 en los Emiratos \u00c1rabes Unidos, y que es coorganizada junto con Senegal. Este importante evento busca acelerar el cumplimiento del Objetivo de Desarrollo Sostenible 6 (ODS 6) \u2014agua y saneamiento para todos\u2014 hacia 2030, impulsando voluntad pol\u00edtica, inversi\u00f3n e innovaci\u00f3n.<\/p>\n\n\n\n<p class=\"wp-block-paragraph\">Los&nbsp;di\u00e1logos de acci\u00f3n regional&nbsp;iniciar\u00e1n en la tarde del martes 14 de abril con la presentaci\u00f3n del&nbsp;noveno informe sobre el progreso y los desaf\u00edos regionales de la Agenda 2030 para el Desarrollo Sostenible en Am\u00e9rica Latina y el Caribe, a cargo de Jos\u00e9 Manuel Salazar-Xirinachs, secretario ejecutivo de la CEPAL.&nbsp;<\/p>\n\n\n\n<p class=\"wp-block-paragraph\">Las y los representantes de los pa\u00edses, la sociedad civil, el sector privado y la academia podr\u00e1n intercambiar experiencias sobre los avances en la implementaci\u00f3n del&nbsp;<a href=\"https:\/\/agenda2030lac.org\/es\/ods\/6-agua-limpia-y-saneamiento\">ODS 6: Agua limpia y saneamiento<\/a>;&nbsp;<a href=\"https:\/\/agenda2030lac.org\/es\/ods\/7-energia-asequible-y-no-contaminante\">ODS 7: Energ\u00eda asequible<\/a>&nbsp;<a href=\"https:\/\/agenda2030lac.org\/es\/ods\/7-energia-asequible-y-no-contaminante\">y no contaminante<\/a>;&nbsp;<a href=\"https:\/\/agenda2030lac.org\/es\/ods\/9-industria-innovacion-e-infraestructura\">ODS 9: Industria, innovaci\u00f3n e infraestructura<\/a>;&nbsp;<a href=\"https:\/\/agenda2030lac.org\/es\/ods\/11-ciudades-y-comunidades-sostenibles\">ODS 11: Ciudades y comunidades sostenibles<\/a>; y&nbsp;<a href=\"https:\/\/agenda2030lac.org\/es\/ods\/17-alianzas-para-lograr-los-objetivos\">ODS 17: Alianzas para lograr los Objetivos<\/a>.&nbsp;<\/p>\n\n\n\n<p class=\"wp-block-paragraph\">Por su parte, durante los&nbsp;di\u00e1logos de acci\u00f3n nacional, que se realizar\u00e1n el jueves 16 de abril, se llevar\u00e1n a cabo dos sesiones de aprendizaje: la primera orientada a intercambiar experiencias nacionales exitosas con el fin de acelerar el logro de los ODS, y la segunda destinada a compartir buenas pr\u00e1cticas y desaf\u00edos en la preparaci\u00f3n de los&nbsp;ex\u00e1menes nacionales voluntarios (VNRs)&nbsp;que los pa\u00edses presentar\u00e1n en julio, durante el&nbsp;Foro Pol\u00edtico de Alto Nivel de las Naciones Unidas&nbsp;en Nueva York.<\/p>\n\n\n\n<p class=\"wp-block-paragraph\">Los di\u00e1logos globales, regionales y nacionales contar\u00e1n con la participaci\u00f3n de altos representantes de los gobiernos de los 33 pa\u00edses de la regi\u00f3n, as\u00ed como de agencias, fondos y programas del sistema de las Naciones Unidas, coordinadores residentes de la ONU en la regi\u00f3n, instituciones financieras internacionales y bancos de desarrollo. Tambi\u00e9n estar\u00e1n presentes representantes de la sociedad civil, el mundo parlamentario, la academia y el sector privado, tanto de los pa\u00edses de Am\u00e9rica Latina y el Caribe como de otras regiones del mundo.&nbsp;<\/p>\n\n\n\n<p class=\"wp-block-paragraph\">La novena reuni\u00f3n del encuentro intergubernamental ser\u00e1 inaugurada el martes 14 de abril a las 08:30 a.m. hora de Santiago de Chile (GMT-4).&nbsp;<\/p>\n\n\n\n<p class=\"wp-block-paragraph\">El encuentro ser\u00e1 precedido por una reuni\u00f3n del mecanismo de participaci\u00f3n de la sociedad civil y por el Foro de Ni\u00f1as, Ni\u00f1os, Adolescentes y Juventudes de Am\u00e9rica Latina y el Caribe, a realizarse ambos el lunes 13 de abril.<\/p>\n\n\n\n<p class=\"wp-block-paragraph\">SEM\/sj<\/p>\n","protected":false},"excerpt":{"rendered":"<p>Redacci\u00f3n SemM\u00e9xico, Ciudad de M\u00e9xico, 10 de abril, 2026.- Representantes de gobiernos, del Sistema de las Naciones Unidas, organismos internacionales y regionales, sector privado, academia y sociedad civil&nbsp;analizar\u00e1n los progresos y desaf\u00edos para el cumplimiento de la&nbsp;Agenda 2030&nbsp;en Am\u00e9rica Latina y el Caribe, durante la&nbsp;novena reuni\u00f3n del Foro de los Pa\u00edses de Am\u00e9rica Latina y [&hellip;]<\/p>\n","protected":false},"author":3,"featured_media":104460,"comment_status":"open","ping_status":"open","sticky":false,"template":"","format":"standard","meta":{"_monsterinsights_skip_tracking":false,"footnotes":""},"categories":[53],"tags":[],"class_list":["post-104459","post","type-post","status-publish","format-standard","has-post-thumbnail","category-internacional"],"_links":{"self":[{"href":"https:\/\/redsemlac.com\/semmexico\/wp-json\/wp\/v2\/posts\/104459","targetHints":{"allow":["GET"]}}],"collection":[{"href":"https:\/\/redsemlac.com\/semmexico\/wp-json\/wp\/v2\/posts"}],"about":[{"href":"https:\/\/redsemlac.com\/semmexico\/wp-json\/wp\/v2\/types\/post"}],"author":[{"embeddable":true,"href":"https:\/\/redsemlac.com\/semmexico\/wp-json\/wp\/v2\/users\/3"}],"replies":[{"embeddable":true,"href":"https:\/\/redsemlac.com\/semmexico\/wp-json\/wp\/v2\/comments?post=104459"}],"version-history":[{"count":0,"href":"https:\/\/redsemlac.com\/semmexico\/wp-json\/wp\/v2\/posts\/104459\/revisions"}],"wp:featuredmedia":[{"embeddable":true,"href":"https:\/\/redsemlac.com\/semmexico\/wp-json\/wp\/v2\/media\/104460"}],"wp:attachment":[{"href":"https:\/\/redsemlac.com\/semmexico\/wp-json\/wp\/v2\/media?parent=104459"}],"wp:term":[{"taxonomy":"category","embeddable":true,"href":"https:\/\/redsemlac.com\/semmexico\/wp-json\/wp\/v2\/categories?post=104459"},{"taxonomy":"post_tag","embeddable":true,"href":"https:\/\/redsemlac.com\/semmexico\/wp-json\/wp\/v2\/tags?post=104459"}],"curies":[{"name":"wp","href":"https:\/\/api.w.org\/{rel}","templated":true}]}}