{"id":10444,"date":"2019-08-02T16:01:17","date_gmt":"2019-08-02T16:01:17","guid":{"rendered":"https:\/\/redsemlac.com\/semmexico\/?p=10444"},"modified":"2023-07-21T14:51:56","modified_gmt":"2023-07-21T19:51:56","slug":"iniciativa-spotlight","status":"publish","type":"post","link":"https:\/\/redsemlac.com\/semmexico\/iniciativa-spotlight\/","title":{"rendered":"Quedan integrados los grupos de trabajo de la iniciativa Spotlight"},"content":{"rendered":"\n<p class=\"wp-block-paragraph\"> <strong>El Grupo Nacional de Referencia de la Sociedad Civil de la iniciativa Spotlight, dio a conocer este jueves, los resultados de la selecci\u00f3n de las representantes de las organizaciones de la sociedad civil que participaran en esta estrategia. <\/strong><\/p>\n\n\n\n<p class=\"wp-block-paragraph\"><strong>Josefina Aguilar Pastor<\/strong><\/p>\n\n\n\n<p class=\"wp-block-paragraph\">SemM\u00e9xico. Chilpancingo, Guerrero, 1 de agosto de 2019.- Son siete mujeres guerrerenses las que participar\u00e1n en la iniciativa Spotlight M\u00e9xico, iniciativa internacional, dirigida a erradicar el feminicidio y otras formas de violencia contra las mujeres y las ni\u00f1as en tres estados del pa\u00eds: Estado de M\u00e9xico, Chihuahua y Guerrero.<\/p>\n\n\n\n<p class=\"wp-block-paragraph\">El Grupo Nacional de Referencia de la Sociedad Civil de la iniciativa Spotlight, dio a conocer este jueves, los resultados de la selecci\u00f3n de las representantes de las organizaciones de la sociedad civil que participaran en esta estrategia.<\/p>\n\n\n\n<p class=\"wp-block-paragraph\">Fueron 32 postulantes que presentaron su solicitud para formar parte del Grupo Nacional de Referencia de la Sociedad Civil (GNR-SC), de las cuales fueron electas 12. Por Estado, el Grupo Local de Referencia de la Sociedad Civil (GLR-SC) de Chihuahua 10; 9 para Estado de M\u00e9xico y 8 para Guerrero.&nbsp;<\/p>\n\n\n\n<p class=\"wp-block-paragraph\">El GNR-SC, qued\u00f3 conformado por Ana Yeli P\u00e9rez Garrido (CDMX \/ Estado de M\u00e9xico); Andrea Medina Rosas (CDMX \/ Chihuahua \/ Estado de M\u00e9xico); Carolina Ram\u00edrez Su\u00e1rez (Veracruz \/ CDMX); Emma Obrador Garrido Dom\u00ednguez (CDMX\/Estado de M\u00e9xico \/ Jalisco); Erika Salinas Valadez (Guerrero \/ CDMX): Francisca Duarte Ahumada (Sonora); Mar\u00eda de la luz Estrada Mendoza (Jalisco \/ Veracruz \/ Estado de M\u00e9xico); Mayela Garc\u00eda Ram\u00edrez (CDMX \/ Veracruz); Mijane Jim\u00e9nez Salinas y Nadia Maciel Paulino (Guerrero); Frida Guerrera (Ver\u00f3nica S. Villalvazo) ((CDMX\/Estado de M\u00e9xico); y Wendy Hayde\u00e9 Figueroa Morales (CDMX y otros estados).<\/p>\n\n\n\n<p class=\"wp-block-paragraph\">El Grupo Local de Guerrero, qued\u00f3 conformado por Emma Cer\u00f3n D\u00edaz, Lourdes Ch\u00e1vez D\u00edaz, y Viridiana Guti\u00e9rrez Sotelo (Observatorio Ciudadano de Violencias contra las Mujeres \u2013Obvio-Guerrero), Erika Jazm\u00edn Garrido Lara (Mujeres de Tlapa), y Marina Reyna Aguilar (Asociaci\u00f3n Guerrerense Contra la Violencia hacia las Mujeres).<\/p>\n\n\n\n<p class=\"wp-block-paragraph\">Erika Salinas Valadez, es Coordinadora General de la Coalici\u00f3n Nacional de Mujeres Rurales, A. C. (CONAMUR, A. C.), Mijane Jim\u00e9nez Salinas del Grupo Plural y Nadia Maciel Paulino, de la Red de Mujeres ind\u00edgenas y Afromexicanas (Remjina).<\/p>\n\n\n\n<p class=\"wp-block-paragraph\">V\u00eda telef\u00f3nica, Erika Salinas Valadez y Lourdes Ch\u00e1vez D\u00edaz, comentaron que a\u00fan no han sido convocadas para conocer a profundidad las funciones que como integrantes de estos grupos de trabajo habr\u00e1n de realizar, saben que el trabajo para erradicar el feminicidio y otras formas de violencia contra las mujeres y las ni\u00f1as en Guerrero ser\u00e1 arduo, sin embargo dijeron tener los mejores \u00e1nimos por aportar lo que les corresponda en esta tarea.<br><\/p>\n","protected":false},"excerpt":{"rendered":"<p>El Grupo Nacional de Referencia de la Sociedad Civil de la iniciativa Spotlight, dio a conocer este jueves, los resultados de la selecci\u00f3n de las representantes de las organizaciones de la sociedad civil que participaran en esta estrategia. \ufeff<\/p>\n","protected":false},"author":3,"featured_media":10445,"comment_status":"open","ping_status":"open","sticky":false,"template":"","format":"standard","meta":{"_monsterinsights_skip_tracking":false,"footnotes":""},"categories":[690,54],"tags":[],"class_list":["post-10444","post","type-post","status-publish","format-standard","has-post-thumbnail","category-690","category-mujeres"],"_links":{"self":[{"href":"https:\/\/redsemlac.com\/semmexico\/wp-json\/wp\/v2\/posts\/10444","targetHints":{"allow":["GET"]}}],"collection":[{"href":"https:\/\/redsemlac.com\/semmexico\/wp-json\/wp\/v2\/posts"}],"about":[{"href":"https:\/\/redsemlac.com\/semmexico\/wp-json\/wp\/v2\/types\/post"}],"author":[{"embeddable":true,"href":"https:\/\/redsemlac.com\/semmexico\/wp-json\/wp\/v2\/users\/3"}],"replies":[{"embeddable":true,"href":"https:\/\/redsemlac.com\/semmexico\/wp-json\/wp\/v2\/comments?post=10444"}],"version-history":[{"count":0,"href":"https:\/\/redsemlac.com\/semmexico\/wp-json\/wp\/v2\/posts\/10444\/revisions"}],"wp:featuredmedia":[{"embeddable":true,"href":"https:\/\/redsemlac.com\/semmexico\/wp-json\/wp\/v2\/media\/10445"}],"wp:attachment":[{"href":"https:\/\/redsemlac.com\/semmexico\/wp-json\/wp\/v2\/media?parent=10444"}],"wp:term":[{"taxonomy":"category","embeddable":true,"href":"https:\/\/redsemlac.com\/semmexico\/wp-json\/wp\/v2\/categories?post=10444"},{"taxonomy":"post_tag","embeddable":true,"href":"https:\/\/redsemlac.com\/semmexico\/wp-json\/wp\/v2\/tags?post=10444"}],"curies":[{"name":"wp","href":"https:\/\/api.w.org\/{rel}","templated":true}]}}