{"id":104412,"date":"2026-04-08T18:55:11","date_gmt":"2026-04-09T00:55:11","guid":{"rendered":"https:\/\/redsemlac.com\/semmexico\/?p=104412"},"modified":"2026-04-08T21:20:24","modified_gmt":"2026-04-09T03:20:24","slug":"comunidad-de-eloxochitlan-de-flores-magon-gana-amparo-definitivo-contra-200-ordenes-de-aprehension","status":"publish","type":"post","link":"https:\/\/redsemlac.com\/semmexico\/comunidad-de-eloxochitlan-de-flores-magon-gana-amparo-definitivo-contra-200-ordenes-de-aprehension\/","title":{"rendered":"Comunidad de Eloxochitl\u00e1n de Flores Mag\u00f3n gana amparo definitivo contra 200 \u00f3rdenes de aprehensi\u00f3n"},"content":{"rendered":"\n<p class=\"wp-block-paragraph\">Exigen que se cumpla de forma inmediata el amparo y que termine la criminalizaci\u00f3n del pueblo mazateco.<br>Amparo definitivo, un hito en la lucha por la libre determinaci\u00f3n de los pueblos originarios.<\/p>\n\n\n\n<p class=\"wp-block-paragraph\"><strong>Redacci\u00f3n<\/strong><br>SemM\u00e9xico, Oaxaca, 8 de abril de 2026.- Un amparo definitivo contra las 200 \u00f3rdenes de aprehensi\u00f3n emitidas ilegalmente contra 50 personas defensoras de la autonom\u00eda y del territorio fue anunciado hoy por la comunidad mazateca de Eloxochitl\u00e1n de Flores Mag\u00f3n, cuyos integrantes calificaron este hecho como \u201cun acto de justicia que marca un hito en la lucha por la libre determinaci\u00f3n de los pueblos originarios\u201d.<\/p>\n\n\n\n<p class=\"wp-block-paragraph\">En conferencia de prensa, esta ma\u00f1ana Argelia Betanzos, una de las voceras y defensora, demand\u00f3 el cumplimiento inmediato del amparo definitivo, por lo que solicit\u00f3 que la Segunda Sala Penal de Oaxaca cancele las \u00f3rdenes de aprehensi\u00f3n contra las 50 personas mazatecas.<\/p>\n\n\n\n<p class=\"wp-block-paragraph\">Tambi\u00e9n pidieron el cese de la criminalizaci\u00f3n, por lo que llamaron a la Fiscal\u00eda General de Oaxaca a desistirse de todas las acusaciones restantes, tras la rotunda demostraci\u00f3n de la fabricaci\u00f3n de delitos.<\/p>\n\n\n\n<p class=\"wp-block-paragraph\">Reiteraron la exigencia de \u201cdestituci\u00f3n\u201d de la diputada Elisa Zepeda y que se detenga la complicidad del gobernador Salom\u00f3n Jara en las violaciones a los derechos humanos de la comunidad.<\/p>\n\n\n\n<p class=\"wp-block-paragraph\">Asimismo, advirtieron que no descansar\u00e1n hasta que todas y todos sus integrantes est\u00e9n totalmente libres, recordando que \u00abEloxochitl\u00e1n no es del cacique Manuel Zepeda ni de los gobernadores de Oaxaca\u00bb, sino de sus habitantes y de sus ancestros.<\/p>\n\n\n\n<p class=\"wp-block-paragraph\">\u00abHemos logrado ganar, luchando desde el coraz\u00f3n, desde las calles y desde la solidaridad. No vamos a descansar hasta que estemos totalmente libres\u00bb. Agradecieron la representaci\u00f3n jur\u00eddica del Instituto Federal de la Defensor\u00eda P\u00fablica, un derecho que las mujeres mazatecas ganaron en el a\u00f1o 2022, tras establecer un plant\u00f3n de dos a\u00f1os y medio y demostrar ante las autoridades federales la serie de violaciones al debido proceso y la fabricaci\u00f3n de delitos.<\/p>\n\n\n\n<p class=\"wp-block-paragraph\">Por ello, Betanzos sostuvo que el amparo directo que ganaron se celebra con mucha alegr\u00eda, ya que han enfrentado una d\u00e9cada de persecuci\u00f3n y fabricaci\u00f3n de delitos.<\/p>\n\n\n\n<p class=\"wp-block-paragraph\">Esta victoria jur\u00eddica ocurre tras m\u00e1s de diez a\u00f1os de recrudecimiento de la persecuci\u00f3n pol\u00edtica. El 31 de marzo de 2025, la Segunda Sala Penal del Tribunal Superior de Justicia de Oaxaca libr\u00f3 estas \u00f3rdenes de aprehensi\u00f3n vinculadas al expediente 16\/2016, ignorando al menos nueve resoluciones previas que ya hab\u00edan establecido la inexistencia de los delitos imputados.<\/p>\n\n\n\n<p class=\"wp-block-paragraph\">Se\u00f1alan que la comunidad y observadores de derechos humanos han identificado que el trasfondo de esta criminalizaci\u00f3n es el saqueo de los recursos naturales, espec\u00edficamente la extracci\u00f3n ilegal de piedra y arena del r\u00edo por parte del cacique Manuel Zepeda, padre de la ya dos veces diputada morenista y exsecretaria de la Mujer, Elisa Zepeda Lagunas, en el gobierno de Salom\u00f3n Jara Cruz, \u201cquien lleva saqueando el r\u00edo durante los mismos a\u00f1os de la persecuci\u00f3n contra la comunidad\u201d.<\/p>\n\n\n\n<p class=\"wp-block-paragraph\">El amparo directo los absuelve de acusaciones que inclu\u00edan robo calificado e incendio, las cuales han sido expuestas por expertos legales como log\u00edsticamente irracionales e imposibles. Del an\u00e1lisis l\u00f3gico y racional se concluye que es f\u00edsicamente imposible para un grupo de personas sustraer m\u00e1s de 2.7 toneladas de mercanc\u00eda (incluyendo m\u00e1s de una tonelada de l\u00e1cteos y granos) sin certeza de c\u00f3mo fueron transportadas o almacenadas en un lapso de 80 minutos, para luego, supuestamente, incendiar distintos lugares y adem\u00e1s cometer otros delitos de alto impacto.<\/p>\n\n\n\n<p class=\"wp-block-paragraph\">Betanzos explic\u00f3 que, para las familias de Eloxochitl\u00e1n, esta persecuci\u00f3n no ha sido solo legal, sino un intento de etnocidio y una \u00abtortura psicol\u00f3gica\u00bb constante. Se\u00f1al\u00f3: \u00abComemos, vivimos pensando en el caso&#8230; es una tortura psicol\u00f3gica. Ya es una l\u00ednea intencional [del gobierno] para el saqueo de nuestro territorio; la idea no es exclusiva de Elisa, es del gobierno, porque ellos le pagan&#8230; se coluden para la compra de voluntades tanto de autoridades como de las comunidades de la regi\u00f3n\u00bb.<\/p>\n\n\n\n<p class=\"wp-block-paragraph\">En su testimonio, la maestra Eusebia se\u00f1al\u00f3: \u00abNos ven como estorbos, quieren que dejemos todo y nos vayamos. Somos estorbos para ellos y por eso nos est\u00e1n torturando ya m\u00e1s de 10 a\u00f1os&#8230; pero se equivocaron, porque teniendo a nuestros familiares, \u00bfpoco nos \u00edbamos a quedar con los brazos cruzados?\u00bb.<\/p>\n\n\n\n<p class=\"wp-block-paragraph\">Fernando Gavito apunt\u00f3: \u00abDesde hace 12 a\u00f1os venimos arrastrando esta situaci\u00f3n&#8230; el propio gobernador nada m\u00e1s se hace tonto&#8230; utilizan nuestros recursos para hacernos da\u00f1o\u00bb. Por su parte, el profesor Jaime relat\u00f3: \u00abEste es un caso in\u00e9dito, pasa a la historia de la persecuci\u00f3n irracional contra una comunidad\u00bb.<\/p>\n\n\n\n<p class=\"wp-block-paragraph\"><strong>El amparo ganado: el fin de la mentira jur\u00eddica<\/strong><\/p>\n\n\n\n<p class=\"wp-block-paragraph\">La resoluci\u00f3n del juicio 941\/2025, emitida por la jueza Sexta de Distrito de Boca del R\u00edo, Veracruz, Alba Lorena Barrales Oviedo, ha concedido la protecci\u00f3n de la justicia federal al reconocer que las \u00f3rdenes de aprehensi\u00f3n carec\u00edan de sustento, al establecer que la Segunda Sala del Tribunal Superior de Justicia del Estado de Oaxaca culp\u00f3 a las y los mazatecos sin lograr demostrar que realmente existieran los delitos que la Fiscal\u00eda consign\u00f3.<\/p>\n\n\n\n<p class=\"wp-block-paragraph\">Esta decisi\u00f3n es congruente con la reciente sentencia hist\u00f3rica a favor del antrop\u00f3logo Miguel Peralta, donde se demostr\u00f3 que los se\u00f1alamientos en su contra eran gen\u00e9ricos, vagos y carentes de fiabilidad probatoria. Los magistrados federales han confirmado que no se pueden sostener condenas basadas en relatos inveros\u00edmiles, testimonios contradictorios y en la falta de individualizaci\u00f3n de las conductas.<\/p>\n\n\n\n<p class=\"wp-block-paragraph\">SEM\/sj<\/p>\n\n\n\n<figure class=\"wp-block-image size-large\"><a href=\"https:\/\/redsemlac.com\/semmexico\/wp-content\/uploads\/2026\/04\/WhatsApp-Image-2026-04-08-at-6.53.39-PM.jpeg\"><img loading=\"lazy\" decoding=\"async\" width=\"1024\" height=\"477\" src=\"https:\/\/redsemlac.com\/semmexico\/wp-content\/uploads\/2026\/04\/WhatsApp-Image-2026-04-08-at-6.53.39-PM-1024x477.jpeg\" alt=\"\" class=\"wp-image-104413\" srcset=\"https:\/\/redsemlac.com\/semmexico\/wp-content\/uploads\/2026\/04\/WhatsApp-Image-2026-04-08-at-6.53.39-PM-1024x477.jpeg 1024w, https:\/\/redsemlac.com\/semmexico\/wp-content\/uploads\/2026\/04\/WhatsApp-Image-2026-04-08-at-6.53.39-PM-300x140.jpeg 300w, https:\/\/redsemlac.com\/semmexico\/wp-content\/uploads\/2026\/04\/WhatsApp-Image-2026-04-08-at-6.53.39-PM-768x358.jpeg 768w, https:\/\/redsemlac.com\/semmexico\/wp-content\/uploads\/2026\/04\/WhatsApp-Image-2026-04-08-at-6.53.39-PM-150x70.jpeg 150w, https:\/\/redsemlac.com\/semmexico\/wp-content\/uploads\/2026\/04\/WhatsApp-Image-2026-04-08-at-6.53.39-PM-696x324.jpeg 696w, https:\/\/redsemlac.com\/semmexico\/wp-content\/uploads\/2026\/04\/WhatsApp-Image-2026-04-08-at-6.53.39-PM-1068x498.jpeg 1068w, https:\/\/redsemlac.com\/semmexico\/wp-content\/uploads\/2026\/04\/WhatsApp-Image-2026-04-08-at-6.53.39-PM.jpeg 1210w\" sizes=\"auto, (max-width: 1024px) 100vw, 1024px\" \/><\/a><\/figure>\n","protected":false},"excerpt":{"rendered":"<p>Exigen que se cumpla de forma inmediata el amparo y que termine la criminalizaci\u00f3n del pueblo mazateco.Amparo definitivo, un hito en la lucha por la libre determinaci\u00f3n de los pueblos originarios. Redacci\u00f3nSemM\u00e9xico, Oaxaca, 8 de abril de 2026.- Un amparo definitivo contra las 200 \u00f3rdenes de aprehensi\u00f3n emitidas ilegalmente contra 50 personas defensoras de la [&hellip;]<\/p>\n","protected":false},"author":3,"featured_media":0,"comment_status":"open","ping_status":"open","sticky":false,"template":"","format":"standard","meta":{"_monsterinsights_skip_tracking":false,"footnotes":""},"categories":[700],"tags":[],"class_list":["post-104412","post","type-post","status-publish","format-standard","category-estados"],"_links":{"self":[{"href":"https:\/\/redsemlac.com\/semmexico\/wp-json\/wp\/v2\/posts\/104412","targetHints":{"allow":["GET"]}}],"collection":[{"href":"https:\/\/redsemlac.com\/semmexico\/wp-json\/wp\/v2\/posts"}],"about":[{"href":"https:\/\/redsemlac.com\/semmexico\/wp-json\/wp\/v2\/types\/post"}],"author":[{"embeddable":true,"href":"https:\/\/redsemlac.com\/semmexico\/wp-json\/wp\/v2\/users\/3"}],"replies":[{"embeddable":true,"href":"https:\/\/redsemlac.com\/semmexico\/wp-json\/wp\/v2\/comments?post=104412"}],"version-history":[{"count":0,"href":"https:\/\/redsemlac.com\/semmexico\/wp-json\/wp\/v2\/posts\/104412\/revisions"}],"wp:attachment":[{"href":"https:\/\/redsemlac.com\/semmexico\/wp-json\/wp\/v2\/media?parent=104412"}],"wp:term":[{"taxonomy":"category","embeddable":true,"href":"https:\/\/redsemlac.com\/semmexico\/wp-json\/wp\/v2\/categories?post=104412"},{"taxonomy":"post_tag","embeddable":true,"href":"https:\/\/redsemlac.com\/semmexico\/wp-json\/wp\/v2\/tags?post=104412"}],"curies":[{"name":"wp","href":"https:\/\/api.w.org\/{rel}","templated":true}]}}