{"id":10440,"date":"2019-08-02T15:35:29","date_gmt":"2019-08-02T15:35:29","guid":{"rendered":"https:\/\/redsemlac.com\/semmexico\/?p=10440"},"modified":"2023-07-21T14:51:56","modified_gmt":"2023-07-21T19:51:56","slug":"fortalecen-presencia-del-legislativo-en-el-sistema-estatal-para-la-igualdad-entre-mujeres-y-hombres-en-el-edomex","status":"publish","type":"post","link":"https:\/\/redsemlac.com\/semmexico\/fortalecen-presencia-del-legislativo-en-el-sistema-estatal-para-la-igualdad-entre-mujeres-y-hombres-en-el-edomex\/","title":{"rendered":"Fortalecen presencia del legislativo en el Sistema Estatal para la Igualdad entre Mujeres y Hombres en el EDOMEX"},"content":{"rendered":"\n<p class=\"wp-block-paragraph\"><strong> El dictamen, consigna que la representaci\u00f3n legislativa en el Sistema ser\u00e1 a trav\u00e9s de las presidencias de las Comisiones Legislativas Para la Igualdad de G\u00e9nero.<\/strong><\/p>\n\n\n\n<p class=\"wp-block-paragraph\"><strong>Redacci\u00f3n<\/strong><\/p>\n\n\n\n<p class=\"wp-block-paragraph\">SemM\u00e9xico. Toluca. 2 de agosto de 2019.- Para ampliar la participaci\u00f3n de las y los diputados locales en el Sistema Estatal para la Igualdad de Trato y Oportunidades entre Mujeres y Hombres y para Prevenir, Atender, Sancionar y Erradicar la Violencia contra las Mujeres, la 60 Legislatura mexiquense aprob\u00f3 por unanimidad reformas propuestas por la diputada Karina Labastida Sotelo (morena).<\/p>\n\n\n\n<p class=\"wp-block-paragraph\">El dictamen, le\u00eddo por la propia Karina Labastida, consigna que la representaci\u00f3n legislativa en el Sistema ser\u00e1 \u201ca trav\u00e9s de las presidencias de las Comisiones Legislativas Para la Igualdad de G\u00e9nero y, en su caso, de la o las Comisiones Especiales que se relacionen con el objeto y atribuciones del Sistema Estatal\u201d, por ser los \u00f3rganos competentes en relaci\u00f3n con estos asuntos.<\/p>\n\n\n\n<p class=\"wp-block-paragraph\">La exposici\u00f3n de motivos de la iniciativa se\u00f1ala que, desde su origen en 2010, el Sistema Estatal cont\u00f3 en su estructura con un representante de la que entonces se denominaba \u2018Comisi\u00f3n de Equidad y G\u00e9nero\u2019 de la Legislatura, denominaci\u00f3n que cambi\u00f3 en 2013 por la de \u2018Para la Igualdad de G\u00e9nero\u2019, que actualmente es presidida por la legisladora Guadalupe Mariana Uribe Bernal (morena), sin que se realizaran los ajustes en las dos leyes citadas, lo cual ocurrir\u00e1 al ser publicado el decreto aprobado este d\u00eda.<\/p>\n\n\n\n<p class=\"wp-block-paragraph\">Por otro lado, la Comisi\u00f3n Especial para Combatir y Erradicar la Violencia Vinculada a los Feminicidios en el Estado de M\u00e9xico y Dar Seguimiento a las Acciones Derivadas de la Declaratoria de Alerta de Violencia de G\u00e9nero contra las Mujeres, que preside Labastida Sotelo, solo ten\u00eda ante el Sistema Estatal una calidad de invitada, lo cual limitaba su participaci\u00f3n, que ahora ser\u00e1 m\u00e1s amplia y permitir\u00e1 generar avances legislativos para una adecuada prevenci\u00f3n, erradicaci\u00f3n y sanci\u00f3n de la m\u00e1xima expresi\u00f3n de la violencia hacia la mujer, que es la feminicida.<\/p>\n\n\n\n<p class=\"wp-block-paragraph\">La propuesta signific\u00f3 reformas a los art\u00edculos 35 de la Ley de Acceso de las Mujeres a una Vida Libre de Violencia y 11 de la Ley de Igualdad de Trato y Oportunidades entre Mujeres y Hombres del Estado de M\u00e9xico.<\/p>\n\n\n\n<p class=\"wp-block-paragraph\">SEM\/GR<\/p>\n","protected":false},"excerpt":{"rendered":"<p> El dictamen, consigna que la representaci\u00f3n legislativa en el Sistema ser\u00e1 \u201ca trav\u00e9s de las presidencias de las Comisiones Legislativas Para la Igualdad de G\u00e9nero.<\/p>\n","protected":false},"author":3,"featured_media":10441,"comment_status":"open","ping_status":"open","sticky":false,"template":"","format":"standard","meta":{"_monsterinsights_skip_tracking":false,"footnotes":""},"categories":[690,50],"tags":[],"class_list":["post-10440","post","type-post","status-publish","format-standard","has-post-thumbnail","category-690","category-congreso"],"_links":{"self":[{"href":"https:\/\/redsemlac.com\/semmexico\/wp-json\/wp\/v2\/posts\/10440","targetHints":{"allow":["GET"]}}],"collection":[{"href":"https:\/\/redsemlac.com\/semmexico\/wp-json\/wp\/v2\/posts"}],"about":[{"href":"https:\/\/redsemlac.com\/semmexico\/wp-json\/wp\/v2\/types\/post"}],"author":[{"embeddable":true,"href":"https:\/\/redsemlac.com\/semmexico\/wp-json\/wp\/v2\/users\/3"}],"replies":[{"embeddable":true,"href":"https:\/\/redsemlac.com\/semmexico\/wp-json\/wp\/v2\/comments?post=10440"}],"version-history":[{"count":0,"href":"https:\/\/redsemlac.com\/semmexico\/wp-json\/wp\/v2\/posts\/10440\/revisions"}],"wp:featuredmedia":[{"embeddable":true,"href":"https:\/\/redsemlac.com\/semmexico\/wp-json\/wp\/v2\/media\/10441"}],"wp:attachment":[{"href":"https:\/\/redsemlac.com\/semmexico\/wp-json\/wp\/v2\/media?parent=10440"}],"wp:term":[{"taxonomy":"category","embeddable":true,"href":"https:\/\/redsemlac.com\/semmexico\/wp-json\/wp\/v2\/categories?post=10440"},{"taxonomy":"post_tag","embeddable":true,"href":"https:\/\/redsemlac.com\/semmexico\/wp-json\/wp\/v2\/tags?post=10440"}],"curies":[{"name":"wp","href":"https:\/\/api.w.org\/{rel}","templated":true}]}}