{"id":10437,"date":"2019-08-02T15:30:21","date_gmt":"2019-08-02T15:30:21","guid":{"rendered":"https:\/\/redsemlac.com\/semmexico\/?p=10437"},"modified":"2023-07-21T14:51:56","modified_gmt":"2023-07-21T19:51:56","slug":"propone-morena-despenalizar-aborto-en-el-edomex","status":"publish","type":"post","link":"https:\/\/redsemlac.com\/semmexico\/propone-morena-despenalizar-aborto-en-el-edomex\/","title":{"rendered":"Propone Morena despenalizar aborto en el EDOMEX"},"content":{"rendered":"\n<p class=\"wp-block-paragraph\"> <strong>Al exponer los motivos de la iniciativa, la diputada N\u00e1poles Pacheco destac\u00f3 que al momento de legislar en torno a este asunto debe tomarse en cuenta la desprotecci\u00f3n de las mujeres que se encuentran en situaci\u00f3n de vulnerabilidad.<\/strong><\/p>\n\n\n\n<p class=\"wp-block-paragraph\"><strong>Redacci\u00f3n<\/strong><\/p>\n\n\n\n<p class=\"wp-block-paragraph\">SemM\u00e9xico. Toluca, 2 de agosto de 2019.- Despenalizar la interrupci\u00f3n del embarazo antes de la conclusi\u00f3n de la d\u00e9cima segunda semana de gestaci\u00f3n, propuso el Grupo Parlamentario de Morena a la 60 Legislatura estatal, a trav\u00e9s de las diputadas Nancy N\u00e1poles Pacheco, Mar\u00eda de Jes\u00fas Galicia Ramos y Mar\u00eda del Rosario Elizalde V\u00e1zquez.<\/p>\n\n\n\n<p class=\"wp-block-paragraph\">Nancy N\u00e1poles, al leer en tribuna la iniciativa, subray\u00f3 que as\u00ed la bancada de Morena reconoce el problema que viven las mujeres mexiquenses por la pr\u00e1ctica de abortos inseguros, que son la cuarta causa de muerte femenina en el pa\u00eds, lo cual implica \u2014recalc\u00f3\u2014 que es una cuesti\u00f3n de salud p\u00fablica.<\/p>\n\n\n\n<p class=\"wp-block-paragraph\">Se trata, dijo, de una realidad social que, m\u00e1s all\u00e1 de la polarizaci\u00f3n, \u201csupera las pol\u00edticas p\u00fablicas del Estado y las diversas convicciones religiosas\u201d, de ah\u00ed que los argumentos que sustentan la interrupci\u00f3n legal, segura y gratuita del embarazo \u201cse plantean principalmente para salvaguardar la salud de las mujeres, derecho referido en el art\u00edculo 4\u00ba de la Constituci\u00f3n Pol\u00edtica Federal\u201d, detall\u00f3.<\/p>\n\n\n\n<p class=\"wp-block-paragraph\">Al exponer los motivos de la iniciativa, la diputada N\u00e1poles Pacheco destac\u00f3 que al momento de legislar en torno a este asunto debe tomarse en cuenta la desprotecci\u00f3n de las mujeres que se encuentran en situaci\u00f3n de vulnerabilidad y que tienen un acceso restringido o nulo a servicios p\u00fablicos de calidad, tanto educativos como de salud, situaci\u00f3n que compete al Estado atender con reformas integrales que garanticen una correcta protecci\u00f3n de los derechos.<\/p>\n\n\n\n<p class=\"wp-block-paragraph\">Cit\u00f3 adem\u00e1s datos del apartado de Incidencia Delictiva del Fuero Com\u00fan 2018 del Secretariado Ejecutivo del Sistema Nacional de Seguridad P\u00fablica, los cuales revelan que, de 575 procesos de investigaci\u00f3n iniciados por el delito de aborto en el pa\u00eds, el Estado de M\u00e9xico present\u00f3 79, situ\u00e1ndose en primer lugar nacional; de enero a abril de este a\u00f1o han sido 43 casos.<\/p>\n\n\n\n<p class=\"wp-block-paragraph\">De acuerdo con las reformas al C\u00f3digo Penal del Estado de M\u00e9xico planteadas por Morena, cometer\u00eda el delito de aborto \u201cla mujer que interrumpa su embarazo despu\u00e9s de la d\u00e9cima segunda semana de gestaci\u00f3n o que consienta que otra persona la haga abortar una vez transcurrida dicha semana\u201d.<\/p>\n\n\n\n<p class=\"wp-block-paragraph\">En este caso, las penas ser\u00edan de seis meses a un a\u00f1o de prisi\u00f3n o multa de 50 a 200 d\u00edas, \u00e9sta podr\u00eda conmutarse por trabajo a favor de la comunidad. Adem\u00e1s, la mujer en esta circunstancia recibir\u00e1 atenci\u00f3n integral con perspectiva de g\u00e9nero y ser\u00e1 canalizada a las unidades del Consejo Estatal de la Mujer y Bienestar Social.<\/p>\n\n\n\n<p class=\"wp-block-paragraph\">Cometer\u00eda este delito tambi\u00e9n, seg\u00fan la iniciativa, quien interrumpa el embarazo, despu\u00e9s de las 12 semanas, con consentimiento de la mujer, y tendr\u00e1 una pena de seis meses a un a\u00f1o de prisi\u00f3n.<\/p>\n\n\n\n<p class=\"wp-block-paragraph\">Si no hay consentimiento de la mujer, el delito existe en cualquier momento del embarazo y se castigar\u00e1 con tres a seis a\u00f1os de prisi\u00f3n; si hay violencia moral o f\u00edsica, la pena se incrementar\u00eda hasta los ocho a\u00f1os.<\/p>\n\n\n\n<p class=\"wp-block-paragraph\">Actualmente, el C\u00f3digo considera como delito el aborto en cualquier momento del embarazo, con penas de tres a ocho a\u00f1os de prisi\u00f3n y de 50 a 400 d\u00edas-multa a quien lo provoque, o de uno a tres a\u00f1os de c\u00e1rcel a la mujer que lo practique o lo consienta, y de seis meses a dos a\u00f1os si lo hace \u201cpara ocultar su deshonra\u201d.<\/p>\n\n\n\n<p class=\"wp-block-paragraph\">La propuesta morenista elimina este concepto y mantiene, con ciertas precisiones, como excluyentes de responsabilidad penal el que el aborto sea resultado de una acci\u00f3n culposa de la mujer; que el embarazo sea resultado de una violaci\u00f3n \u2014y, agrega, si lo es de la implantaci\u00f3n de un \u00f3vulo fecundado sin el consentimiento de ella\u2014; que la mujer embarazada corra peligro de muerte o afectaci\u00f3n de su salud, a juicio del personal m\u00e9dico que la asista \u2014sin que se necesite el dictamen de otro m\u00e9dico, como actualmente se consigna en el C\u00f3digo\u2014.<\/p>\n\n\n\n<p class=\"wp-block-paragraph\">Una \u00faltima excluyente se refiere a cuando, a juicio de un m\u00e9dico especialista \u2014y no de dos\u2014 exista prueba suficiente para diagnosticar que el producto sufre alteraciones gen\u00e9ticas o cong\u00e9nitas que puedan dar por resultado el nacimiento de un ser con trastornos f\u00edsicos o mentales graves, siempre y cuando se cuente con el consentimiento de la mujer embarazada.<\/p>\n\n\n\n<p class=\"wp-block-paragraph\">De aprobarse las reformas, el personal m\u00e9dico tendr\u00eda adem\u00e1s la obligaci\u00f3n de proporcionar a la mujer informaci\u00f3n objetiva, veraz, suficiente y oportuna sobre los procedimientos, riesgos, consecuencias y efectos de la interrupci\u00f3n de su embarazo; as\u00ed como de los apoyos y alternativas existentes, para que pueda tomar la decisi\u00f3n de manera libre, informada y responsable.<\/p>\n\n\n\n<p class=\"wp-block-paragraph\">Las adecuaciones legales propuestas tocan tambi\u00e9n el C\u00f3digo Administrativo, en su apartado relativo a la salud, para que sea el Sistema Estatal de Salud el que preste el servicio de interrupci\u00f3n legal del embarazo de manera gratuita y segura, aun cuando la mujer cuente con otro servicio de salud p\u00fablico, social o privado, y deber\u00e1 hacerlo en no m\u00e1s de cinco d\u00edas contados a partir del siguiente a que una mujer lo solicite; adem\u00e1s, los prestadores del servicio (personas f\u00edsicas o morales de los sectores p\u00fablico, social y privado) deber\u00e1n brindarle informaci\u00f3n imparcial, cient\u00edfica, clara y suficiente sobre procedimientos, riesgos y alternativas, entre ellas la adopci\u00f3n.<\/p>\n\n\n\n<p class=\"wp-block-paragraph\">En su argumentaci\u00f3n, la diputada N\u00e1poles Pacheco hizo \u00e9nfasis en que \u201cel aborto es una de las decisiones m\u00e1s personales e \u00edntimas que puede tomar una mujer. S\u00f3lo la mujer embarazada puede discernir la trascendencia de ser madre y las razones por las que prefiere tomar la dif\u00edcil decisi\u00f3n de abortar. Se trata de una decisi\u00f3n que deber\u00eda tomarse sin la presi\u00f3n de las concepciones sociales que obligan a las mujeres a satisfacer un rol de g\u00e9nero y a cumplir con el destino de ser madres\u201d.<\/p>\n\n\n\n<p class=\"wp-block-paragraph\">En M\u00e9xico, se\u00f1al\u00f3 la legisladora, como el aborto est\u00e1 prohibido y penalizado, se dificulta la obtenci\u00f3n de informaci\u00f3n confiable para precisar el n\u00famero de incidencias del aborto clandestino, pero el IMSS estima que en 2016 tuvo un total de 65 mil 996 hospitalizaciones por complicaci\u00f3n de abortos en sus cl\u00ednicas y que aproximadamente 11 de cada 100 hospitalizaciones relacionadas con el embarazo y parto se deben a dificultades por esa causa.<\/p>\n\n\n\n<p class=\"wp-block-paragraph\">Por otro lado, y llamando la atenci\u00f3n hacia un sector de alta vulnerabilidad, la congresista record\u00f3 que en 2017 el INEGI report\u00f3 que 390 mil ni\u00f1as y adolescentes se convirtieron en madres, en tanto que el Inmujeres encontr\u00f3 que 48.4% de las adolescentes que se embarazaron ese a\u00f1o no quer\u00edan que ocurriera.<\/p>\n\n\n\n<p class=\"wp-block-paragraph\">Para su dictamen, la iniciativa se remiti\u00f3 a las comisiones legislativas de Gobernaci\u00f3n y Puntos Constitucionales, Procuraci\u00f3n y Administraci\u00f3n de Justicia y de Salud, Asistencia y Bienestar Social.<\/p>\n\n\n\n<p class=\"wp-block-paragraph\">La diputada agradeci\u00f3 a representantes de los colectivos DDSER Estado de M\u00e9xico, Cat\u00f3licas por el Derecho a Decidir, GIRE, Democracia y Sexualidad, IPaz M\u00e9xico, Socialis, Organizaci\u00f3n Redefine Estado de M\u00e9xico por su presencia en la sesi\u00f3n y su acompa\u00f1amiento en el trabajo de investigaci\u00f3n para la redacci\u00f3n de la iniciativa.<\/p>\n\n\n\n<p class=\"wp-block-paragraph\">SEM\/GR<\/p>\n","protected":false},"excerpt":{"rendered":"<p>Al exponer los motivos de la iniciativa, la diputada N\u00e1poles Pacheco destac\u00f3 que al momento de legislar en torno a este asunto debe tomarse en cuenta la desprotecci\u00f3n de las mujeres que se encuentran en situaci\u00f3n de vulnerabilidad <\/p>\n","protected":false},"author":3,"featured_media":10438,"comment_status":"open","ping_status":"open","sticky":false,"template":"","format":"standard","meta":{"_monsterinsights_skip_tracking":false,"footnotes":""},"categories":[690,50],"tags":[],"class_list":["post-10437","post","type-post","status-publish","format-standard","has-post-thumbnail","category-690","category-congreso"],"_links":{"self":[{"href":"https:\/\/redsemlac.com\/semmexico\/wp-json\/wp\/v2\/posts\/10437","targetHints":{"allow":["GET"]}}],"collection":[{"href":"https:\/\/redsemlac.com\/semmexico\/wp-json\/wp\/v2\/posts"}],"about":[{"href":"https:\/\/redsemlac.com\/semmexico\/wp-json\/wp\/v2\/types\/post"}],"author":[{"embeddable":true,"href":"https:\/\/redsemlac.com\/semmexico\/wp-json\/wp\/v2\/users\/3"}],"replies":[{"embeddable":true,"href":"https:\/\/redsemlac.com\/semmexico\/wp-json\/wp\/v2\/comments?post=10437"}],"version-history":[{"count":0,"href":"https:\/\/redsemlac.com\/semmexico\/wp-json\/wp\/v2\/posts\/10437\/revisions"}],"wp:featuredmedia":[{"embeddable":true,"href":"https:\/\/redsemlac.com\/semmexico\/wp-json\/wp\/v2\/media\/10438"}],"wp:attachment":[{"href":"https:\/\/redsemlac.com\/semmexico\/wp-json\/wp\/v2\/media?parent=10437"}],"wp:term":[{"taxonomy":"category","embeddable":true,"href":"https:\/\/redsemlac.com\/semmexico\/wp-json\/wp\/v2\/categories?post=10437"},{"taxonomy":"post_tag","embeddable":true,"href":"https:\/\/redsemlac.com\/semmexico\/wp-json\/wp\/v2\/tags?post=10437"}],"curies":[{"name":"wp","href":"https:\/\/api.w.org\/{rel}","templated":true}]}}