{"id":104343,"date":"2026-04-06T17:38:05","date_gmt":"2026-04-06T23:38:05","guid":{"rendered":"https:\/\/redsemlac.com\/semmexico\/?p=104343"},"modified":"2026-04-06T17:38:05","modified_gmt":"2026-04-06T23:38:05","slug":"desaparicion-forzada-crisis-innegable","status":"publish","type":"post","link":"https:\/\/redsemlac.com\/semmexico\/desaparicion-forzada-crisis-innegable\/","title":{"rendered":"Desaparici\u00f3n forzada: crisis innegable"},"content":{"rendered":"\n<p class=\"wp-block-paragraph\">Ang\u00e9lica de la Pe\u00f1a<\/p>\n\n\n\n<p class=\"wp-block-paragraph\">SemM\u00e9xico, Ciudad de M\u00e9xico, 6 de abril, 2026.- No entiendo al gobierno de&nbsp;<strong>Claudia Sheinbaum<\/strong>. Infravalorar y desatender la crisis de la&nbsp;<strong>desaparici\u00f3n forzada<\/strong>&nbsp;ha quedado evidenciado por el<strong>&nbsp;Comit\u00e9 de las Naciones Unidas contra la Desaparici\u00f3n Forzada (CED)<\/strong>&nbsp;integrado por expertos independientes. En lugar de estar a la defensiva la presidenta debi\u00f3 asumir las consecuencias de no atender todas las recomendaciones que este Comit\u00e9 le ha endosado a M\u00e9xico.<\/p>\n\n\n\n<p class=\"wp-block-paragraph\">Hoy el Comit\u00e9 ha decidido solicitarle al&nbsp;<strong>secretario general de la ONU<\/strong>&nbsp;lleve con car\u00e1cter de urgente ante la&nbsp;<strong>Asamblea General<\/strong>, la situaci\u00f3n de las&nbsp;<strong>desapariciones forzadas en M\u00e9xico<\/strong>&nbsp;\u201cpara que considere medidas destinadas a apoyar al&nbsp;<strong>Estado,<\/strong>&nbsp;parte en la prevenci\u00f3n, investigaci\u00f3n, castigo y erradicaci\u00f3n de este crimen\u201d.<\/p>\n\n\n\n<p class=\"wp-block-paragraph\">El Comit\u00e9 verific\u00f3 el reclamo de miles de&nbsp;<strong>familias de personas desaparecidas <\/strong>en el marco de la Convenci\u00f3n Internacional para la&nbsp;<strong>Protecci\u00f3n de Todas las Personas contra las Desapariciones Forzadas en su art\u00edculo 34<\/strong>, desde abril de 2025. Por lo tanto, no pueden justificarse que ocurri\u00f3 con&nbsp;<strong>Calder\u00f3n o Pe\u00f1a<\/strong>, porque adem\u00e1s el CED en 2022 le dio al gobierno de&nbsp;<strong>L\u00f3pez Obrador<\/strong>&nbsp;85 recomendaciones a partir del an\u00e1lisis de la situaci\u00f3n agravada al desatender la exigencia de b\u00fasqueda, su prevenci\u00f3n y evitar siguiera la desaparici\u00f3n forzada al alza evidenciando una&nbsp;<strong>grave impunidad<\/strong>: la informaci\u00f3n fundamentada apunta a la&nbsp;<strong>participaci\u00f3n directa de funcionarios p\u00fablicos<\/strong>, o su autorizaci\u00f3n, apoyo o aquiescencia.<\/p>\n\n\n\n<p class=\"wp-block-paragraph\">En opini\u00f3n del Comit\u00e9 las autoridades est\u00e1n desbordadas por la magnitud de la crisis: el continuo&nbsp;<strong>hallazgo de miles de fosas<\/strong>&nbsp;y 72,000 restos humanos no identificados, por ejemplo. Y la<strong>&nbsp;desaparici\u00f3n forzada no para.<\/strong><\/p>\n\n\n\n<p class=\"wp-block-paragraph\">El CED se\u00f1al\u00f3 al Estado mexicano que las&nbsp;<strong>recomendaciones<\/strong>&nbsp;no fueron atendidas y ya la situaci\u00f3n mexicana avizora una situaci\u00f3n de&nbsp;<strong>cr\u00edmenes de lesa humanidad<\/strong>&nbsp;invocando el&nbsp;<strong>Estatuto de Roma<\/strong>: \u201cIndicios fundados de que se han perpetrado y se siguen perpetrando desapariciones forzadas en el contexto de varios ataques generalizados o sistem\u00e1ticos llevados a cabo, es decir como&nbsp;<strong>crimen de lesa humanidad<\/strong>\u201d, fue la conclusi\u00f3n contundente por parte del Comit\u00e9. M\u00e1s claro ni el agua de un manantial.<\/p>\n\n\n\n<p class=\"wp-block-paragraph\">Todo indica que desde<strong>&nbsp;Palacio Nacional<\/strong>&nbsp;no ponderaron la gravedad de la situaci\u00f3n, porque invocar por primera vez el&nbsp;<strong>art\u00edculo 34 de la Convenci\u00f3n<\/strong>&nbsp;en el mundo, muestra a nuestro pa\u00eds peor incluso que los pa\u00edses que est\u00e1n en guerra. En este contexto es inadmisible la reacci\u00f3n del gobierno de que es una<strong>&nbsp;injerencia arbitraria<\/strong>&nbsp;y no hay sustento en los reclamos.<\/p>\n\n\n\n<p class=\"wp-block-paragraph\">Los&nbsp;<strong>senadores de Morena<\/strong>&nbsp;al descalificar al Comit\u00e9 no miden la magnitud de las&nbsp;<strong>repercusiones internacionales<\/strong>&nbsp;que tendr\u00e1 nuestro pa\u00eds, que recaer\u00e1n precisamente en la titular del&nbsp;<strong>Poder Ejecutivo Federal<\/strong>, quien en lugar de reaccionar descalificando al&nbsp;<strong>Comit\u00e9 de Naciones Unidas<\/strong>, debi\u00f3 tomar medidas desde su gobierno como es su obligaci\u00f3n.<\/p>\n\n\n\n<p class=\"wp-block-paragraph\">Hoy decenas de&nbsp;<strong>colectivos de familiares y organizaciones<\/strong>&nbsp;solicitan un di\u00e1logo honesto y franco con el gobierno para que la b\u00fasqueda sea efectiva y se acepten las resoluciones que vendr\u00e1n desde la&nbsp;<strong>ONU<\/strong>. Su decisi\u00f3n no es una condena en contra del gobierno, se\u00f1alan en un comunicado, \u201csino un punto de partida para emprender&nbsp;<strong>soluciones contundentes<\/strong>&nbsp;de cara a una realidad que ya no puede ser desconocida\u201d.<\/p>\n\n\n\n<p class=\"wp-block-paragraph\">De la<strong>&nbsp;CNDH<\/strong>&nbsp;solo decir que es vergonzoso que su presidenta sea&nbsp;<strong>palera del r\u00e9gimen<\/strong>; este organismo se ha convertido en&nbsp;<strong>oficina de Morena.<\/strong><\/p>\n\n\n\n<ul class=\"wp-block-list\">\n<li>Defensora de derechos humanos<\/li>\n<\/ul>\n","protected":false},"excerpt":{"rendered":"<p>Ang\u00e9lica de la Pe\u00f1a SemM\u00e9xico, Ciudad de M\u00e9xico, 6 de abril, 2026.- No entiendo al gobierno de&nbsp;Claudia Sheinbaum. Infravalorar y desatender la crisis de la&nbsp;desaparici\u00f3n forzada&nbsp;ha quedado evidenciado por el&nbsp;Comit\u00e9 de las Naciones Unidas contra la Desaparici\u00f3n Forzada (CED)&nbsp;integrado por expertos independientes. En lugar de estar a la defensiva la presidenta debi\u00f3 asumir las consecuencias [&hellip;]<\/p>\n","protected":false},"author":3,"featured_media":70898,"comment_status":"open","ping_status":"open","sticky":false,"template":"","format":"standard","meta":{"_monsterinsights_skip_tracking":false,"footnotes":""},"categories":[725,35],"tags":[],"class_list":["post-104343","post","type-post","status-publish","format-standard","has-post-thumbnail","category-angelica-de-la-pena","category-opinion"],"_links":{"self":[{"href":"https:\/\/redsemlac.com\/semmexico\/wp-json\/wp\/v2\/posts\/104343","targetHints":{"allow":["GET"]}}],"collection":[{"href":"https:\/\/redsemlac.com\/semmexico\/wp-json\/wp\/v2\/posts"}],"about":[{"href":"https:\/\/redsemlac.com\/semmexico\/wp-json\/wp\/v2\/types\/post"}],"author":[{"embeddable":true,"href":"https:\/\/redsemlac.com\/semmexico\/wp-json\/wp\/v2\/users\/3"}],"replies":[{"embeddable":true,"href":"https:\/\/redsemlac.com\/semmexico\/wp-json\/wp\/v2\/comments?post=104343"}],"version-history":[{"count":0,"href":"https:\/\/redsemlac.com\/semmexico\/wp-json\/wp\/v2\/posts\/104343\/revisions"}],"wp:featuredmedia":[{"embeddable":true,"href":"https:\/\/redsemlac.com\/semmexico\/wp-json\/wp\/v2\/media\/70898"}],"wp:attachment":[{"href":"https:\/\/redsemlac.com\/semmexico\/wp-json\/wp\/v2\/media?parent=104343"}],"wp:term":[{"taxonomy":"category","embeddable":true,"href":"https:\/\/redsemlac.com\/semmexico\/wp-json\/wp\/v2\/categories?post=104343"},{"taxonomy":"post_tag","embeddable":true,"href":"https:\/\/redsemlac.com\/semmexico\/wp-json\/wp\/v2\/tags?post=104343"}],"curies":[{"name":"wp","href":"https:\/\/api.w.org\/{rel}","templated":true}]}}