{"id":104333,"date":"2026-04-06T16:46:17","date_gmt":"2026-04-06T22:46:17","guid":{"rendered":"https:\/\/redsemlac.com\/semmexico\/?p=104333"},"modified":"2026-04-06T16:46:18","modified_gmt":"2026-04-06T22:46:18","slug":"cuba-mujeres-que-parten-mujeres-que-esperan","status":"publish","type":"post","link":"https:\/\/redsemlac.com\/semmexico\/cuba-mujeres-que-parten-mujeres-que-esperan\/","title":{"rendered":"Cuba: Mujeres que parten, mujeres que esperan"},"content":{"rendered":"\n<p class=\"wp-block-paragraph\">\u2022&nbsp;La migraci\u00f3n de una persona de la familia&nbsp;provocarestructuraciones que llevan al reparto de nuevos roles<\/p>\n\n\n\n<p class=\"wp-block-paragraph\">\u2022&nbsp;Cuando es una mujer la que se queda en Cuba, muchas veces asume un rol de proveedora<\/p>\n\n\n\n<p class=\"wp-block-paragraph\">Dixie Edith<\/p>\n\n\n\n<p class=\"wp-block-paragraph\">SemM\u00e9xico\/SEMlac,&nbsp;La Habana,&nbsp;6 de&nbsp;abril, 2026.- La migraci\u00f3n transforma hoy los hogares en Cuba, reconfigura&nbsp;<a href=\"https:\/\/www.redsemlac-cuba.net\/redsemlac\/sociedad-y-cultura\/la-nota-migracion-y-familias-mas-alla-de-las-fronteras-podcast\/\">las familias<\/a>&nbsp;y coloca muchas cargas sobre los hombros de las mujeres: las que se quedan, generalmente sostienen la dura cotidianidad de los hogares en medio de la crisis; las que se van reinventan la subsistencia, a veces desde cero.<\/p>\n\n\n\n<p class=\"wp-block-paragraph\"><br>Irina Ramos conoce muy bien esas din\u00e1micas. Ingeniera hidr\u00e1ulica de 54 a\u00f1os, trabaj\u00f3 en la instalaci\u00f3n de redes del acueducto de la provincia de Pinar del R\u00edo, en el extremo occidental de Cuba, hasta que su hermana emigr\u00f3 en 2022 y su mam\u00e1 se qued\u00f3 sola y enferma, en una zona alejada del centro de la ciudad.<\/p>\n\n\n\n<p class=\"wp-block-paragraph\"><br>\u00abTuve que dejar el trabajo, porque me exig\u00eda viajar mucho y mudarme m\u00e1s cerca de ella. Eso me alej\u00f3 de mis hijas y de mi nieto. A la larga, tambi\u00e9n me cost\u00f3 el divorcio. No pod\u00eda traer a mi mam\u00e1 conmigo, porque mi casa era muy peque\u00f1a y no cab\u00edamos; pero mi esposo no quiso mudarse conmigo\u00bb, explic\u00f3 en una entrevista para una investigaci\u00f3n sobre los impactos de la migraci\u00f3n desarrollada en la Facultad de Comunicaci\u00f3n de la Universidad de La Habana.<\/p>\n\n\n\n<p class=\"wp-block-paragraph\"><br>En opini\u00f3n de la psic\u00f3loga&nbsp;<a href=\"https:\/\/directoriogenero.redsemlac-cuba.net\/isachy-pena-pino\/%20\/t%20_blank\">Isachy&nbsp;Pe\u00f1a Pino<\/a>, \u00abcuando se produce la migraci\u00f3n de una persona de la familia, siempre hay diferentes restructuraciones que llevan al reparto de nuevos roles, ya sean asignados o asumidos por otros integrantes del grupo familiar.<\/p>\n\n\n\n<p class=\"wp-block-paragraph\"><br>\u00abCuando es una mujer la que se queda en Cuba, muchas veces asume un rol de proveedora que antes, tal vez, no ten\u00eda porque era la pareja o el hijo o hija quien se encargaba. Pero tambi\u00e9n asume todo lo que tiene que ver con la reestructuraci\u00f3n y la organizaci\u00f3n\u00bb, detall\u00f3 a&nbsp;SEMlac&nbsp;la profesora de la Facultad de Psicolog\u00eda de la Universidad de La Habana.<\/p>\n\n\n\n<p class=\"wp-block-paragraph\"><br>Pe\u00f1a Pino asegura que la mayor\u00eda de las veces estas cubanas asumen cargas extras a un rol \u00abque ya ten\u00edan previamente asignado, precisamente, por la sociedad patriarcal que prevalece\u00bb.<\/p>\n\n\n\n<p class=\"wp-block-paragraph\"><br>Cuba contaba al cierre de 2024 con una poblaci\u00f3n de 9.748.007 habitantes y un saldo migratorio total de 251.221 personas, que salieron solo en ese a\u00f1o, refiere el \u00faltimo&nbsp;<a href=\"https:\/\/www.onei.gob.cu\/interfase-poblacion-2024\">reporte oficial<\/a>&nbsp;de la Oficina Nacional de Estad\u00edsticas e Informaci\u00f3n (Onei). Entre 2020 y 2024, el pa\u00eds registr\u00f3 una p\u00e9rdida de m\u00e1s de 1,4 millones de personas, una gran parte debido a la migraci\u00f3n.<\/p>\n\n\n\n<p class=\"wp-block-paragraph\"><br>La tambi\u00e9n psic\u00f3loga y dem\u00f3grafa&nbsp;<a href=\"https:\/\/directoriogenero.redsemlac-cuba.net\/matilde-de-la-caridad-molina-cintra\/\">Matilde Molina Cintra<\/a>, subdirectora del Centro de Estudios Demogr\u00e1ficos (Cedem) de la Universidad de La Habana, llama la atenci\u00f3n sobre el \u00abnotable impacto\u00bb de la migraci\u00f3n de mujeres en edad reproductiva.<\/p>\n\n\n\n<p class=\"wp-block-paragraph\"><br>En n\u00fameros significa un descenso de 555.700 mujeres en el quinquenio 2020-2024, reconoce Molina Cintra en su art\u00edculo&nbsp;<a href=\"https:\/\/revistas.uh.cu\/novpob\/article\/view\/12103\">\u00abCambio demogr\u00e1fico en Cuba, una mirada desde la resiliencia demogr\u00e1fica\u00bb<\/a>, publicado en 2025 por la revista&nbsp;<em>Novedades en Poblaci\u00f3n<\/em>.<\/p>\n\n\n\n<p class=\"wp-block-paragraph\"><br>En tanto, la poblaci\u00f3n mayor de 60 a\u00f1os representaba el 25,7 por ciento al cierre de ese mismo a\u00f1o, con una tendencia al incremento acelerado, tambi\u00e9n relacionada con la migraci\u00f3n, pues prevalecen \u00abj\u00f3venes de 18 a 30 a\u00f1os\u00bb entre quienes se van, seg\u00fan la investigaci\u00f3n \u00ab<a href=\"https:\/\/revistas.uh.cu\/novpob\/article\/view\/11850\/10458\">Los flujos migratorios y su impacto en la seguridad nacional: una mirada desde la movilidad de la poblaci\u00f3n cubana<\/a>\u00ab, de Antonio Aja D\u00edaz y Laura Ivet Pujol Torres.<\/p>\n\n\n\n<p class=\"wp-block-paragraph\"><br>Esos movimientos migratorios influyen \u00abtanto en la fecundidad, como en el empleo y hay una mediatizaci\u00f3n relacionada con desigualdades de g\u00e9nero que se agudizan\u00bb, hab\u00eda&nbsp;<a href=\"https:\/\/www.redsemlac-cuba.net\/redsemlac\/sociedad-y-cultura\/migraciones-agravan-brechas-de-genero\/\">adelantado Molina Cintra a&nbsp;SEMlac<\/a>&nbsp;a mediados de 2024.<\/p>\n\n\n\n<p class=\"wp-block-paragraph\"><br>En este contexto, las mujeres quedan en el centro de una encrucijada: son quienes m\u00e1s emigran en ciertos rangos etarios y tambi\u00e9n las que se quedan&nbsp;<a href=\"https:\/\/www.redsemlac-cuba.net\/redsemlac\/sociedad-y-cultura\/familia-mujer-y-cuidados-otras-caras-de-la-migracion\/\">al cuidado de personas mayores, ni\u00f1os, ni\u00f1as y adolescentes<\/a>&nbsp;o de hogares reconfigurados por la partida de sus integrantes.<\/p>\n\n\n\n<p class=\"wp-block-paragraph\"><br><strong>Las que se quedan<\/strong><\/p>\n\n\n\n<p class=\"wp-block-paragraph\"><br>Aunque la hermana de Ramos garantiza alimentos, medicinas y otras necesidades \u00abhasta donde los recursos alcanzan\u00bb, para ella \u00ablo peor fue dejar la ingenier\u00eda\u00bb.<\/p>\n\n\n\n<p class=\"wp-block-paragraph\"><br>\u00abAhora vivo haciendo malabares entre los apagones, el dinero que nunca alcanza, dos trabajos que no me gustan, atender a mi mam\u00e1 y tratar de hacer tiempo para ver a mis hijas y al ni\u00f1o\u00bb, refiere.<\/p>\n\n\n\n<p class=\"wp-block-paragraph\"><br>En opini\u00f3n de la psic\u00f3loga Pe\u00f1a Pino, a todo eso se agrega la sobrecarga f\u00edsica y mental. \u00abMuchas veces en los primeros momentos, hasta que la pareja o la persona de la familia que emigra logra una estabilidad econ\u00f3mica en el pa\u00eds de destino, la mujer asume la mayor carga de log\u00edstica econ\u00f3mica de la casa\u00bb.<\/p>\n\n\n\n<p class=\"wp-block-paragraph\"><br>Tambi\u00e9n se afecta su salud sexual y reproductiva, ya sea \u00abporque la pareja no est\u00e1 en el pa\u00eds y supuestamente no est\u00e1 estableciendo ning\u00fan v\u00ednculo sexual con otra persona\u00bb, o porque las sobrecargas se lo impiden \u00aby se descuida todo lo que tiene que ver con la salud reproductiva, los seguimientos de rutina\u00bb, agreg\u00f3 la especialista.<\/p>\n\n\n\n<p class=\"wp-block-paragraph\"><br>La psic\u00f3loga alert\u00f3, adem\u00e1s, que cuando la persona que est\u00e1 en el extranjero se convierte en el mayor sustento econ\u00f3mico del hogar y de la familia en Cuba, se refuerza su posici\u00f3n de poder con respecto a quienes quedaron a cargo.<br>\u00abMi hermana y yo tenemos una relaci\u00f3n complicada, porque es verdad que ella ayuda much\u00edsimo, pero a veces reclama explicaciones de cosas de la vida cotidiana de aqu\u00ed que no entiende. Es muy tenso tener que estar siempre rindiendo cuentas\u00bb, reconoci\u00f3 la pinare\u00f1a Irina Ramos.<\/p>\n\n\n\n<p class=\"wp-block-paragraph\"><br>Para Molina Cintra, no se trata solo de m\u00e1s trabajo, sino de que esta situaci\u00f3n genera poca autonom\u00eda, soledad y carencias afectivas en las mujeres que se quedan, lo que constituye \u00abun impacto directo en las relaciones de g\u00e9nero\u00bb.<\/p>\n\n\n\n<p class=\"wp-block-paragraph\"><br><strong>Las que se van<\/strong><\/p>\n\n\n\n<p class=\"wp-block-paragraph\"><br>Dayanelis Roque est\u00e1 embarazada de su segundo hijo en Sevilla, Espa\u00f1a. Graduada de Comunicaci\u00f3n en Cuba en 2019, sali\u00f3 del pa\u00eds con una beca de maestr\u00eda, convencida de que iba a regresar.<\/p>\n\n\n\n<p class=\"wp-block-paragraph\"><br>\u00abEn La Habana se quedaron mis padres y mi novio, con quien ten\u00eda dos a\u00f1os de relaci\u00f3n. El fin de la maestr\u00eda coincidi\u00f3 con el cierre de fronteras producto de la pandemia de covid-19 y entre una cosa y otra, empec\u00e9 a trabajar aqu\u00ed para poder vivir\u00bb, cont\u00f3 a&nbsp;SEMlac&nbsp;v\u00eda WhatsApp.<\/p>\n\n\n\n<p class=\"wp-block-paragraph\"><br>Cuando finalmente ya pod\u00eda viajar, la vida en Cuba se hab\u00eda puesto tan dif\u00edcil que prefiri\u00f3 quedarse y mantener a sus padres desde Europa. Visit\u00f3 Cuba brevemente, se cas\u00f3 y en 2023 recomenz\u00f3 vida y familia en un pueblo del interior de Andaluc\u00eda.<\/p>\n\n\n\n<p class=\"wp-block-paragraph\"><br>\u00abMi mam\u00e1 vino cuando naci\u00f3 el ni\u00f1o, que ya tiene un a\u00f1o y medio. Espero que ahora, cuando llegue el segundo, pueda venir con mi padre y quedarse algunos meses. Extra\u00f1o mucho a mi familia, pero desde ac\u00e1 podemos ayudar mejor\u00bb, asegura,<\/p>\n\n\n\n<p class=\"wp-block-paragraph\"><br>Para las cubanas que emigran, el camino tampoco es sencillo. Las rutas migratorias irregulares a menudo las exponen a riesgos espec\u00edficos identificados ampliamente por la&nbsp;<a href=\"https:\/\/lac.iom.int\/sites\/g\/files\/tmzbdl2601\/files\/documents\/2024-07\/explorando-la-feminizacion-de-la-migracion-con-perspectiva-de-genero-1.pdf\">Organizaci\u00f3n Internacional de las Migraciones<\/a>&nbsp;(OIM): violencia sexual, trata de personas, explotaci\u00f3n laboral o redes de tr\u00e1fico que se aprovechan de su vulnerabilidad.<\/p>\n\n\n\n<p class=\"wp-block-paragraph\"><br>Otras, como Roque, parten con t\u00edtulos universitarios y experiencia profesional, pero no siempre encuentran mercados laborales exitosos. A menudo terminan en trabajos de servicios, cuidados o comercio informal, donde la discriminaci\u00f3n y la precariedad se convierten en obst\u00e1culos permanentes.<\/p>\n\n\n\n<p class=\"wp-block-paragraph\"><br>Aun as\u00ed, las remesas que env\u00edan sostienen hogares, financian estudios y permiten la supervivencia de no pocas familias, confirman la vida y varios estudios.<br>Investigaciones de las psic\u00f3logas Consuelo Mart\u00edn Fern\u00e1ndez, del Cedem, y Jany&nbsp;Barcenas Alfonso, de la Facultad de Psicolog\u00eda, sobre los impactos de la migraci\u00f3n en las din\u00e1micas familiares, revelan que la migraci\u00f3n temporal o definitiva emerge como una estrategia de afrontamiento a los problemas cotidianos y \u00abtiene un impacto diferenciador en la sociedad, ya que beneficia fundamentalmente a quienes pueden viajar porque tienen recursos o familiares emigrados\u00bb.<\/p>\n\n\n\n<p class=\"wp-block-paragraph\"><br>As\u00ed, la migraci\u00f3n aparece entonces no solo como proyecto de vida personal, sino como una estrategia familiar para enfrentar la crisis. Muchas personas \u00abse apoyan de otros familiares que viven fuera del territorio nacional y les depositan la responsabilidad de asumir esa funci\u00f3n econ\u00f3mica; eso genera otros conflictos\u00bb,&nbsp;<a href=\"https:\/\/www.redsemlac-cuba.net\/redsemlac\/sociedad-y-cultura\/cuba-familias-en-transito\/\">explic\u00f3 Barcenas a&nbsp;SEMlac<\/a>&nbsp;en 2024.<\/p>\n\n\n\n<p class=\"wp-block-paragraph\"><br>Cuando, adem\u00e1s, las familias son cada vez m\u00e1s peque\u00f1as, \u00abse hace m\u00e1s compleja una salida exitosa para cumplir la funci\u00f3n econ\u00f3mica familiar y se descuidan las otras\u00bb, como la educaci\u00f3n o el sost\u00e9n psicol\u00f3gico de ni\u00f1as, ni\u00f1os, adolescentes y personas mayores, a\u00f1adi\u00f3 Barcenas.<\/p>\n\n\n\n<p class=\"wp-block-paragraph\"><br>De acuerdo con la experiencia de estas dos investigadoras, muchas mujeres emigran sin perder v\u00ednculos con su pa\u00eds de origen y otras, incluso, retornan, seg\u00fan explican en el art\u00edculo&nbsp;<a href=\"http:\/\/www.scielo.sld.cu\/pdf\/rnp\/v18n35\/1817-4078-rnp-18-35-1.pdf\">\u00abLos m\u00faltiples retornos: estudio psicosocial sobre la migraci\u00f3n de retorno a Cuba\u00bb<\/a>, escrito junto a Pe\u00f1a Pino y Melissa Robaina Figueroa.<\/p>\n\n\n\n<p class=\"wp-block-paragraph\"><br>El texto de 2022 propone una tipolog\u00eda de retorno multidimensional, que reconoce la diversidad de experiencias migratorias. Entre las motivaciones para regresar a la naci\u00f3n caribe\u00f1a, sus autoras identificaban entonces \u00abrazones familiares, condiciones de salud, educaci\u00f3n e inadaptaci\u00f3n\u00bb.<\/p>\n\n\n\n<p class=\"wp-block-paragraph\"><br>Las percepciones sobre el retorno -favorables o desfavorables- est\u00e1n condicionadas por \u00abla experiencia personal, las caracter\u00edsticas del proyecto migratorio y las estrategias personales y familiares\u00bb, aseveran. Este hallazgo es relevante para el an\u00e1lisis de g\u00e9nero porque los retornos, al igual que las salidas, implican reorganizaciones familiares que suelen ser gestionadas por mujeres.<\/p>\n\n\n\n<p class=\"wp-block-paragraph\"><br>Mirar desde un enfoque de g\u00e9nero las pol\u00edticas migratorias para atender, tanto a las mujeres que parten como a las que permanecen, puede contribuir a reducir desigualdades y cerrar brechas de cuidado.<\/p>\n\n\n\n<p class=\"wp-block-paragraph\"><br>En general, el impacto social de la migraci\u00f3n es profundo: introduce nuevas din\u00e1micas en las familias, altera la composici\u00f3n demogr\u00e1fica y plantea desaf\u00edos para las pol\u00edticas p\u00fablicas. En todo ello emergen, como pieza clave, las mujeres.<\/p>\n\n\n\n<p class=\"wp-block-paragraph\">SEM-SEMlac\/de<\/p>\n","protected":false},"excerpt":{"rendered":"<p>\u2022&nbsp;La migraci\u00f3n de una persona de la familia&nbsp;provocarestructuraciones que llevan al reparto de nuevos roles \u2022&nbsp;Cuando es una mujer la que se queda en Cuba, muchas veces asume un rol de proveedora Dixie Edith SemM\u00e9xico\/SEMlac,&nbsp;La Habana,&nbsp;6 de&nbsp;abril, 2026.- La migraci\u00f3n transforma hoy los hogares en Cuba, reconfigura&nbsp;las familias&nbsp;y coloca muchas cargas sobre los hombros de [&hellip;]<\/p>\n","protected":false},"author":3,"featured_media":74642,"comment_status":"open","ping_status":"open","sticky":false,"template":"","format":"standard","meta":{"_monsterinsights_skip_tracking":false,"footnotes":""},"categories":[748],"tags":[],"class_list":["post-104333","post","type-post","status-publish","format-standard","has-post-thumbnail","category-cultura-feminista"],"_links":{"self":[{"href":"https:\/\/redsemlac.com\/semmexico\/wp-json\/wp\/v2\/posts\/104333","targetHints":{"allow":["GET"]}}],"collection":[{"href":"https:\/\/redsemlac.com\/semmexico\/wp-json\/wp\/v2\/posts"}],"about":[{"href":"https:\/\/redsemlac.com\/semmexico\/wp-json\/wp\/v2\/types\/post"}],"author":[{"embeddable":true,"href":"https:\/\/redsemlac.com\/semmexico\/wp-json\/wp\/v2\/users\/3"}],"replies":[{"embeddable":true,"href":"https:\/\/redsemlac.com\/semmexico\/wp-json\/wp\/v2\/comments?post=104333"}],"version-history":[{"count":0,"href":"https:\/\/redsemlac.com\/semmexico\/wp-json\/wp\/v2\/posts\/104333\/revisions"}],"wp:featuredmedia":[{"embeddable":true,"href":"https:\/\/redsemlac.com\/semmexico\/wp-json\/wp\/v2\/media\/74642"}],"wp:attachment":[{"href":"https:\/\/redsemlac.com\/semmexico\/wp-json\/wp\/v2\/media?parent=104333"}],"wp:term":[{"taxonomy":"category","embeddable":true,"href":"https:\/\/redsemlac.com\/semmexico\/wp-json\/wp\/v2\/categories?post=104333"},{"taxonomy":"post_tag","embeddable":true,"href":"https:\/\/redsemlac.com\/semmexico\/wp-json\/wp\/v2\/tags?post=104333"}],"curies":[{"name":"wp","href":"https:\/\/api.w.org\/{rel}","templated":true}]}}