{"id":10432,"date":"2019-08-02T15:22:13","date_gmt":"2019-08-02T15:22:13","guid":{"rendered":"https:\/\/redsemlac.com\/semmexico\/?p=10432"},"modified":"2023-07-21T14:51:56","modified_gmt":"2023-07-21T19:51:56","slug":"un-dia-como-hoy","status":"publish","type":"post","link":"https:\/\/redsemlac.com\/semmexico\/un-dia-como-hoy\/","title":{"rendered":"Nadia Vera antrop\u00f3loga social, activista y defensora de los derechos humanos"},"content":{"rendered":"\n<p class=\"wp-block-paragraph\"> <strong>Nadia era productora del Festival Internacional Cuatro x Cuatro y trabajaba como productora cultural. Como activista, organiz\u00f3 en 2012 una protesta contra el alza al transporte p\u00fablico, y particip\u00f3 en una toma simb\u00f3lica del Palacio Municipal de Xalapa.<\/strong> <\/p>\n\n\n\n<p class=\"wp-block-paragraph\">SemM\u00e9xico\/Hero\u00ednas.net. Ciudad de M\u00e9xico. 2 de agosto 2019.-  Nadia Dominicque Vera P\u00e9rez (Comit\u00e1n, Chiapas, M\u00e9xico, 1983 \u2013 Distrito Federal, M\u00e9xico, 31 de julio de 2015) fue una antrop\u00f3loga social, activista y defensora de los derechos humanos mexicana asesinada junto al fotoperiodista Rub\u00e9n Espinosa Becerril,\u200b a la maquillista de Mexicali Yesenia Quiroz Alfaro, a la modelo colombiana Mile Virginia Mart\u00edn y a la asistente dom\u00e9stica Olivia Alejandra Negrete Avil\u00e9s,  en el multihomicidio de la colonia Narvarte, el 31 de julio de 2015.<\/p>\n\n\n\n<p class=\"wp-block-paragraph\">Nadia estudi\u00f3 antropolog\u00eda social, y empez\u00f3 estos estudios en la Universidad Aut\u00f3noma de Chiapas (UNACH), en su tierra natal, y los termin\u00f3 en la Universidad Veracruzana, en Xalapa. Fue miembro de la Asamblea Estudiantil de Xalapa, Veracruz, y del movimiento universitario de protesta #YoSoy132.<br>Nadia era productora del Festival Internacional Cuatro x Cuatro y trabajaba como productora cultural. Como activista, organiz\u00f3 en 2012 una protesta contra el alza al transporte p\u00fablico, y particip\u00f3 en una toma simb\u00f3lica del Palacio Municipal de Xalapa. En 2013, particip\u00f3 en m\u00e1s protestas contra el gobierno de Javier Duarte, y fue agredida y detenida por la polic\u00eda en varias ocasiones.<br>Nadia y el fot\u00f3grafo Rub\u00e9n Espinosa trabajaban en Veracruz, de donde ambos hab\u00edan huido tras haber sido amenazados por temor a perder la vida, considerando el alto n\u00famero de asesinatos de periodistas en ese estado.<br>En una entrevista con la televisora independiente Rompeviento TV, Nadia hab\u00eda responsabilizado al gobernador de Veracruz, Javier Duarte, de lo que pudiera sucederle. Tras esto, decidi\u00f3 huir del estado por haber recibido amenazas de muerte. Por su parte, el fiscal general del estado de Veracruz, Luis \u00c1ngel Bravo, declar\u00f3 que tales amenazas no hab\u00edan sido denunciadas ante las autoridades.\u200b Dar\u00edo Ram\u00edrez, director de la organizaci\u00f3n Art\u00edculo 19 para M\u00e9xico y Centroam\u00e9rica, se\u00f1al\u00f3 que dichas amenazas contra Nadia Vera no hab\u00edan sido denunciadas previamente, pero afirm\u00f3 que miembros de #YoSoy132 y compa\u00f1eros de Espinosa avalaban la versi\u00f3n de la activista.<br>El asesinato de Nadia, considerado feminicidio, ha sido condenado por organismos internacionales como la Oficina del Alto Comisionado de las Naciones Unidas para los Derechos Humanosy la Relator\u00eda Especial para la Libertad de Expresi\u00f3n de la Comisi\u00f3n Interamericana de Derechos Humanos.<br>Agrupaciones de derechos humanos y otros colectivos protestaron en el Monumento a la Revoluci\u00f3n de la Ciudad de M\u00e9xico el 8 de agosto, exigiendo el esclarecimiento del caso y demandaron que el gobernador de Veracruz fuera llamado a comparecer ante la fiscal\u00eda capitalina.<br>El 11 de agosto de 2015, el gobernador veracruzano Javier Duarte rindi\u00f3 su declaraci\u00f3n en Xalapa ante representantes de la Procuradur\u00eda General de Justicia del Distrito Federal como parte de las investigaciones de los asesinatos. El mandatario estatal se deslind\u00f3 de los hechos.\n\n<\/p>\n","protected":false},"excerpt":{"rendered":"<p>Nadia era productora del Festival Internacional Cuatro x Cuatro y trabajaba como productora cultural<\/p>\n","protected":false},"author":3,"featured_media":10433,"comment_status":"open","ping_status":"open","sticky":false,"template":"","format":"standard","meta":{"_monsterinsights_skip_tracking":false,"footnotes":""},"categories":[690,54],"tags":[],"class_list":["post-10432","post","type-post","status-publish","format-standard","has-post-thumbnail","category-690","category-mujeres"],"_links":{"self":[{"href":"https:\/\/redsemlac.com\/semmexico\/wp-json\/wp\/v2\/posts\/10432","targetHints":{"allow":["GET"]}}],"collection":[{"href":"https:\/\/redsemlac.com\/semmexico\/wp-json\/wp\/v2\/posts"}],"about":[{"href":"https:\/\/redsemlac.com\/semmexico\/wp-json\/wp\/v2\/types\/post"}],"author":[{"embeddable":true,"href":"https:\/\/redsemlac.com\/semmexico\/wp-json\/wp\/v2\/users\/3"}],"replies":[{"embeddable":true,"href":"https:\/\/redsemlac.com\/semmexico\/wp-json\/wp\/v2\/comments?post=10432"}],"version-history":[{"count":0,"href":"https:\/\/redsemlac.com\/semmexico\/wp-json\/wp\/v2\/posts\/10432\/revisions"}],"wp:featuredmedia":[{"embeddable":true,"href":"https:\/\/redsemlac.com\/semmexico\/wp-json\/wp\/v2\/media\/10433"}],"wp:attachment":[{"href":"https:\/\/redsemlac.com\/semmexico\/wp-json\/wp\/v2\/media?parent=10432"}],"wp:term":[{"taxonomy":"category","embeddable":true,"href":"https:\/\/redsemlac.com\/semmexico\/wp-json\/wp\/v2\/categories?post=10432"},{"taxonomy":"post_tag","embeddable":true,"href":"https:\/\/redsemlac.com\/semmexico\/wp-json\/wp\/v2\/tags?post=10432"}],"curies":[{"name":"wp","href":"https:\/\/api.w.org\/{rel}","templated":true}]}}