{"id":10429,"date":"2019-08-02T01:22:38","date_gmt":"2019-08-02T01:22:38","guid":{"rendered":"https:\/\/redsemlac.com\/semmexico\/?p=10429"},"modified":"2023-07-21T14:51:56","modified_gmt":"2023-07-21T19:51:56","slug":"opinion-22","status":"publish","type":"post","link":"https:\/\/redsemlac.com\/semmexico\/opinion-22\/","title":{"rendered":"Ambig\u00fa"},"content":{"rendered":"\n<h2 class=\"wp-block-heading\"><strong>Esperanza, la prueba que d\u00e1divas no abaten pobreza ni delincuencia<\/strong><\/h2>\n\n\n\n<p class=\"wp-block-paragraph\"><strong>+ \u00bfFraude electoral del 2006? Que le pregunte L\u00f3pez Obrador a Olga<\/strong><\/p>\n\n\n\n<p class=\"wp-block-paragraph\"><strong>+ \u00bfEl garrotazo al avispero? Que pregunte a C\u00e1rdenas Batel<\/strong><\/p>\n\n\n\n<p class=\"wp-block-paragraph\"><strong>Martha Elba Torres Mart\u00ednez<\/strong><\/p>\n\n\n\n<p class=\"wp-block-paragraph\">SemM\u00e9xico. 1 de agosto 2019.- El caso de Esperanza, la joven sicaria que cobrar\u00eda 5 \u00f3 25 mil pesos por asesinar a los dos israel\u00edes en Plaza Artz en la Ciudad de M\u00e9xico, viene a ser la prueba viva de que repartir dinero a lo bruto, no abate pobreza ni delincuencia.<\/p>\n\n\n\n<p class=\"wp-block-paragraph\">A sus 33 a\u00f1os de edad y con dos hijos, la chica no ten\u00eda\ntrabajo y tampoco ninguna oportunidad en la era de la 4T. No aplicaba para\n\u201cJ\u00f3venes Construyendo el Futuro\u201d y \u201cJ\u00f3venes Escribiendo el Futuro\u201d, dise\u00f1ados\npara las y los de entre 18 y 29 a\u00f1os de edad; menos para la pensi\u00f3n de adultos\nmayores o la de discapacidad; imposible \u201cSembrando Vida\u201d que es para el campo,\no para la \u201cReconstrucci\u00f3n\u201d tras los sismos, y se la pela con la de \u201cDesarrollo\nUrbano y Vivienda\u201d, porque solo aplica para 14 ciudades fronterizas.<\/p>\n\n\n\n<p class=\"wp-block-paragraph\">A lo m\u00e1s que pod\u00eda aspirar era a las becas para sus hijos. <\/p>\n\n\n\n<p class=\"wp-block-paragraph\">Por la edad de Esperanza, chavitos de primaria y secundaria.\nSi fuera la situaci\u00f3n, el apoyo econ\u00f3mico es de $375.00, durante 10 meses del\nciclo escolar o lo correspondiente a partir de la firma del Convenio. Y eso si\nhay dinero y pasan los filtros de selecci\u00f3n. (Fuente: <a href=\"https:\/\/www.becas.sep.gob.mx\/beca\/128\/show\">https:\/\/www.becas.sep.gob.mx\/beca\/128\/show<\/a>).\nDe los 9 programas en operaci\u00f3n \u2013que no son 25 como lo prometi\u00f3 Amlo-, solo le\nquedaba \u201cTandas para el Bienestar\u201d, que le pod\u00eda prestar 6 mil pesos para poner\nun comal de garnachas. (Fuente: <a href=\"https:\/\/www.nacion321.com\/gobierno\/eres-mexicano-checa-si-puedes-recibir-uno-de-los-9-apoyos-del-gobierno-de-amlo\">https:\/\/www.nacion321.com\/gobierno\/eres-mexicano-checa-si-puedes-recibir-uno-de-los-9-apoyos-del-gobierno-de-amlo<\/a>)<\/p>\n\n\n\n<p class=\"wp-block-paragraph\">Pero como Esperanza, son millones de mujeres mayores de 30\na\u00f1os, que la 4T dej\u00f3 al garete.<\/p>\n\n\n\n<p class=\"wp-block-paragraph\">De acuerdo con la Encuesta Nacional de Ocupaci\u00f3n y Empleo\n(ENOE), al segundo trimestre de 2018, de la poblaci\u00f3n total en edad de trabajar\n(93.1 millones), 55.3% de las mujeres&nbsp;\necon\u00f3micamente activas de 15 y m\u00e1s, no tienen acceso a trabajos formales.\nDe esta PEA de mujeres \u201csin acceso a trabajos formales o con inter\u00e9s para trabajar\npero sin expectativas de inserci\u00f3n laboral\u201d, la proporci\u00f3n de poblaci\u00f3n\nfemenina desocupada era: 30 a 39 a\u00f1os (51.7%) de 40 a 49 a\u00f1os (52.6%), 50 a 59\na\u00f1os (56.0%) y de 60 y m\u00e1s a\u00f1os (72.6%) Fuente: <a href=\"http:\/\/cedoc.inmujeres.gob.mx\/documentos_download\/MHM_2018.pdf\">http:\/\/cedoc.inmujeres.gob.mx\/documentos_download\/MHM_2018.pdf<\/a>)<\/p>\n\n\n\n<p class=\"wp-block-paragraph\">Entonces, realmente \u00bfqu\u00e9 est\u00e1n haciendo el gobierno\nmorenista y L\u00f3pez Obrador por mujeres como en la situaci\u00f3n de Esperanza? <\/p>\n\n\n\n<p class=\"wp-block-paragraph\">Por eso, hayan sido 5 mil o 25 mil pesos por el \u201ctrabajo\u201d -para\nel caso es lo mismo-: no resolv\u00eda su condici\u00f3n de pobreza y ahora deja a los\nni\u00f1os en el desamparo y lo peor, se\u00f1alados en su pobre colonia de la alcald\u00eda\nTl\u00e1huac.<\/p>\n\n\n\n<p class=\"wp-block-paragraph\">Pero el tema no es ella, sino un gobierno incompetente y un\nPresidente que se esfuerza por justificar su incapacidad en el pasado,\neludiendo el presente.<\/p>\n\n\n\n<p class=\"wp-block-paragraph\">Y esto viene a cuento, por sus declaraciones ayer en la\nma\u00f1anera, al remontarse \u2013\u00a1h\u00e1ganme el favor!- al que llama el fraude electoral\ndel 2006, y que por eso est\u00e1 el pa\u00eds como est\u00e1:<\/p>\n\n\n\n<p class=\"wp-block-paragraph\">\u201cEse fraude caus\u00f3 much\u00edsimo da\u00f1o, porque impusieron a (Felipe)\nCalder\u00f3n y su primera decisi\u00f3n, su primer acto, fue declarar la guerra al\nnarcotr\u00e1fico, sin tener elementos, sin saber del porqu\u00e9 de la inseguridad y de\nla violencia, sin atender las causas. Fue pegarle un garrotazo a lo tonto al\navispero, y eso desat\u00f3 esta violencia que todav\u00eda se padece, muertos, fosas\nclandestinas, desaparecidos, por el fraude del 2006\u201d.<\/p>\n\n\n\n<p class=\"wp-block-paragraph\">No pues, si as\u00ed las cosas, si Eva no le hubiera dado a\ntragar la manzana de la sabidur\u00eda a Ad\u00e1n, y \u00e9ste no habr\u00eda sido un pinche\nchismoso y sacat\u00f3n, la mujer no sufrir\u00eda en el parto ni habr\u00eda sido sujeta a la\n\u201cpropiedad\u201d del marido.<\/p>\n\n\n\n<p class=\"wp-block-paragraph\">Pero atrapado en sus <em>flashbacks<\/em>,\npara L\u00f3pez Obrador ser\u00eda bien f\u00e1cil dilucidar sobre el supuesto fraude\nelectoral del 2006. Nada m\u00e1s que le pregunte a su secretaria de Gobernaci\u00f3n,\nOlga S\u00e1nchez Cordero, quien era ministra de la Corte y que aval\u00f3 los 251 mil\nvotos de diferencia a favor de Calder\u00f3n Hinojosa. <\/p>\n\n\n\n<p class=\"wp-block-paragraph\">Y sobre el combate al narcotr\u00e1fico que inici\u00f3 Felipe\nCalder\u00f3n en Michoac\u00e1n, que le pregunte a su jefe de asesores, L\u00e1zaro C\u00e1rdenas\nBatel, que era gobernador del estado. <\/p>\n\n\n\n<p class=\"wp-block-paragraph\">Pero como no lo va a hacer, porque entonces echa abajo su\npropio discurso ret\u00f3rico, comparto algunos fragmentos de un reporte, muy aproximado\na la realidad imperante del momento, de Alberto N\u00e1jar, publicada en La Jornada\nel s\u00e1bado 19 de noviembre de 2005, para que se entienda porqu\u00e9, el entonces\nPresidente panista prefiri\u00f3 hacer algo y no quedarse cruzado de brazos, como\nL\u00f3pez Obrador.<\/p>\n\n\n\n<p class=\"wp-block-paragraph\">Nada m\u00e1s para abrir boca, el Intro: <\/p>\n\n\n\n<p class=\"wp-block-paragraph\">\u201cDesde el gobierno dicen que es un pleito de c\u00e1rteles por\ncontrolar las rutas del narcotr\u00e1fico, un panorama similar a otras regiones del\npa\u00eds. No es as\u00ed. En Michoac\u00e1n, la ola de violencia rebasa l\u00edmites, e incluye a alcaldes,\ncomandantes de polic\u00eda&#8230; y funcionarios del gobierno estatal. El presidente\nVicente Fox orden\u00f3 aplicar todos los recursos y la fuerza de su administraci\u00f3n\npara frenar a la delincuencia, pero el resultado es magro: la semana pasada se\ncometi\u00f3 la ejecuci\u00f3n 258 en lo que va del a\u00f1o.<\/p>\n\n\n\n<p class=\"wp-block-paragraph\">\u201cEn lo que va del a\u00f1o, en Michoac\u00e1n han ocurrido 258\nejecuciones, y al menos la mitad se han presentado en las zonas de la Costa y\nTierra Caliente.<\/p>\n\n\n\n<p class=\"wp-block-paragraph\">\u201cLa geograf\u00eda de los ejecutados comprende municipios como\nUruapan, Nueva Italia, Aguililla, Buenavista Tomatl\u00e1n, Tzitzio, Aquila,\nApatzing\u00e1n, Huetamo, Coahuayana y L\u00e1zaro C\u00e1rdenas, entre otros, donde el\ncultivo de mariguana y amapola se practica desde hace varias d\u00e9cadas.<\/p>\n\n\n\n<p class=\"wp-block-paragraph\">\u201cLa novedad es que ahora la violencia alcanz\u00f3 a la capital,\nMorelia, donde las ejecuciones se realizan pr\u00e1cticamente a cualquier hora.\nApenas la semana pasada ocurri\u00f3 la m\u00e1s reciente, en un fraccionamiento\nresidencial.<\/p>\n\n\n\n<p class=\"wp-block-paragraph\">\u201cLa Procuradur\u00eda General de la Rep\u00fablica (PGR) y el gobierno\nlocal afirman que se trata de una disputa entre los c\u00e1rteles del Golfo y del\nMilenio por las rutas del tr\u00e1fico de drogas, pero a diferencia de otros estados\ndonde los ataques se dirigen a integrantes de bandas rivales, en Michoac\u00e1n\nnadie parece estar a salvo: entre los muertos se cuentan lo mismo presidentes\nmunicipales que comandantes de polic\u00eda.<\/p>\n\n\n\n<p class=\"wp-block-paragraph\">\u201cEl caso m\u00e1s evidente fue el asesinato el pasado 16 de\nseptiembre, del secretario de Seguridad P\u00fablica de la entidad, Rogelio Zaraz\u00faa\nOrtega, ejecutado frente a su familia en un restaurante de Morelia. El\nfuncionario era responsable, por parte del gobierno michoacano, del programa\nM\u00e9xico Seguro, implementado precisamente para terminar con la ola de homicidios\nde este a\u00f1o.<\/p>\n\n\n\n<p class=\"wp-block-paragraph\">\u201cLa muerte de Zaraz\u00faa Ortega se interpret\u00f3 como un abierto\ndesaf\u00edo al gobierno de L\u00e1zaro C\u00e1rdenas Batel, quien recibi\u00f3 el respaldo\ninmediato del presidente Vicente Fox\u201d (Fuente: <a href=\"https:\/\/www.jornada.com.mx\/2005\/11\/19\/mas-najar.html\">https:\/\/www.jornada.com.mx\/2005\/11\/19\/mas-najar.html<\/a>).\nContinuar\u00eda Calder\u00f3n Hinojosa y luego Pe\u00f1a Nieto.<\/p>\n\n\n\n<p class=\"wp-block-paragraph\">Cierto. A Michoac\u00e1n le cost\u00f3 mucho esos 10 a\u00f1os (2006-2016)\nde guerra al crimen organizado, pero hoy, el estado se ubica entre los primeros\n10 con baja incidencia delictiva en comparaci\u00f3n con el resto del pa\u00eds.<\/p>\n\n\n\n<p class=\"wp-block-paragraph\">De acuerdo a las estad\u00edsticas del Secretariado Ejecutivo del\nSistema Nacional de Seguridad P\u00fablica (SESNSP), Michoac\u00e1n es el estado con\nmenos delitos en relaci\u00f3n con los vecinos Jalisco, Guanajuato, M\u00e9xico,\nQuer\u00e9taro y Colima. <\/p>\n\n\n\n<p class=\"wp-block-paragraph\">S\u00ed. Siguen apareciendo ejecutados y descabezados por muchos\nlados y tambi\u00e9n, es resultado de la lucha de los grupos criminales por los\nterritorios, en el caso de Morelia, como lo ha dicho y redicho el alcalde\nmorenista Ra\u00fal Mor\u00f3n. Pero indudablemente no estamos como en otros tiempos.<\/p>\n\n\n\n<p class=\"wp-block-paragraph\">La f\u00f3rmula, desde mi perspectiva: el gobernador est\u00e1 al\nfrente de la estrategia y en coordinaci\u00f3n con el Gobierno Federal. Ahora con el\nde L\u00f3pez Obrador, y que hay que reconocerlo, ha facilitado y no obstruido los\nplanes.<\/p>\n\n\n\n<p class=\"wp-block-paragraph\">Aun as\u00ed, son puras chaquetas mentales las de Amlo, con eso\nde echarle la culpa a los de atr\u00e1s. Y por mi parte,<\/p>\n\n\n\n<p class=\"wp-block-paragraph\">&nbsp;me sujeto a lo que\ndice la Brain Reserch Institute: la pu\u00f1eta mental es el acto de imaginar cosas\nirreales o falsas y tomarlas como verdaderas, y\/o interpretar deliberadamente\nun hecho, o acto de forma err\u00f3nea, para evadir una realidad. (Fuente:\nWikipedia)\u2026<\/p>\n","protected":false},"excerpt":{"rendered":"<p>Esperanza, la prueba que d\u00e1divas no abaten pobreza ni delincuencia\ufeff<\/p>\n","protected":false},"author":3,"featured_media":9303,"comment_status":"open","ping_status":"open","sticky":false,"template":"","format":"standard","meta":{"_monsterinsights_skip_tracking":false,"footnotes":""},"categories":[690,99,90],"tags":[],"class_list":["post-10429","post","type-post","status-publish","format-standard","has-post-thumbnail","category-690","category-ambigu","category-martha-elba-torres-martinez"],"_links":{"self":[{"href":"https:\/\/redsemlac.com\/semmexico\/wp-json\/wp\/v2\/posts\/10429","targetHints":{"allow":["GET"]}}],"collection":[{"href":"https:\/\/redsemlac.com\/semmexico\/wp-json\/wp\/v2\/posts"}],"about":[{"href":"https:\/\/redsemlac.com\/semmexico\/wp-json\/wp\/v2\/types\/post"}],"author":[{"embeddable":true,"href":"https:\/\/redsemlac.com\/semmexico\/wp-json\/wp\/v2\/users\/3"}],"replies":[{"embeddable":true,"href":"https:\/\/redsemlac.com\/semmexico\/wp-json\/wp\/v2\/comments?post=10429"}],"version-history":[{"count":0,"href":"https:\/\/redsemlac.com\/semmexico\/wp-json\/wp\/v2\/posts\/10429\/revisions"}],"wp:featuredmedia":[{"embeddable":true,"href":"https:\/\/redsemlac.com\/semmexico\/wp-json\/wp\/v2\/media\/9303"}],"wp:attachment":[{"href":"https:\/\/redsemlac.com\/semmexico\/wp-json\/wp\/v2\/media?parent=10429"}],"wp:term":[{"taxonomy":"category","embeddable":true,"href":"https:\/\/redsemlac.com\/semmexico\/wp-json\/wp\/v2\/categories?post=10429"},{"taxonomy":"post_tag","embeddable":true,"href":"https:\/\/redsemlac.com\/semmexico\/wp-json\/wp\/v2\/tags?post=10429"}],"curies":[{"name":"wp","href":"https:\/\/api.w.org\/{rel}","templated":true}]}}