{"id":10427,"date":"2019-08-02T01:17:03","date_gmt":"2019-08-02T01:17:03","guid":{"rendered":"https:\/\/redsemlac.com\/semmexico\/?p=10427"},"modified":"2023-07-21T14:51:56","modified_gmt":"2023-07-21T19:51:56","slug":"oaxaca-6","status":"publish","type":"post","link":"https:\/\/redsemlac.com\/semmexico\/oaxaca-6\/","title":{"rendered":"Liberan a mujeres retenidas en Alotepec"},"content":{"rendered":"\n<p class=\"wp-block-paragraph\"><strong>* Fueron retenidas por negarse a entregar los\ntrastes de cocina<\/strong><\/p>\n\n\n\n<p class=\"wp-block-paragraph\"><strong>* OCS piden capacitaci\u00f3n para las autoridades que\nretuvieron a mujeres <\/strong><\/p>\n\n\n\n<p class=\"wp-block-paragraph\"><strong>Redacci\u00f3n<\/strong><\/p>\n\n\n\n<p class=\"wp-block-paragraph\">SemM\u00e9xico,\nOaxaca, 1 agosto 2019.- Esta tarde noche y despu\u00e9s de m\u00e1s de siete horas de\nretenci\u00f3n fueron liberadas las mujeres de Santa Mar\u00eda Alotepec que se negaron a\nentregar sus utensilios de cocina a la autoridad municipal.<\/p>\n\n\n\n<p class=\"wp-block-paragraph\">Esta\nma\u00f1ana, las mujeres explicaron que los trastes son propiedad del Sistema\nEstatal DIF, por lo que dijeron que solo los entregar\u00edan a esa autoridad, en\nrepresalia el alcalde de la poblaci\u00f3n Jos\u00e9 Galv\u00e1n y el alcalde suplente\nFaustino Galvez, as\u00ed como la hija del mun\u00edcipe Zoraida Galv\u00e1n, ordenaron fueran\ndetenidas, muchas de ellas incluso dentro de sus propias casas, otras nueve de\nacuerdo con vecinos de la comunidad fueron retenidas en el centro de detenci\u00f3n\ncomunitaria de la poblaci\u00f3n ubicada en la Sierra Mixe de Oaxaca.<\/p>\n\n\n\n<p class=\"wp-block-paragraph\">Por\nla ma\u00f1ana, la Defensor\u00eda de los Derechos Humanos del Pueblo de Oaxaca dict\u00f3\nmedidas cautelares a favor de las mujeres detenidas por autoridades\nmunicipales, luego de una denuncia presentada por familiares de las afectadas<\/p>\n\n\n\n<p class=\"wp-block-paragraph\">El \u00f3rgano aut\u00f3nomo inici\u00f3 un cuaderno de\nantecedentes y dict\u00f3 medidas cautelares a la autoridad de Alotepec para que\ngarantice los derechos humanos de las mujeres retenidas.<\/p>\n\n\n\n<p class=\"wp-block-paragraph\">De manera paralela, la Defensor\u00eda emprendi\u00f3 un\ndi\u00e1logo con las autoridades de Alotepec en la b\u00fasqueda de conciliar y evitar\nque se registren mayores afectaciones a las personas que se encuentran en el\ncentro de detenci\u00f3n municipal.<\/p>\n\n\n\n<p class=\"wp-block-paragraph\">Y es que si bien la DDHPO es respetuosa de los\nsistemas normativos internos, estos deben ser arm\u00f3nicos con los derechos de las\npersonas.<\/p>\n\n\n\n<p class=\"wp-block-paragraph\">Por lo cual reiter\u00f3 que los pueblos y\ncomunidades tienen derecho a la autonom\u00eda para regirse de acuerdo a sus\nsistemas normativos internos, pues ello sustenta y revaloriza su identidad y\ndiversidad, sin embargo estos deben ser cuidadosos de no transgredir derechos e\nincurrir en actos u omisiones que pudieran poner en riesgo la integridad f\u00edsica\ny la libertad personal.<\/p>\n\n\n\n<p class=\"wp-block-paragraph\">Las detenidas son Juana Porfirio, adulta mayor, as\u00ed como\nFlavia Galdino, Edith de Jes\u00fas, Reyna Zamora, Vicenta Ventura, Paulina Rubio,\nFelipa Santiago, Fabiola Agapito y Gloria Ap\u00f3stol.<\/p>\n\n\n\n<p class=\"wp-block-paragraph\"><strong>OSC piden intervenci\u00f3n de las autoridades en el\ncaso de Alotepec<\/strong><\/p>\n\n\n\n<p class=\"wp-block-paragraph\">Por\notra parte, organizaciones civiles hicieron un llamado a las autoridades\nestatales para su\ninmediata intervenci\u00f3n y evitar que se sigan vulnerando los derechos de las\nmujeres ind\u00edgenas privadas de su libertad en la comunidad de Santa Mar\u00eda\nAlotepec hicieron esta tarde diversas organizaciones defensoras de derechos\nhumanos de Oaxaca y otras entidades del pa\u00eds.<\/p>\n\n\n\n<p class=\"wp-block-paragraph\">El\nllamado fue dirigido, en una carta p\u00fablica a la Fiscal\u00eda General de Oaxaca, a\nla Fiscal\u00eda Especializada para la Atenci\u00f3n de Delitos contra la Mujer por Raz\u00f3n\nde G\u00e9nero, a las Secretar\u00edas General de Gobierno, de la Mujer Oaxaque\u00f1a y de\nPueblos Ind\u00edgenas y Afromexicano para que intervengan en la liberaci\u00f3n\ninmediata de las nueve mujeres retenidas por la autoridad de Alotepec, en\nrepresalia por no entregar los trastes de la cocina comunitaria que tienen bajo\nsu resguardo.<\/p>\n\n\n\n<p class=\"wp-block-paragraph\">Las\nmujeres detenidas no hab\u00edan sido liberadas, a pesar de la medida cautelar\nemitida por la Defensor\u00eda de los Derechos Humanos del Pueblo de Oaxaca.<\/p>\n\n\n\n<p class=\"wp-block-paragraph\">Por\nello, demandan se instruya a las autoridades municipales capacitaci\u00f3n para\njuzgar con perspectiva de g\u00e9nero y respeto a los derechos humanos, dentro del\nejercicio del Derecho a la Autonom\u00eda y Libre determinaci\u00f3n que tienen las\ncomunidades ind\u00edgenas.<\/p>\n\n\n\n<p class=\"wp-block-paragraph\">\u201cNos\npreocupa profundamente la situaci\u00f3n que est\u00e1n enfrentando las mujeres mixes de\nla comunidad de Santa Mar\u00eda Alotepec, seg\u00fan datos recabados las mujeres a\u00fan\npermanecen privadas de su libertad a pesar de las medidas cautelares que ha\nemitido la Defensor\u00eda de Derechos Humanos del Pueblo de Oaxaca\u201d. <\/p>\n\n\n\n<p class=\"wp-block-paragraph\">Tambi\u00e9n\nexhortan a las autoridades de Santa Mar\u00eda Alotepec, Mixe, poner en inmediata\nlibertad a las mujeres ind\u00edgenas privadas de su libertad, y buscar otros\nmecanismo de procuraci\u00f3n de justicia que evite violentar los derechos de las\nmujeres. <\/p>\n\n\n\n<p class=\"wp-block-paragraph\">\u201cHemos\nobservado que las Mujeres Mixes han denunciado en varios momentos que ya est\u00e1n\nhartas de que siempre atropellen sus derechos y que en las comunidades las\nmujeres NO tengan el mismo valor frente a los hombres, por lo que es urgente\nponer atenci\u00f3n para evitar violaciones a los derechos humanos basadas en la\ncondici\u00f3n de g\u00e9nero y origen \u00e9tnico\u201d. <\/p>\n\n\n\n<p class=\"wp-block-paragraph\">Se\u00f1alan\nque estar\u00e1n atentas al seguimiento de la situaci\u00f3n de las mujeres y exigimos\nque se evite actos de presi\u00f3n, hostigamiento y persecuci\u00f3n a las mujeres y sus\nfamiliares quienes han alzado la voz para exigir el respeto a los derechos\nhumanos de sus familiares. <\/p>\n\n\n\n<p class=\"wp-block-paragraph\">Entre\nlas organizaciones firmantes del pronunciamiento est\u00e1n: la Coordinadora\nNacional de Mujeres Ind\u00edgenas (CONAMI), Red Nacional de Abogadas Ind\u00edgenas\n(RAI), Comit\u00e9 de Am\u00e9rica Latina y el Caribe para la Defensa de los Derechos de\nlas Mujeres (CLADEM), Coldiba A.C. \u201cMujeres tejiendo realidades\u201d, Organizaci\u00f3n\nNaci\u00f3n P\u2019urh\u00e9pecha Zapatista, EQUIS &#8211; Justicia para las mujeres, Alianza\nDemocr\u00e1tica para el Desarrollo y la Autogesti\u00f3n, Kegua Rerichejui A.C., Luna\ndel Sur A.C. y otras 15 organizaciones m\u00e1s.<\/p>\n\n\n\n<p class=\"wp-block-paragraph\">SEM\/sj<\/p>\n","protected":false},"excerpt":{"rendered":"<p>Fueron retenidas por negarse a entregar los trastes de cocina<\/p>\n","protected":false},"author":3,"featured_media":10425,"comment_status":"open","ping_status":"open","sticky":false,"template":"","format":"standard","meta":{"_monsterinsights_skip_tracking":false,"footnotes":""},"categories":[690,54],"tags":[],"class_list":["post-10427","post","type-post","status-publish","format-standard","has-post-thumbnail","category-690","category-mujeres"],"_links":{"self":[{"href":"https:\/\/redsemlac.com\/semmexico\/wp-json\/wp\/v2\/posts\/10427","targetHints":{"allow":["GET"]}}],"collection":[{"href":"https:\/\/redsemlac.com\/semmexico\/wp-json\/wp\/v2\/posts"}],"about":[{"href":"https:\/\/redsemlac.com\/semmexico\/wp-json\/wp\/v2\/types\/post"}],"author":[{"embeddable":true,"href":"https:\/\/redsemlac.com\/semmexico\/wp-json\/wp\/v2\/users\/3"}],"replies":[{"embeddable":true,"href":"https:\/\/redsemlac.com\/semmexico\/wp-json\/wp\/v2\/comments?post=10427"}],"version-history":[{"count":0,"href":"https:\/\/redsemlac.com\/semmexico\/wp-json\/wp\/v2\/posts\/10427\/revisions"}],"wp:featuredmedia":[{"embeddable":true,"href":"https:\/\/redsemlac.com\/semmexico\/wp-json\/wp\/v2\/media\/10425"}],"wp:attachment":[{"href":"https:\/\/redsemlac.com\/semmexico\/wp-json\/wp\/v2\/media?parent=10427"}],"wp:term":[{"taxonomy":"category","embeddable":true,"href":"https:\/\/redsemlac.com\/semmexico\/wp-json\/wp\/v2\/categories?post=10427"},{"taxonomy":"post_tag","embeddable":true,"href":"https:\/\/redsemlac.com\/semmexico\/wp-json\/wp\/v2\/tags?post=10427"}],"curies":[{"name":"wp","href":"https:\/\/api.w.org\/{rel}","templated":true}]}}