{"id":104263,"date":"2026-04-06T10:44:12","date_gmt":"2026-04-06T16:44:12","guid":{"rendered":"https:\/\/redsemlac.com\/semmexico\/?p=104263"},"modified":"2026-04-06T10:44:13","modified_gmt":"2026-04-06T16:44:13","slug":"siete-de-cada-10-mujeres-reportan-violencia-sexual-laboral-en-jalisco","status":"publish","type":"post","link":"https:\/\/redsemlac.com\/semmexico\/siete-de-cada-10-mujeres-reportan-violencia-sexual-laboral-en-jalisco\/","title":{"rendered":"Siete de cada 10 mujeres reportan violencia sexual laboral en Jalisco"},"content":{"rendered":"\n<p class=\"wp-block-paragraph\">Fotograf\u00eda: Coordinaci\u00f3n General de Comunicaci\u00f3n Social UdeG<\/p>\n\n\n\n<p class=\"wp-block-paragraph\"><em>La brecha salarial y la falta de reconocimiento profesional limitan la autonom\u00eda econ\u00f3mica femenina en Jalisco.<\/em><\/p>\n\n\n\n<p class=\"wp-block-paragraph\">Isaura L\u00f3pez Villalobos<\/p>\n\n\n\n<p class=\"wp-block-paragraph\">SemM\u00e9xico\/ Radio UDG, Guadalajara,&nbsp;Jalisco, 6 de abril, 2026.- La&nbsp;violencia econ\u00f3mica&nbsp;y laboral sigue limitando la&nbsp;autonom\u00eda de las mujeres&nbsp;en&nbsp;Jalisco.&nbsp;Estudios recientes&nbsp;advierten desigualdad salarial, falta de reconocimiento profesional y su impacto incluso dentro del hogar.<\/p>\n\n\n\n<p class=\"wp-block-paragraph\">De acuerdo con la presidenta de la Asociaci\u00f3n de Mujeres Acad\u00e9micas de la UdeG,&nbsp;Raquel Partida Rocha, la&nbsp;brecha salarial&nbsp;en empleos formales es una de las principales formas de&nbsp;violencia laboral.<\/p>\n\n\n\n<p class=\"wp-block-paragraph\">En un&nbsp;diagn\u00f3stico&nbsp;realizado por investigadoras universitarias revela que&nbsp;siete de cada diez&nbsp;de las mujeres encuestadas reportaron haber sufrido violencia sexual en el \u00e1mbito laboral.<\/p>\n\n\n\n<p class=\"wp-block-paragraph\"><em>\u201cEl 70% dec\u00eda que hab\u00edan sido violentados sexualmente en el estudio y de esas una de las violencias sexuales de un porcentaje de esas tambi\u00e9n sufrieron violencia econ\u00f3mica no eran reconocidas suposiciones ni por su conocimiento.<\/em><\/p>\n\n\n\n<p class=\"wp-block-paragraph\"><em>Entonces las sobajaban o las pon\u00edan en posiciones no de acuerdo a su perfil para que pudieran ellas ganar m\u00e1s. Entonces tambi\u00e9n dentro de estas brechas de desigualdad econ\u00f3mica y salarial es parte de un concepto de violencia laboral\u00bb.<\/em><\/p>\n\n\n\n<p class=\"wp-block-paragraph\">Aunque hay&nbsp;mayor participaci\u00f3n femenina&nbsp;en el mercado laboral, la mayor\u00eda percibe&nbsp;bajos salarios&nbsp;y pocas acceden a cargos directivos, lo que evidencia una&nbsp;desigualdad estructural&nbsp;persistente, adem\u00e1s de la violencia dom\u00e9stica, se\u00f1ala la investigadora.<\/p>\n\n\n\n<ul class=\"wp-block-list\">\n<li>La especialista indica que,\u00a0sin autonom\u00eda econ\u00f3mica, no hay\u00a0verdadera igualdad, aunque las m\u00e9tricas del Estado de\u00a0Jalisco\u00a0se\u00f1alen todo lo contrario.<\/li>\n<\/ul>\n\n\n\n<p class=\"wp-block-paragraph\"><img loading=\"lazy\" decoding=\"async\" alt=\"Isaura L\u00f3pez Villalobos\" src=\"blob:https:\/\/redsemlac.com\/semmexico\/f0a9fde5-5661-420a-a43e-72f318b51b79\" width=\"80\" height=\"80\"><a href=\"https:\/\/udgtv.com\/autor\/isaura-lopez-villalobos\/368\">Isaura L\u00f3pez Villalobos<\/a>: Con 20 a\u00f1os de trayectoria en el periodismo. Fuentes: salud, derechos humanos, g\u00e9nero, social y vida cotidiana. Reportera de Canal 44, EL OCCIDENTAL, labor\u00f3 en la revista Paralelo veinte y radio W con Joel Estevane, y en el programa piloto de Alebrijes de C7. Licenciada en Trabajo Social (UdeG) Carrera t\u00e9cnica en locuci\u00f3n y periodismo. Premios: Premio Jalisco de Periodismo en el a\u00f1o 2007 y 2009, reconocimiento del Instituto Municipal de las Mujeres a\u00f1o 2008 y premio nacional por la Asociaci\u00f3n Nacional de Periodistas de Prensa, Radio y Televisi\u00f3n, A.C. Maestr\u00eda en Desarrollo Organizacional.<\/p>\n\n\n\n<p class=\"wp-block-paragraph\"><\/p>\n","protected":false},"excerpt":{"rendered":"<p>Fotograf\u00eda: Coordinaci\u00f3n General de Comunicaci\u00f3n Social UdeG La brecha salarial y la falta de reconocimiento profesional limitan la autonom\u00eda econ\u00f3mica femenina en Jalisco. Isaura L\u00f3pez Villalobos SemM\u00e9xico\/ Radio UDG, Guadalajara,&nbsp;Jalisco, 6 de abril, 2026.- La&nbsp;violencia econ\u00f3mica&nbsp;y laboral sigue limitando la&nbsp;autonom\u00eda de las mujeres&nbsp;en&nbsp;Jalisco.&nbsp;Estudios recientes&nbsp;advierten desigualdad salarial, falta de reconocimiento profesional y su impacto incluso dentro [&hellip;]<\/p>\n","protected":false},"author":3,"featured_media":104264,"comment_status":"open","ping_status":"open","sticky":false,"template":"","format":"standard","meta":{"_monsterinsights_skip_tracking":false,"footnotes":""},"categories":[48],"tags":[],"class_list":["post-104263","post","type-post","status-publish","format-standard","has-post-thumbnail","category-no-mas-impunidad-no-mas-impunidad"],"_links":{"self":[{"href":"https:\/\/redsemlac.com\/semmexico\/wp-json\/wp\/v2\/posts\/104263","targetHints":{"allow":["GET"]}}],"collection":[{"href":"https:\/\/redsemlac.com\/semmexico\/wp-json\/wp\/v2\/posts"}],"about":[{"href":"https:\/\/redsemlac.com\/semmexico\/wp-json\/wp\/v2\/types\/post"}],"author":[{"embeddable":true,"href":"https:\/\/redsemlac.com\/semmexico\/wp-json\/wp\/v2\/users\/3"}],"replies":[{"embeddable":true,"href":"https:\/\/redsemlac.com\/semmexico\/wp-json\/wp\/v2\/comments?post=104263"}],"version-history":[{"count":0,"href":"https:\/\/redsemlac.com\/semmexico\/wp-json\/wp\/v2\/posts\/104263\/revisions"}],"wp:featuredmedia":[{"embeddable":true,"href":"https:\/\/redsemlac.com\/semmexico\/wp-json\/wp\/v2\/media\/104264"}],"wp:attachment":[{"href":"https:\/\/redsemlac.com\/semmexico\/wp-json\/wp\/v2\/media?parent=104263"}],"wp:term":[{"taxonomy":"category","embeddable":true,"href":"https:\/\/redsemlac.com\/semmexico\/wp-json\/wp\/v2\/categories?post=104263"},{"taxonomy":"post_tag","embeddable":true,"href":"https:\/\/redsemlac.com\/semmexico\/wp-json\/wp\/v2\/tags?post=104263"}],"curies":[{"name":"wp","href":"https:\/\/api.w.org\/{rel}","templated":true}]}}