{"id":104256,"date":"2026-04-01T21:19:10","date_gmt":"2026-04-02T03:19:10","guid":{"rendered":"https:\/\/redsemlac.com\/semmexico\/?p=104256"},"modified":"2026-04-01T21:19:11","modified_gmt":"2026-04-02T03:19:11","slug":"bellas-y-airosas-a-mi-madre","status":"publish","type":"post","link":"https:\/\/redsemlac.com\/semmexico\/bellas-y-airosas-a-mi-madre\/","title":{"rendered":"Bellas y Airosas | A MI MADRE"},"content":{"rendered":"\n<p class=\"wp-block-paragraph\">Elvira Hern\u00e1ndez Carballido<\/p>\n\n\n\n<p class=\"wp-block-paragraph\"><br>SemM\u00e9xico, Pachuca, Hidalgo, 1o. de abril, 2026.- Artemia Carballido Garc\u00cda me<br>ense\u00f1\u00f3 a no celebrarla el 10 de mayo. Su decisi\u00f3n no es feminista ni de rebelde<br>furibunda, lo que pasa es que un d\u00eda antes es su cumplea\u00f1os. Ella naci\u00f3 el 9 de<br>mayo de 1929 y en esa misma fecha la mujer que le dio la vida perdi\u00f3 la suya.<br>Hoy, por fin, se han reencontrado.<br>Mi mam\u00e1 como toda madre inspira a quererla por siempre aunque otras a preferir<br>una prudente distancia para jam\u00e1s dejar de amarla.<br>Nunca nos dej\u00f3 cocinar, ni lavar, ni trapear, primero estudiar, solo estudiar. Su<br>lema era: 10 o la fuerza de su chancla.<br>Complaciente, nunca nos forz\u00f3 a probar nada de comer que no nos gustara.<br>Repet\u00eda frases que con el paso del tiempo se volvieron inolvidables: \u201cestudien para<br>que solamente dependan de ustedes mismas\u201d, \u201cen alguna debe caber la<br>prudencia\u201d, \u201cmejor que te sobre a que te falte, hijita, en vez de diez, te doy veinte<br>pesos\u201d.<br>Naturalmente generosa, me hered\u00f3 esa virtud.<br>La mejor vendedora del mundo, sobre todo, de alhajas oaxaque\u00f1as.Teje m\u00e1s que<br>la misma Pen\u00e9lope. Prefiri\u00f3 irle al Atlante que al Am\u00e9rica. Bat\u00eda con el tenedor las<br>claras y formaba verdaderas monta\u00f1as de espuma blanca que yo jam\u00e1s he podido<br>hacer ni con la batidora. Sus grandes amigas fueron la t\u00eda Conchita, Elina, su<br>prima La Viche, Marina, Lucha y la se\u00f1ora Laura.<br>Tal vez para justificar la diferencia de edades entre ella y mi pap\u00e1, \u00e9l contaba que<br>mi mam\u00e1 se lo hab\u00eda robado a la salida del jard\u00edn de ni\u00f1os. Nunca me preocup\u00f3<br>saber qui\u00e9n de los dos era mayor o menor, prefer\u00eda espiarlos mientras bailaban<br>alguna pieza rom\u00e1ntica de la Sonora Santanera. \u201cS\u00ed se aman\u201d, repet\u00eda<br>emocionada.<br>Me gustaba escucharla cantar: \u201cCari\u00f1o santo, mira c\u00f3mo ando, toda la culpa la<br>tienes t\u00fa\u201d al tiempo que tallaba la ropa en el lavadero de la azotea, en Algar\u00edn.<br>Me jalaba del cabello si me portaba mal, pero tambi\u00e9n de emoci\u00f3n al escuchar que<br>me aprobaban con menci\u00f3n honor\u00edfica en cada examen profesional.<br>Con tal de que mis rebeldes y lacios cabellos se mantuvieran en su lugar, les<br>echaba un poco de lim\u00f3n. Mucho tiempo despu\u00e9s, cuando fui a tomarme las fotos<br>para mi t\u00edtulo de doctorado, se puso a llorar al verme con el cabello tan bien<br>acomodado con el gel: Es que as\u00ed luc\u00edas cuando te peinaba antes de irte a la<br>primaria, musit\u00f3 limpi\u00e1ndose las l\u00e1grimas con la orilla de su blusa.<br>Fui la primera de sus hijas en embarazarse. Me acompa\u00f1aba al ginec\u00f3logo y<br>lloramos emocionadas al ver la carita de mi hijo en el ultrasonido. Me ba\u00f1\u00f3 durante<br>40 d\u00edas despu\u00e9s de mi ces\u00e1rea. Gracias a ella, siempre pude dejar a mi peque\u00f1o<br>en un lugar seguro mientras me iba a reportear o hac\u00eda mi posgrado. Solidaria,<br>estuvo conmigo el d\u00eda que decid\u00ed abortar.<br>El a\u00f1o pasado la letra de la canci\u00f3n Pink Pony Club parec\u00eda adivinar mis \u00faltimos<br>a\u00f1os de relaci\u00f3n con ella:<\/p>\n\n\n\n<p class=\"wp-block-paragraph\">\u201cS\u00e9 que quer\u00edas que me quedara, pero no puedo ignorar las locas visiones de<\/p>\n\n\n\n<p class=\"wp-block-paragraph\">irme.<\/p>\n\n\n\n<p class=\"wp-block-paragraph\">Escuch\u00e9 que hay un lugar especial donde los chicos y las chicas todos los d\u00edas<\/p>\n\n\n\n<p class=\"wp-block-paragraph\">son reinas.<\/p>\n\n\n\n<p class=\"wp-block-paragraph\">No har\u00e9 que mi madre se sienta orgullosa.<br>S\u00e9 que me har\u00e1 un esc\u00e1ndalo y gritar\u00e1:<br>\u00a1Dios! \u00bfQu\u00e9 has hecho?<\/p>\n\n\n\n<p class=\"wp-block-paragraph\">T\u00fa eres una ni\u00f1a de ponys rosas y ahora bailas en el Pink Pony Club.<\/p>\n\n\n\n<p class=\"wp-block-paragraph\">Oh, mami, solamente me divierto,<br>pero no creas que me he olvidado de ti,<\/p>\n\n\n\n<p class=\"wp-block-paragraph\">a\u00fan te amo\u2026\u201d<\/p>\n\n\n\n<p class=\"wp-block-paragraph\">S\u00e9 que lo lament\u00f3, pero despu\u00e9s acept\u00f3 con resignaci\u00f3n que soy la oveja negra<br>de la familia, quiz\u00e1 porque, por esa raz\u00f3n, nunca dejar\u00e9 de preferir el 9 de mayo y<br>siempre le agradecer\u00e9 que haya sido mi madre 63 a\u00f1os 11 meses, hoy<br>eternamente desde el cielo<\/p>\n","protected":false},"excerpt":{"rendered":"<p>Elvira Hern\u00e1ndez Carballido SemM\u00e9xico, Pachuca, Hidalgo, 1o. de abril, 2026.- Artemia Carballido Garc\u00cda meense\u00f1\u00f3 a no celebrarla el 10 de mayo. Su decisi\u00f3n no es feminista ni de rebeldefuribunda, lo que pasa es que un d\u00eda antes es su cumplea\u00f1os. Ella naci\u00f3 el 9 demayo de 1929 y en esa misma fecha la mujer que [&hellip;]<\/p>\n","protected":false},"author":3,"featured_media":70197,"comment_status":"open","ping_status":"open","sticky":false,"template":"","format":"standard","meta":{"_monsterinsights_skip_tracking":false,"footnotes":""},"categories":[202,35],"tags":[],"class_list":["post-104256","post","type-post","status-publish","format-standard","has-post-thumbnail","category-elvira-hernandez-carballido","category-opinion"],"_links":{"self":[{"href":"https:\/\/redsemlac.com\/semmexico\/wp-json\/wp\/v2\/posts\/104256","targetHints":{"allow":["GET"]}}],"collection":[{"href":"https:\/\/redsemlac.com\/semmexico\/wp-json\/wp\/v2\/posts"}],"about":[{"href":"https:\/\/redsemlac.com\/semmexico\/wp-json\/wp\/v2\/types\/post"}],"author":[{"embeddable":true,"href":"https:\/\/redsemlac.com\/semmexico\/wp-json\/wp\/v2\/users\/3"}],"replies":[{"embeddable":true,"href":"https:\/\/redsemlac.com\/semmexico\/wp-json\/wp\/v2\/comments?post=104256"}],"version-history":[{"count":0,"href":"https:\/\/redsemlac.com\/semmexico\/wp-json\/wp\/v2\/posts\/104256\/revisions"}],"wp:featuredmedia":[{"embeddable":true,"href":"https:\/\/redsemlac.com\/semmexico\/wp-json\/wp\/v2\/media\/70197"}],"wp:attachment":[{"href":"https:\/\/redsemlac.com\/semmexico\/wp-json\/wp\/v2\/media?parent=104256"}],"wp:term":[{"taxonomy":"category","embeddable":true,"href":"https:\/\/redsemlac.com\/semmexico\/wp-json\/wp\/v2\/categories?post=104256"},{"taxonomy":"post_tag","embeddable":true,"href":"https:\/\/redsemlac.com\/semmexico\/wp-json\/wp\/v2\/tags?post=104256"}],"curies":[{"name":"wp","href":"https:\/\/api.w.org\/{rel}","templated":true}]}}