{"id":104234,"date":"2026-04-01T07:58:01","date_gmt":"2026-04-01T13:58:01","guid":{"rendered":"https:\/\/redsemlac.com\/semmexico\/?p=104234"},"modified":"2026-04-01T07:58:02","modified_gmt":"2026-04-01T13:58:02","slug":"en-una-semana-dos-feminicidios-vidas-segadas-por-la-violencia-cam-colima-grita-ni-una-mas","status":"publish","type":"post","link":"https:\/\/redsemlac.com\/semmexico\/en-una-semana-dos-feminicidios-vidas-segadas-por-la-violencia-cam-colima-grita-ni-una-mas\/","title":{"rendered":"En una semana dos feminicidios, vidas segadas por la violencia: CAM , Colima, grita Ni una M\u00e1s\u00a0"},"content":{"rendered":"\n<p class=\"wp-block-paragraph\">El grito de NI UNA M\u00c1S, NI UNA M\u00c1S, NI UNA ASESINADA M\u00c1S que coreamos en la marcha del D\u00eda Internacional de la Mujer resuena cuando nos enfrentamos a la reincidencia de los cr\u00edmenes contra las mujeres.<\/p>\n\n\n\n<p class=\"wp-block-paragraph\">&nbsp;Se convierte en una exigencia urgente e inmediata ante la realidad de la violencia en Colima<\/p>\n\n\n\n<p class=\"wp-block-paragraph\">Redacci\u00f3n<\/p>\n\n\n\n<p class=\"wp-block-paragraph\">SemM\u00e9xico, Colima, 1\u00ba. de abril, 2026.- Cuando&nbsp; termina marzo, mes dedicado a la reivindicaci\u00f3n de las mujeres, y dos asesinatos cimbran de nuevo a la sociedad: el de la estudiante Alondra Ceballos Romero y el de otra mujer cuyo nombre no aparece en las notas period\u00edsticas, en Colima, el Centro de Apoyo a la Mujeres reflexiona.<\/p>\n\n\n\n<p class=\"wp-block-paragraph\">Esto feminicidios&nbsp; no es que son&nbsp; los \u00fanicos que ocurren, sino los que logran emerger de la modorra de la opini\u00f3n p\u00fablica, que trascienden por la indignaci\u00f3n de las familias o de personas cercanas a las v\u00edctimas, o porque la sociedad reclama. Otros cr\u00edmenes quedan como Una m\u00e1s, y nada m\u00e1s.<\/p>\n\n\n\n<p class=\"wp-block-paragraph\">Poco se ha dicho en los medios de estos dos \u00faltimos asesinatos y las autoridades del estado no dan informaci\u00f3n oportuna sobre lo ocurrido. \u00bfAcaso la normalizaci\u00f3n de la violencia deja cada vez m\u00e1s indiferentes? La poca informaci\u00f3n que se ha manejado ha sido irresponsable al decir que el asesinato de la estudiante Alondra fue accidental, que el arma se le dispar\u00f3 sin querer al agresor; a este delito se llama \u201chomicidio culposo\u201d en el C\u00f3digo Penal.<\/p>\n\n\n\n<p class=\"wp-block-paragraph\">&nbsp;As\u00ed, sin que hubiera una investigaci\u00f3n apegada a la ley, r\u00e1pidamente se manej\u00f3 la idea de que fue accidental. \u00bfQui\u00e9n dio esta informaci\u00f3n a los pocos medios que han sacado nota? Se pueden hacer conjeturas. Podemos suponer que es porque no son los mismos a\u00f1os de c\u00e1rcel por homicidio culposo (de 2 a 8 a\u00f1os) que por feminicidio (de 40 a 60 a\u00f1os).&nbsp;<\/p>\n\n\n\n<p class=\"wp-block-paragraph\">Estos dos cr\u00edmenes deben investigarse exhaustivamente. Se\u00f1ala el protocolo que: \u201cEl feminicidio es la muerte violenta de mujeres por razones de g\u00e9nero, por lo tanto, toda muerte violenta de mujeres se debe investigar desde el inicio con perspectiva de g\u00e9nero, es decir, como un probable feminicidio. En el transcurso de la investigaci\u00f3n se podr\u00e1 o no, descartar \u00e9sta hip\u00f3tesis\u201d.<\/p>\n\n\n\n<p class=\"wp-block-paragraph\">El mismo protocolo indica que debe aplicarse: \u201cEn todos los casos de muertes violentas de mujeres, incluidas aquellas que parecer\u00edan haber sido causadas por motivos criminales, suicidio y algunos accidentes\u201d.<\/p>\n\n\n\n<figure class=\"wp-block-image size-full\"><a href=\"https:\/\/redsemlac.com\/semmexico\/wp-content\/uploads\/2026\/04\/image.jpeg\"><img loading=\"lazy\" decoding=\"async\" width=\"459\" height=\"248\" src=\"https:\/\/redsemlac.com\/semmexico\/wp-content\/uploads\/2026\/04\/image.jpeg\" alt=\"\" class=\"wp-image-104235\" srcset=\"https:\/\/redsemlac.com\/semmexico\/wp-content\/uploads\/2026\/04\/image.jpeg 459w, https:\/\/redsemlac.com\/semmexico\/wp-content\/uploads\/2026\/04\/image-300x162.jpeg 300w, https:\/\/redsemlac.com\/semmexico\/wp-content\/uploads\/2026\/04\/image-150x81.jpeg 150w\" sizes=\"auto, (max-width: 459px) 100vw, 459px\" \/><\/a><\/figure>\n\n\n\n<p class=\"wp-block-paragraph\">Debe investigarse como se\u00f1ala el protocolo, con la debida diligencia llevar a cabo dentro de un plazo razonable todas aquellas actuaciones y averiguaciones que sean necesarias para llegar a la verdad y las correspondientes responsabilidades penales.<\/p>\n\n\n\n<p class=\"wp-block-paragraph\">DERRIBEMOS LOS MUROS DE LA INDIFERENCIA Y LA IMPUNIDAD<\/p>\n\n\n\n<p class=\"wp-block-paragraph\">NO NOS CANSAMOS DE EXIGIR&nbsp;<\/p>\n\n\n\n<p class=\"wp-block-paragraph\">\u201cNI UNA MUJER ASESINADA M\u00c1S\u00bb<\/p>\n\n\n\n<p class=\"wp-block-paragraph\">Colima, Col., a 31 de marzo de 2026.<\/p>\n","protected":false},"excerpt":{"rendered":"<p>El grito de NI UNA M\u00c1S, NI UNA M\u00c1S, NI UNA ASESINADA M\u00c1S que coreamos en la marcha del D\u00eda Internacional de la Mujer resuena cuando nos enfrentamos a la reincidencia de los cr\u00edmenes contra las mujeres. &nbsp;Se convierte en una exigencia urgente e inmediata ante la realidad de la violencia en Colima Redacci\u00f3n SemM\u00e9xico, [&hellip;]<\/p>\n","protected":false},"author":3,"featured_media":104236,"comment_status":"open","ping_status":"open","sticky":false,"template":"","format":"standard","meta":{"_monsterinsights_skip_tracking":false,"footnotes":""},"categories":[48],"tags":[],"class_list":["post-104234","post","type-post","status-publish","format-standard","has-post-thumbnail","category-no-mas-impunidad-no-mas-impunidad"],"_links":{"self":[{"href":"https:\/\/redsemlac.com\/semmexico\/wp-json\/wp\/v2\/posts\/104234","targetHints":{"allow":["GET"]}}],"collection":[{"href":"https:\/\/redsemlac.com\/semmexico\/wp-json\/wp\/v2\/posts"}],"about":[{"href":"https:\/\/redsemlac.com\/semmexico\/wp-json\/wp\/v2\/types\/post"}],"author":[{"embeddable":true,"href":"https:\/\/redsemlac.com\/semmexico\/wp-json\/wp\/v2\/users\/3"}],"replies":[{"embeddable":true,"href":"https:\/\/redsemlac.com\/semmexico\/wp-json\/wp\/v2\/comments?post=104234"}],"version-history":[{"count":0,"href":"https:\/\/redsemlac.com\/semmexico\/wp-json\/wp\/v2\/posts\/104234\/revisions"}],"wp:featuredmedia":[{"embeddable":true,"href":"https:\/\/redsemlac.com\/semmexico\/wp-json\/wp\/v2\/media\/104236"}],"wp:attachment":[{"href":"https:\/\/redsemlac.com\/semmexico\/wp-json\/wp\/v2\/media?parent=104234"}],"wp:term":[{"taxonomy":"category","embeddable":true,"href":"https:\/\/redsemlac.com\/semmexico\/wp-json\/wp\/v2\/categories?post=104234"},{"taxonomy":"post_tag","embeddable":true,"href":"https:\/\/redsemlac.com\/semmexico\/wp-json\/wp\/v2\/tags?post=104234"}],"curies":[{"name":"wp","href":"https:\/\/api.w.org\/{rel}","templated":true}]}}