{"id":104230,"date":"2026-04-01T07:57:07","date_gmt":"2026-04-01T13:57:07","guid":{"rendered":"https:\/\/redsemlac.com\/semmexico\/?p=104230"},"modified":"2026-04-01T07:57:09","modified_gmt":"2026-04-01T13:57:09","slug":"denuncian-madres-buscadoras-del-sur-de-chihuahua-subregistro-en-cifras-de-desaparicion-en-mexico","status":"publish","type":"post","link":"https:\/\/redsemlac.com\/semmexico\/denuncian-madres-buscadoras-del-sur-de-chihuahua-subregistro-en-cifras-de-desaparicion-en-mexico\/","title":{"rendered":"Denuncian madres buscadoras del sur de Chihuahua subregistro en cifras de desaparici\u00f3n en M\u00e9xico"},"content":{"rendered":"\n<p class=\"wp-block-paragraph\">Colectivo exige transparencia en cifras de b\u00fasqueda&nbsp;\/&nbsp;Foto: Rosy Reyes\/ El Sol de Parral<\/p>\n\n\n\n<p class=\"wp-block-paragraph\">Integrantes del colectivo 10 de Octubre exponen la brecha entre carpetas de investigaci\u00f3n y la realidad que enfrentan las familias rastreadoras<\/p>\n\n\n\n<p class=\"wp-block-paragraph\">Isaac Molina<\/p>\n\n\n\n<p class=\"wp-block-paragraph\">SemM\u00e9xico\/El Sol de M\u00e9xico,&nbsp; Parral, Chihuahua 1\u00ba. de abril, 2026.-El&nbsp;Colectivo&nbsp;10 de Octubre de&nbsp;Madres Buscadoras&nbsp;de la regi\u00f3n sur de Chihuahua cuestion\u00f3 de manera severa las cifras de&nbsp;personas desaparecidas&nbsp;presentadas por la Federaci\u00f3n, al se\u00f1alar que est\u00e1n construidas \u00fanicamente a partir de carpetas de investigaci\u00f3n, cuando en la realidad \u201cson muchas m\u00e1s las personas que faltan\u201d, adem\u00e1s de denunciar que, ante la inacci\u00f3n oficial, \u201cel Estado parece un espectador y las&nbsp;madres&nbsp;terminan siendo las&nbsp;investigadoras\u201d.<\/p>\n\n\n\n<p class=\"wp-block-paragraph\">De acuerdo con integrantes del colectivo, los&nbsp;<strong>datos oficiales<\/strong>&nbsp;no logran dimensionar la magnitud del problema, ya que no todos los casos son&nbsp;<strong>denunciados<\/strong>&nbsp;o correctamente integrados. \u201cSe basan en&nbsp;<strong>carpetas de investigaci\u00f3n<\/strong>&nbsp;y pues son much\u00edsimas m\u00e1s\u201d, expresaron, al advertir que existe un subregistro importante en el pa\u00eds.<\/p>\n\n\n\n<p class=\"wp-block-paragraph\">Aunado a ello, se\u00f1alaron que no basta con abrir carpetas, pues muchas de ellas no reciben<strong>&nbsp;seguimiento adecuado&nbsp;<\/strong>por parte de las autoridades, lo que deja a las familias en el&nbsp;<strong>abandono institucional<\/strong>. Esta situaci\u00f3n, dijeron, genera una profunda desconfianza hacia los mecanismos oficiales de b\u00fasqueda.<\/p>\n\n\n\n<p class=\"wp-block-paragraph\">En ese contexto, calificaron el panorama como ca\u00f3tico, al considerar que&nbsp;<strong>no existe una estrategia<\/strong>&nbsp;clara&nbsp;<strong>ni resultados<\/strong>&nbsp;contundentes en la localizaci\u00f3n de personas desaparecidas, pese a la gravedad de la&nbsp;<strong>crisis<\/strong>.<\/p>\n\n\n\n<p class=\"wp-block-paragraph\">Te puede interesar:&nbsp;<a href=\"https:\/\/oem.com.mx\/elsoldeparral\/local\/mayel-te-extrano-hace-8-anos-que-mariana-espera-un-abrazo-de-su-hermano-desaparecido-en-jimenez-28882631.app.json\">\u201cMayel, te extra\u00f1o\u201d: Hace 8 a\u00f1os que Mariana espera un abrazo de su hermano desaparecido en Jim\u00e9nez<\/a><\/p>\n\n\n\n<p class=\"wp-block-paragraph\">Respecto a la actualizaci\u00f3n del&nbsp;<strong>Protocolo Homologado de B\u00fasqueda<\/strong>&nbsp;para Personas No Localizadas, indicaron que apenas este d\u00eda comenzaron a recibir la informaci\u00f3n por parte de la Federaci\u00f3n, por lo que a\u00fan se encuentran en proceso de revisi\u00f3n.<\/p>\n\n\n\n<p class=\"wp-block-paragraph\">No obstante, manifestaron dudas sobre su correcta aplicaci\u00f3n, al se\u00f1alar que en M\u00e9xico el&nbsp;<strong>problema<\/strong>&nbsp;no radica en la&nbsp;<strong>falta de leyes<\/strong>, sino en su&nbsp;<strong>incumplimiento<\/strong>. \u201cLas leyes son buenas, pero desafortunadamente no las aplican\u201d, afirmaron, en referencia tanto al protocolo como a la&nbsp;<strong>Ley General de V\u00edctimas<\/strong>.<\/p>\n\n\n\n<p class=\"wp-block-paragraph\">El colectivo tambi\u00e9n subray\u00f3 que, en la pr\u00e1ctica, la&nbsp;<strong>intervenci\u00f3n efectiva<\/strong>&nbsp;de las autoridades es incierta y muchas veces depende de factores externos. \u201cSe necesita suerte para que las autoridades intervengan de manera precisa\u201d, lamentaron.<\/p>\n\n\n\n<p class=\"wp-block-paragraph\">!<\/p>\n\n\n\n<p class=\"wp-block-paragraph\">Finalmente, reiteraron que existe una brecha entre el&nbsp;<strong>discurso oficial<\/strong>&nbsp;y la realidad que enfrentan las familias, al denunciar \u201cmuch\u00edsima&nbsp;<strong>demagogia<\/strong>\u201d en torno al tema, mientras ellas contin\u00faan encabezando las&nbsp;<strong>b\u00fasquedas<\/strong>&nbsp;y las&nbsp;<strong>investigaciones<\/strong>&nbsp;ante la ausencia de una respuesta efectiva del Estado.<\/p>\n","protected":false},"excerpt":{"rendered":"<p>Colectivo exige transparencia en cifras de b\u00fasqueda&nbsp;\/&nbsp;Foto: Rosy Reyes\/ El Sol de Parral Integrantes del colectivo 10 de Octubre exponen la brecha entre carpetas de investigaci\u00f3n y la realidad que enfrentan las familias rastreadoras Isaac Molina SemM\u00e9xico\/El Sol de M\u00e9xico,&nbsp; Parral, Chihuahua 1\u00ba. de abril, 2026.-El&nbsp;Colectivo&nbsp;10 de Octubre de&nbsp;Madres Buscadoras&nbsp;de la regi\u00f3n sur de Chihuahua [&hellip;]<\/p>\n","protected":false},"author":3,"featured_media":104231,"comment_status":"open","ping_status":"open","sticky":false,"template":"","format":"standard","meta":{"_monsterinsights_skip_tracking":false,"footnotes":""},"categories":[48],"tags":[],"class_list":["post-104230","post","type-post","status-publish","format-standard","has-post-thumbnail","category-no-mas-impunidad-no-mas-impunidad"],"_links":{"self":[{"href":"https:\/\/redsemlac.com\/semmexico\/wp-json\/wp\/v2\/posts\/104230","targetHints":{"allow":["GET"]}}],"collection":[{"href":"https:\/\/redsemlac.com\/semmexico\/wp-json\/wp\/v2\/posts"}],"about":[{"href":"https:\/\/redsemlac.com\/semmexico\/wp-json\/wp\/v2\/types\/post"}],"author":[{"embeddable":true,"href":"https:\/\/redsemlac.com\/semmexico\/wp-json\/wp\/v2\/users\/3"}],"replies":[{"embeddable":true,"href":"https:\/\/redsemlac.com\/semmexico\/wp-json\/wp\/v2\/comments?post=104230"}],"version-history":[{"count":0,"href":"https:\/\/redsemlac.com\/semmexico\/wp-json\/wp\/v2\/posts\/104230\/revisions"}],"wp:featuredmedia":[{"embeddable":true,"href":"https:\/\/redsemlac.com\/semmexico\/wp-json\/wp\/v2\/media\/104231"}],"wp:attachment":[{"href":"https:\/\/redsemlac.com\/semmexico\/wp-json\/wp\/v2\/media?parent=104230"}],"wp:term":[{"taxonomy":"category","embeddable":true,"href":"https:\/\/redsemlac.com\/semmexico\/wp-json\/wp\/v2\/categories?post=104230"},{"taxonomy":"post_tag","embeddable":true,"href":"https:\/\/redsemlac.com\/semmexico\/wp-json\/wp\/v2\/tags?post=104230"}],"curies":[{"name":"wp","href":"https:\/\/api.w.org\/{rel}","templated":true}]}}