{"id":104226,"date":"2026-04-01T07:54:49","date_gmt":"2026-04-01T13:54:49","guid":{"rendered":"https:\/\/redsemlac.com\/semmexico\/?p=104226"},"modified":"2026-04-01T07:54:50","modified_gmt":"2026-04-01T13:54:50","slug":"el-lado-no-tan-glamoroso-de-la-moda-explotacion-laboral-de-migrantes","status":"publish","type":"post","link":"https:\/\/redsemlac.com\/semmexico\/el-lado-no-tan-glamoroso-de-la-moda-explotacion-laboral-de-migrantes\/","title":{"rendered":"El lado no tan glamoroso de la moda, explotaci\u00f3n laboral de migrantes\u00a0"},"content":{"rendered":"\n<p class=\"wp-block-paragraph\">En Buenos Aires se llev\u00f3 a cabo la Semana de la Moda, mientras el sector textil argentino enfrenta una de sus crisis m\u00e1s profundas en d\u00e9cadas.&nbsp;\/&nbsp;Foto: Reuters<\/p>\n\n\n\n<p class=\"wp-block-paragraph\">La industria de la moda&nbsp; en crisis por su&nbsp; forma de laborar y enga\u00f1ar<\/p>\n\n\n\n<p class=\"wp-block-paragraph\">Desde Italia hasta Argentina, el sector textil enfrenta retos que comprometen en algunos casos la credibilidad e incluso la viabilidad de las empresas que se dedican a este rubro<\/p>\n\n\n\n<p class=\"wp-block-paragraph\">Emilio Parodi y Cassandra Garrison<\/p>\n\n\n\n<p class=\"wp-block-paragraph\">SemM\u00e9xico\/El Sol de M\u00e9xico, Mundo, 1\u00ba. de abril, 2026.- Esta semana, la&nbsp;fiscal\u00eda de Mil\u00e1n&nbsp;someti\u00f3 a las empresas de moda Alberto Aspesi y Dama SpA&nbsp;-propietaria de la marca&nbsp;Paul &amp; Shark- a&nbsp;supervisi\u00f3n judicial por&nbsp;presunta explotaci\u00f3n&nbsp;de trabajadores y trabajadoras migrantes, lo que supone el m\u00e1s reciente golpe para el sector del&nbsp;lujo&nbsp;en&nbsp;Italia.<\/p>\n\n\n\n<p class=\"wp-block-paragraph\">Con esta medida, ya son siete las&nbsp;marcas de alta gama sometidas a diversas formas de administraci\u00f3n judicial por presuntas infracciones laborales, mientras que otras 13 han sido objeto de inspecciones, casos que han empa\u00f1ado la imagen del sector.<\/p>\n\n\n\n<p class=\"wp-block-paragraph\">Seg\u00fan un auto judicial de 63 p\u00e1ginas al que tuvo acceso&nbsp;Reuters, la fiscal\u00eda ha puesto bajo&nbsp;investigaci\u00f3n&nbsp;a las dos&nbsp;empresas, junto con sus dos directores y tres ciudadanos chinos propietarios de dos talleres a los que las marcas hab\u00edan subcontratado la producci\u00f3n.<\/p>\n\n\n\n<p class=\"wp-block-paragraph\">El hecho de estar bajo&nbsp;investigaci\u00f3n&nbsp;no implica culpabilidad ni significa que el caso vaya a&nbsp;juicio.<\/p>\n\n\n\n<p class=\"wp-block-paragraph\">Aspesi y Dama&nbsp;no estuvieron disponibles para hacer comentarios.<\/p>\n\n\n\n<p class=\"wp-block-paragraph\">La fiscal\u00eda nombr\u00f3 a dos administradores judiciales para&nbsp;supervisar a las empresas con el fin de \u201cregularizar\u201d a sus trabajadores&nbsp;y controlar el cumplimiento de las normas y condiciones laborales.<\/p>\n\n\n\n<p class=\"wp-block-paragraph\">El decreto alegaba que las dos empresas formaban parte de \u201cun sistema arraigado y probado en el que las marcas de moda subcontratan la producci\u00f3n a&nbsp;talleres chinos&nbsp;que emplean&nbsp;mano de obra irregular e indocumentada&nbsp;y&nbsp;explotan a los trabajadores\u201d.<\/p>\n\n\n\n<p class=\"wp-block-paragraph\">En los dos talleres, la polic\u00eda fiscal de la&nbsp;Guardia di Finanza&nbsp;descubri\u00f3 que&nbsp;ocho de los quince trabajadores chinos no figuraban en las n\u00f3minas&nbsp;y \u201cviv\u00edan en el pa\u00eds de forma ilegal\u201d.<\/p>\n\n\n\n<p class=\"wp-block-paragraph\">El decreto indicaba que&nbsp;se les obligaba a trabajar 14 horas al d\u00eda, siete d\u00edas a la semana, con salarios inferiores al m\u00ednimo establecido por los convenios colectivos y en incumplimiento de las normas de seguridad.&nbsp;Muchos viv\u00edan dentro de las f\u00e1bricas.<\/p>\n\n\n\n<p class=\"wp-block-paragraph\"><strong>Mientras tanto en Argentina<\/strong><\/p>\n\n\n\n<p class=\"wp-block-paragraph\">La&nbsp;semana de la moda de Buenos Aires&nbsp;se llena de&nbsp;modelos&nbsp;que muestran las&nbsp;creaciones de dise\u00f1adores locales, algunos muy conocidos y otros que aspiran a abrirse paso en una de las capitales de la moda m\u00e1s influyentes de&nbsp;Am\u00e9rica Latina.<\/p>\n\n\n\n<p class=\"wp-block-paragraph\">Pero este a\u00f1o el glamour de las pasarelas contrasta marcadamente con la agitaci\u00f3n que hay detr\u00e1s:&nbsp;el sector textil y de confecci\u00f3n del pa\u00eds est\u00e1 entrando en una de sus peores recesiones en d\u00e9cadas, golpeado por importaciones ultrabaratas que est\u00e1n inundando el mercado.<\/p>\n\n\n\n<p class=\"wp-block-paragraph\">La agenda de apertura del mercado del presidente&nbsp;Javier Milei, orientada a desregular el comercio, impulsar la competencia y&nbsp;bajar los precios, ha acelerado este cambio.<\/p>\n\n\n\n<p class=\"wp-block-paragraph\">El a\u00f1o pasado, su Gobierno redujo los aranceles a la ropa y el calzado del 35 al \u200b\u200b20 por ciento&nbsp;y&nbsp;flexibiliz\u00f3 las normas para las compras al extranjero&nbsp;de comercio electr\u00f3nico, elevando en 2024 el umbral de exenci\u00f3n de aranceles para los env\u00edos de mensajer\u00eda a 400 d\u00f3lares.<\/p>\n\n\n\n<p class=\"wp-block-paragraph\">Las pol\u00edticas de Milei han ayudado a controlar la inflaci\u00f3n y estabilizar los precios, pero al combinarse con importaciones m\u00e1s baratas, las medidas han desencadenado una contracci\u00f3n econ\u00f3mica y un sufrimiento profundo para industrias nacionales como la textil.<\/p>\n\n\n\n<p class=\"wp-block-paragraph\">\u201cEst\u00e1 un poco raro el entorno an\u00edmicamente (&#8230;) est\u00e1n todos un poco m\u00e1s tristes, m\u00e1s estresados, es m\u00e1s dif\u00edcil llegar a fin de mes\u201d, dijo la dise\u00f1adora de vestidos de novia&nbsp;Valentina Schuchner&nbsp;mientras hac\u00eda los preparativos de \u00faltimo minuto de su colecci\u00f3n de este mes para la semana de la moda, conocida como&nbsp;BAFWEEK.<\/p>\n\n\n\n<p class=\"wp-block-paragraph\">Schuchner dijo que se siente afortunada de presentar su colecci\u00f3n en&nbsp;BAFWEEK&nbsp;por cuarta vez. Sin embargo, lament\u00f3 que otras marcas locales est\u00e9n desapareciendo a su alrededor.<\/p>\n\n\n\n<p class=\"wp-block-paragraph\">\u201cNo se est\u00e1 vendiendo tanto, no hay tanto consumo (&#8230;) la gente no tiene tanto dinero para gastar en ropa por ah\u00ed o en darse lujos\u201d, dijo.<\/p>\n\n\n\n<p class=\"wp-block-paragraph\">Un portavoz del&nbsp;Ministerio de Comercio&nbsp;de Milei&nbsp;se neg\u00f3 a hacer comentarios para esta historia.<\/p>\n\n\n\n<p class=\"wp-block-paragraph\"><strong>Se reduce la fuerza laboral<\/strong><\/p>\n\n\n\n<p class=\"wp-block-paragraph\">Para los fabricantes nacionales, competir es dif\u00edcil.&nbsp;El sector textil argentino ha reducido su plantilla en un 16 por ciento desde 2023, pasando de unos 121 mil empleados a 102 mil a finales del a\u00f1o pasado, seg\u00fan datos del sector publicados en febrero.<\/p>\n\n\n\n<p class=\"wp-block-paragraph\">En la planta textil familiar&nbsp;Amesud, ubicada en la zona industrial de&nbsp;San Mart\u00edn, en las afueras de&nbsp;Buenos Aires, el director ejecutivo&nbsp;David Kim&nbsp;dijo que la f\u00e1brica est\u00e1 funcionando a solo el 30 por ciento de su capacidad.<\/p>\n\n\n\n<p class=\"wp-block-paragraph\">Despu\u00e9s de invertir 10 millones de d\u00f3lares en maquinaria importada durante la \u00faltima d\u00e9cada para satisfacer la demanda de clientes como&nbsp;Nike, Puma&nbsp;y la marca local de ropa infantil&nbsp;Mimo &amp; Co., gran parte del equipo ahora se encuentra inactivo.<\/p>\n\n\n\n<p class=\"wp-block-paragraph\">\u201cEsta es la peor crisis de nuestra historia\u201d, dijo Kim desde la f\u00e1brica, donde muchas de las m\u00e1quinas estaban apagadas una tarde de un d\u00eda laborable.<\/p>\n\n\n\n<p class=\"wp-block-paragraph\">\u201cNo tenemos ning\u00fan problema en competir, pero&nbsp;necesitamos que no nos pisen con impuestos y con cargas laborales y con cargas sindicales&nbsp;que en otros pa\u00edses no existen\u201d, a\u00f1adi\u00f3.<\/p>\n\n\n\n<p class=\"wp-block-paragraph\">Como los pedidos se desplomaron,&nbsp;Kim redujo su personal de unos 420 trabajadores&nbsp;a aproximadamente 240 y redujo los d\u00edas de producci\u00f3n por semana de cinco a cuatro.<\/p>\n\n\n\n<p class=\"wp-block-paragraph\">\u201cTenemos miedo de que en alg\u00fan momento ni siquiera podamos llegar a cubrir nuestros costos con esa baja\u201d, dijo Kim. \u201cTenemos temor de que muchas de las industrias de nuestro rubro desaparezcan\u201d, a\u00f1adi\u00f3.<\/p>\n","protected":false},"excerpt":{"rendered":"<p>En Buenos Aires se llev\u00f3 a cabo la Semana de la Moda, mientras el sector textil argentino enfrenta una de sus crisis m\u00e1s profundas en d\u00e9cadas.&nbsp;\/&nbsp;Foto: Reuters La industria de la moda&nbsp; en crisis por su&nbsp; forma de laborar y enga\u00f1ar Desde Italia hasta Argentina, el sector textil enfrenta retos que comprometen en algunos casos [&hellip;]<\/p>\n","protected":false},"author":3,"featured_media":104227,"comment_status":"open","ping_status":"open","sticky":false,"template":"","format":"standard","meta":{"_monsterinsights_skip_tracking":false,"footnotes":""},"categories":[702],"tags":[],"class_list":["post-104226","post","type-post","status-publish","format-standard","has-post-thumbnail","category-economia"],"_links":{"self":[{"href":"https:\/\/redsemlac.com\/semmexico\/wp-json\/wp\/v2\/posts\/104226","targetHints":{"allow":["GET"]}}],"collection":[{"href":"https:\/\/redsemlac.com\/semmexico\/wp-json\/wp\/v2\/posts"}],"about":[{"href":"https:\/\/redsemlac.com\/semmexico\/wp-json\/wp\/v2\/types\/post"}],"author":[{"embeddable":true,"href":"https:\/\/redsemlac.com\/semmexico\/wp-json\/wp\/v2\/users\/3"}],"replies":[{"embeddable":true,"href":"https:\/\/redsemlac.com\/semmexico\/wp-json\/wp\/v2\/comments?post=104226"}],"version-history":[{"count":0,"href":"https:\/\/redsemlac.com\/semmexico\/wp-json\/wp\/v2\/posts\/104226\/revisions"}],"wp:featuredmedia":[{"embeddable":true,"href":"https:\/\/redsemlac.com\/semmexico\/wp-json\/wp\/v2\/media\/104227"}],"wp:attachment":[{"href":"https:\/\/redsemlac.com\/semmexico\/wp-json\/wp\/v2\/media?parent=104226"}],"wp:term":[{"taxonomy":"category","embeddable":true,"href":"https:\/\/redsemlac.com\/semmexico\/wp-json\/wp\/v2\/categories?post=104226"},{"taxonomy":"post_tag","embeddable":true,"href":"https:\/\/redsemlac.com\/semmexico\/wp-json\/wp\/v2\/tags?post=104226"}],"curies":[{"name":"wp","href":"https:\/\/api.w.org\/{rel}","templated":true}]}}