{"id":104199,"date":"2026-03-30T20:31:10","date_gmt":"2026-03-31T02:31:10","guid":{"rendered":"https:\/\/redsemlac.com\/semmexico\/?p=104199"},"modified":"2026-03-30T20:31:11","modified_gmt":"2026-03-31T02:31:11","slug":"la-opinion-el-cuarto-reich","status":"publish","type":"post","link":"https:\/\/redsemlac.com\/semmexico\/la-opinion-el-cuarto-reich\/","title":{"rendered":"La Opini\u00f3n| El cuarto Reich"},"content":{"rendered":"\n<p class=\"wp-block-paragraph\">David Mart\u00edn del Campo<\/p>\n\n\n\n<p class=\"wp-block-paragraph\">SemM\u00e9xico, Ciudad de M\u00e9xico, 30 de marzo, 2026.- El personaje es severo, pero a la vez un poco zoquete. Usa gafas oscuras, luce sus medallas en la casaca, es chaparrito de dar risa. Los lectores sab\u00edamos que se trataba de una caricatura del dictador Augusto Pinochet (tal vez Rafael Videla) cometiendo tropel\u00edas y abusos al por mayor. El cart\u00f3n apareci\u00f3 en las p\u00e1ginas medias del diario Unom\u00e1suno y dur\u00f3 all\u00ed una eternidad. Luego se mud\u00f3 a LaJornada y ya se habr\u00e1 perdido en el conf\u00edn de las rotativas, toda vez que su autor, el chileno Jos\u00e9 Palomo, pas\u00f3 a mejor vida el s\u00e1bado pasado.<\/p>\n\n\n\n<p class=\"wp-block-paragraph\">Aquel diario se fue poblando de exiliados sudamericanos a pasto. Tambi\u00e9n los hab\u00eda guatemaltecos (J. Manuel Fortuny), dominicanos (Ram\u00f3n E. Colombo), salvadore\u00f1os (Ren\u00e9 Arteaga). Sin embargo, el grueso de los inmigrantes era de origen argentino, y varios chilenos, como Palomo. Discreto, amable, de pocas palabras, falleci\u00f3 a los 82 a\u00f1os sin haber retornado a su natal Santiago de Chile, de donde migr\u00f3 en 1973, tras el golpe de estado contra el presidente Salvador Allende.<\/p>\n\n\n\n<p class=\"wp-block-paragraph\">Fue la circunstancia que marc\u00f3 a mi generaci\u00f3n. El gobierno de la Unidad Popular Chilena, que se presentaba como la primera instancia del \u201carribo al socialismo\u201d por la v\u00eda electoral. Sus apoyos incondicionales eran Fidel Castro, en Cuba, y Luis Echeverr\u00eda, en M\u00e9xico. Del primero se dice que le obsequi\u00f3 un fusil Kalashinikov \u201cpara que lo empleara si llegase el momento\u201d, que fue el 11 de septiembre de 1973, cuando todo se vino abajo y Allende debi\u00f3 emplearlo para disparar contra los aviones que bombardeaban el Palacio de La Moneda, y contra \u00e9l mismo, con la \u00faltima bala.<\/p>\n\n\n\n<p class=\"wp-block-paragraph\">El presidente Echeverr\u00eda lo recibi\u00f3 como invitado de honor en el invierno de 1972, con giras por el Distrito Federal y Guadalajara, donde el chileno pronunci\u00f3 un discurso que anunciaba su despedida. \u201cSer joven y no ser revolucionario es una contradicci\u00f3n de la vida\u201d. La disertaci\u00f3n fue en el Paraninfo de Medicina de la UdeG; yo estuve ah\u00ed. Diez meses despu\u00e9s fue la asonada, y esa misma tarde, en el tejado de la embajada chilena, Hugo Guti\u00e9rrez Vega lanz\u00f3 una arenga \u201ccontra los esbirros de los espadones\u201d, para formar las brigadas de combatientes que ir\u00edamos a luchar en defensa del presidente Allende que, en esos minutos, pasaba a mejor vida.<\/p>\n\n\n\n<p class=\"wp-block-paragraph\">Por cierto, que, en una confesi\u00f3n a\u00f1os despu\u00e9s, Guti\u00e9rrez Vega, como presidente del Comit\u00e9 de Solidaridad con el Pueblo Chileno, me contaba una an\u00e9cdota que ni James Bond:<\/p>\n\n\n\n<p class=\"wp-block-paragraph\">\u2013Por aquel tiempo (1974-75), viendo que el gobierno del s\u00e1trapa se consolidaba en Chile, se abri\u00f3 una rendija de perd\u00f3n y libertad. Nos hicieron saber en el Comit\u00e9 que el gobierno pinochetista estar\u00eda dispuesto a&nbsp;<em>liberar<\/em>&nbsp;a algunos presos de cierto renombre, un trueque en met\u00e1lico, ni m\u00e1s ni menos. Un preso por una maleta llena de dinero. Estrictamente, 150 fajos de billetes de 20 d\u00f3lares en cada valija. Lo hablamos con don Mario Moya Palencia, secretario de Gobernaci\u00f3n, quien nos dio todas las facilidades para el intercambio, pero, eso s\u00ed, que guard\u00e1ramos la reserva del caso porque de lo contrario\u2026 y la comunidad de exiliados hicieron una campa\u00f1a secreta de recolecci\u00f3n de d\u00f3lares, que el gobierno luego&nbsp;<em>acomplet\u00f3<\/em>, como decimos. Viajamos a la base militar de R\u00edo Hato, en Panam\u00e1, gobernada entonces por el general Omar Torrijos. Y s\u00ed, volamos en un avi\u00f3n de la Fuerza A\u00e9rea Mexicana con 80 asientos, en cada uno amarrada una maletita con aquellos d\u00f3lares. Aterrizamos y pocos minutos despu\u00e9s descendi\u00f3 una nave del ej\u00e9rcito chileno. Yo era el interlocutor mexicano, acompa\u00f1ado por tres oficiales del ej\u00e9rcito, y de la parte chilena lo mismo, tres coroneles cuyos nombres no recuerdo. Y as\u00ed, con la lista en mano, procedi\u00f3 el cambalache: medio centenar de presos que, ah\u00ed mismo, eran liberados de las esposas que los maniataban. Y asunto acabado, cada avi\u00f3n de regreso y sanseacab\u00f3.<\/p>\n\n\n\n<p class=\"wp-block-paragraph\">De no creerse.<\/p>\n\n\n\n<p class=\"wp-block-paragraph\">Igualmente, chileno, fugado de la barbarie militarista, fue el buen Poli D\u00e9lano, escritor que muy pronto se asent\u00f3 en la florida Cuernavaca (viv\u00eda en una habitaci\u00f3n del Hotel San Angelo), y se gan\u00f3 la amistad del medio literario. As\u00ed bautizado por culpa de Pablo Neruda quien, al tenerlo en brazos, asegur\u00f3 que esa criatura ten\u00eda cara de San Policarpio, el obispo de Esmirna, y se le qued\u00f3 el nombre. Nos acompa\u00f1aba a cuanto encuentro de escritores se organizaba en el pa\u00eds\u2026 Zacatecas, Morelia, Acapulco, Monterrey, la FIL de Guadalajara, celebrando con sus pares Rafael Ram\u00edrez Heredia (\u201cel Rayo\u201d) y Hern\u00e1n Lara Zavala.<\/p>\n\n\n\n<p class=\"wp-block-paragraph\">Triste, muy triste fue la muerte de su hija B\u00e1rbara ca\u00edda en el avi\u00f3n que la transportaba a Santiago, y que oblig\u00f3 a Poli a trasladarse a esas playas peruanas para ver si pod\u00eda rescatar algo de ella\u2026 un zapato, una bufanda. Como cap\u00edtulo de una novela por dem\u00e1s atribulada.<\/p>\n\n\n\n<p class=\"wp-block-paragraph\">As\u00ed ahora se nos ha ido Palomo, melanc\u00f3lico como todos los chilenos, con su Cuarto Reich que se salv\u00f3, por lo visto, de los misiles de m\u00edster Trump, y sus comandos aerotransportados. Cosa de tener suerte.&nbsp;<\/p>\n","protected":false},"excerpt":{"rendered":"<p>David Mart\u00edn del Campo SemM\u00e9xico, Ciudad de M\u00e9xico, 30 de marzo, 2026.- El personaje es severo, pero a la vez un poco zoquete. Usa gafas oscuras, luce sus medallas en la casaca, es chaparrito de dar risa. Los lectores sab\u00edamos que se trataba de una caricatura del dictador Augusto Pinochet (tal vez Rafael Videla) cometiendo [&hellip;]<\/p>\n","protected":false},"author":3,"featured_media":84026,"comment_status":"open","ping_status":"open","sticky":false,"template":"","format":"standard","meta":{"_monsterinsights_skip_tracking":false,"footnotes":""},"categories":[82,110,35],"tags":[],"class_list":["post-104199","post","type-post","status-publish","format-standard","has-post-thumbnail","category-la-opinion","category-la-opinion-columnas","category-opinion"],"_links":{"self":[{"href":"https:\/\/redsemlac.com\/semmexico\/wp-json\/wp\/v2\/posts\/104199","targetHints":{"allow":["GET"]}}],"collection":[{"href":"https:\/\/redsemlac.com\/semmexico\/wp-json\/wp\/v2\/posts"}],"about":[{"href":"https:\/\/redsemlac.com\/semmexico\/wp-json\/wp\/v2\/types\/post"}],"author":[{"embeddable":true,"href":"https:\/\/redsemlac.com\/semmexico\/wp-json\/wp\/v2\/users\/3"}],"replies":[{"embeddable":true,"href":"https:\/\/redsemlac.com\/semmexico\/wp-json\/wp\/v2\/comments?post=104199"}],"version-history":[{"count":0,"href":"https:\/\/redsemlac.com\/semmexico\/wp-json\/wp\/v2\/posts\/104199\/revisions"}],"wp:featuredmedia":[{"embeddable":true,"href":"https:\/\/redsemlac.com\/semmexico\/wp-json\/wp\/v2\/media\/84026"}],"wp:attachment":[{"href":"https:\/\/redsemlac.com\/semmexico\/wp-json\/wp\/v2\/media?parent=104199"}],"wp:term":[{"taxonomy":"category","embeddable":true,"href":"https:\/\/redsemlac.com\/semmexico\/wp-json\/wp\/v2\/categories?post=104199"},{"taxonomy":"post_tag","embeddable":true,"href":"https:\/\/redsemlac.com\/semmexico\/wp-json\/wp\/v2\/tags?post=104199"}],"curies":[{"name":"wp","href":"https:\/\/api.w.org\/{rel}","templated":true}]}}