{"id":104188,"date":"2026-03-30T20:18:02","date_gmt":"2026-03-31T02:18:02","guid":{"rendered":"https:\/\/redsemlac.com\/semmexico\/?p=104188"},"modified":"2026-03-30T20:18:02","modified_gmt":"2026-03-31T02:18:02","slug":"juego-de-palabras-cuando-opinar-se-vuelve-un-riesgo","status":"publish","type":"post","link":"https:\/\/redsemlac.com\/semmexico\/juego-de-palabras-cuando-opinar-se-vuelve-un-riesgo\/","title":{"rendered":"Juego de Palabras| Cuando opinar se vuelve un riesgo"},"content":{"rendered":"\n<p class=\"wp-block-paragraph\">Yaneth Tamayo Avalos<\/p>\n\n\n\n<p class=\"wp-block-paragraph\">SemM\u00e9xico, M\u00e9rida, 30 de marzo, 2026.- En M\u00e9xico, ejercer el periodismo no s\u00f3lo es dif\u00edcil: es peligroso. El pa\u00eds est\u00e1 catalogado como el m\u00e1s riesgoso de Am\u00e9rica Latina para esta labor y, a nivel mundial, ocupa el segundo lugar, solo por detr\u00e1s de Gaza. No es una percepci\u00f3n: es una realidad documentada.<\/p>\n\n\n\n<p class=\"wp-block-paragraph\">Sin embargo, hay una paradoja inquietante. Mientras los datos evidencian violencia contra la prensa, el discurso oficial insiste en negarla. Se minimiza la censura, se desestima el acoso judicial y se normalizan las presiones contra periodistas, medios y ciudadanos que opinan sobre asuntos p\u00fablicos.<\/p>\n\n\n\n<p class=\"wp-block-paragraph\">El problema no es s\u00f3lo lo que ocurre, sino c\u00f3mo se justifica.<\/p>\n\n\n\n<p class=\"wp-block-paragraph\">En los \u00faltimos a\u00f1os, ha comenzado a tomar fuerza una pr\u00e1ctica particularmente preocupante: el uso de mecanismos legales, especialmente en materia electoral, para limitar la libertad de expresi\u00f3n. Entre 2025 y 2026, se han documentado m\u00e1s de 51 casos en los que figuras como la violencia pol\u00edtica contra las mujeres en raz\u00f3n de g\u00e9nero (VPMRG) y la calumnia electoral han sido utilizadas para denunciar a periodistas y ciudadanos.<\/p>\n\n\n\n<p class=\"wp-block-paragraph\">El dato por s\u00ed mismo ya es alarmante. Pero lo es a\u00fan m\u00e1s cuando se observa el efecto que produce: inhibir la cr\u00edtica.<\/p>\n\n\n\n<p class=\"wp-block-paragraph\">Aqu\u00ed conviene hacer una precisi\u00f3n fundamental. La violencia pol\u00edtica contra las mujeres es un problema real y grave, que debe ser prevenido, sancionado y erradicado. Nadie deber\u00eda cuestionar eso. Pero tampoco se puede ignorar que su uso indebido como herramienta legal puede distorsionar su prop\u00f3sito original.<\/p>\n\n\n\n<p class=\"wp-block-paragraph\">No toda cr\u00edtica es violencia. No toda opini\u00f3n inc\u00f3moda constituye una agresi\u00f3n.<\/p>\n\n\n\n<p class=\"wp-block-paragraph\">Para que exista VPMRG, deben acreditarse elementos espec\u00edficos. No basta con que un comentario resulte inc\u00f3modo o incluso ofensivo. El derecho es claro: se requiere un an\u00e1lisis contextual, jur\u00eddico y con perspectiva de g\u00e9nero, pero tambi\u00e9n con respeto a otro derecho fundamental: la libertad de expresi\u00f3n.<\/p>\n\n\n\n<p class=\"wp-block-paragraph\">Porque aqu\u00ed hay una tensi\u00f3n inevitable: proteger a las mujeres en la pol\u00edtica sin convertir esa protecci\u00f3n en un mecanismo de censura.<\/p>\n\n\n\n<p class=\"wp-block-paragraph\">El propio Tribunal Electoral ha establecido criterios para lograr ese equilibrio. Ha se\u00f1alado que no basta con identificar un discurso cr\u00edtico; es necesario analizar si est\u00e1 vinculado con el inter\u00e9s p\u00fablico o si constituye un abuso. Es decir, distinguir entre lo que incomoda y lo que verdaderamente vulnera derechos.<\/p>\n\n\n\n<p class=\"wp-block-paragraph\">El problema es que, en la pr\u00e1ctica, no siempre se respeta ese criterio.<\/p>\n\n\n\n<p class=\"wp-block-paragraph\">Algunos tribunales han optado por resoluciones que terminan favoreciendo a quienes detentan el poder, enviando un mensaje claro \u2014aunque no siempre expl\u00edcito\u2014: criticar puede salir caro.<\/p>\n\n\n\n<p class=\"wp-block-paragraph\">Y ese mensaje tiene consecuencias.<\/p>\n\n\n\n<p class=\"wp-block-paragraph\">Cuando periodistas y ciudadanos perciben que pueden ser sancionados por opinar, la autocensura aparece. No hace falta prohibir: basta con generar el miedo suficiente para que las personas decidan callar.<\/p>\n\n\n\n<p class=\"wp-block-paragraph\">As\u00ed, la justicia deja de ser un mecanismo de protecci\u00f3n y se convierte en una herramienta de presi\u00f3n.<\/p>\n\n\n\n<p class=\"wp-block-paragraph\">En una democracia, esto es particularmente grave. La cr\u00edtica, el debate y la circulaci\u00f3n de ideas no son excesos: son condiciones b\u00e1sicas para su funcionamiento. Sin ellas, lo que queda no es orden, es silencio.<\/p>\n\n\n\n<p class=\"wp-block-paragraph\">Por eso, la justicia electoral no puede ni debe utilizarse para acallar voces inc\u00f3modas ni para distraer recursos en denuncias que buscan frenar el debate p\u00fablico. Su funci\u00f3n es proteger derechos, no restringirlos selectivamente.<\/p>\n\n\n\n<p class=\"wp-block-paragraph\">Si M\u00e9xico realmente aspira a consolidarse como un Estado democr\u00e1tico, hay una l\u00ednea que no puede cruzarse: castigar la palabra.<\/p>\n\n\n\n<p class=\"wp-block-paragraph\">Porque cuando opinar se vuelve un riesgo, la democracia deja de ser un espacio de libertad\u2026 y empieza a parecerse demasiado a un espacio de control.<\/p>\n","protected":false},"excerpt":{"rendered":"<p>Yaneth Tamayo Avalos SemM\u00e9xico, M\u00e9rida, 30 de marzo, 2026.- En M\u00e9xico, ejercer el periodismo no s\u00f3lo es dif\u00edcil: es peligroso. El pa\u00eds est\u00e1 catalogado como el m\u00e1s riesgoso de Am\u00e9rica Latina para esta labor y, a nivel mundial, ocupa el segundo lugar, solo por detr\u00e1s de Gaza. No es una percepci\u00f3n: es una realidad documentada. [&hellip;]<\/p>\n","protected":false},"author":3,"featured_media":86528,"comment_status":"open","ping_status":"open","sticky":false,"template":"","format":"standard","meta":{"_monsterinsights_skip_tracking":false,"footnotes":""},"categories":[103,35,93],"tags":[],"class_list":["post-104188","post","type-post","status-publish","format-standard","has-post-thumbnail","category-juego-de-palabras","category-opinion","category-yaneth-tamayo-avalos"],"_links":{"self":[{"href":"https:\/\/redsemlac.com\/semmexico\/wp-json\/wp\/v2\/posts\/104188","targetHints":{"allow":["GET"]}}],"collection":[{"href":"https:\/\/redsemlac.com\/semmexico\/wp-json\/wp\/v2\/posts"}],"about":[{"href":"https:\/\/redsemlac.com\/semmexico\/wp-json\/wp\/v2\/types\/post"}],"author":[{"embeddable":true,"href":"https:\/\/redsemlac.com\/semmexico\/wp-json\/wp\/v2\/users\/3"}],"replies":[{"embeddable":true,"href":"https:\/\/redsemlac.com\/semmexico\/wp-json\/wp\/v2\/comments?post=104188"}],"version-history":[{"count":0,"href":"https:\/\/redsemlac.com\/semmexico\/wp-json\/wp\/v2\/posts\/104188\/revisions"}],"wp:featuredmedia":[{"embeddable":true,"href":"https:\/\/redsemlac.com\/semmexico\/wp-json\/wp\/v2\/media\/86528"}],"wp:attachment":[{"href":"https:\/\/redsemlac.com\/semmexico\/wp-json\/wp\/v2\/media?parent=104188"}],"wp:term":[{"taxonomy":"category","embeddable":true,"href":"https:\/\/redsemlac.com\/semmexico\/wp-json\/wp\/v2\/categories?post=104188"},{"taxonomy":"post_tag","embeddable":true,"href":"https:\/\/redsemlac.com\/semmexico\/wp-json\/wp\/v2\/tags?post=104188"}],"curies":[{"name":"wp","href":"https:\/\/api.w.org\/{rel}","templated":true}]}}