{"id":104180,"date":"2026-03-30T20:00:05","date_gmt":"2026-03-31T02:00:05","guid":{"rendered":"https:\/\/redsemlac.com\/semmexico\/?p=104180"},"modified":"2026-03-30T20:00:06","modified_gmt":"2026-03-31T02:00:06","slug":"cuba-exposicion-fotografica-conecta-derecho-al-agua-con-luchas-feministas","status":"publish","type":"post","link":"https:\/\/redsemlac.com\/semmexico\/cuba-exposicion-fotografica-conecta-derecho-al-agua-con-luchas-feministas\/","title":{"rendered":"Cuba: Exposici\u00f3n fotogr\u00e1fica conecta derecho al agua con luchas feministas"},"content":{"rendered":"\n<ul class=\"wp-block-list\">\n<li>La falta de acceso al agua las golpea con mayor crudeza a ellas, profundizando desigualdades<\/li>\n\n\n\n<li>Sin agua se vulnera un derecho humano cuando recae desproporcionadamente sobre las mujeres<\/li>\n<\/ul>\n\n\n\n<p class=\"wp-block-paragraph\">Leyanis Infante Curbelo<\/p>\n\n\n\n<p class=\"wp-block-paragraph\">SemM\u00e9xico\/SEMlac, La Habana, 30 de marzo, 2026.- El agua sigue sin ser un derecho universal para cerca de 1.000 millones de mujeres en el mundo, seg\u00fan datos de Naciones Unidas. Acceder a ella puede ser una odisea diaria: caminar kil\u00f3metros, cargar baldes, madrugar para encontrarla, racionar cada gota; un desaf\u00edo que ocupa la vida de mujeres y ni\u00f1as, quienes son siete de cada 10 personas encargadas de conseguir agua para sus hogares.<\/p>\n\n\n\n<p class=\"wp-block-paragraph\"><br>De esa realidad cotidiana, espiritual y pol\u00edtica -y tambi\u00e9n de la fuerza de las mujeres que la enfrentan cada d\u00eda- nace la exposici\u00f3n artes visuales \u00abMujeres\u0085 del agua a la vida\u00bb, inaugurada el 26 de agosto en el lobby del Cine Chaplin, en la capital cubana, agreg\u00f3 la tambi\u00e9n directora del&nbsp;<a href=\"https:\/\/www.redsemlac-cuba.net\/redsemlac\/comunicacion\/palomas-mas-de-dos-decadas-de-activismo-social-desde-el-arte\/\" target=\"_blank\" rel=\"noreferrer noopener\">Proyecto Palomas, casa productora de audiovisuales para el activismo social<\/a>.<\/p>\n\n\n\n<p class=\"wp-block-paragraph\"><br>No es un asunto dom\u00e9stico menor, sino la constataci\u00f3n de que&nbsp;<a href=\"https:\/\/www.redsemlac-cuba.net\/redsemlac\/sociedad-y-cultura\/garantizar-acceso-al-agua-es-cuidar-la-vida\/\" target=\"_blank\" rel=\"noreferrer noopener\">la falta de acceso al agua las golpea con mayor crudeza a ellas<\/a>, profundizando desigualdades ya enquistadas en el tiempo.<\/p>\n\n\n\n<p class=\"wp-block-paragraph\"><br>Porque no se trata solo de buscar y almacenar. Sin agua, se complejiza la salud sexual y reproductiva, se tensan las jornadas de cuidado, se vulnera un derecho humano que, cuando falta, recae desproporcionadamente sobre cuerpos feminizados, apunt\u00f3 la realizadora audiovisual&nbsp;<a href=\"https:\/\/directoriogenero.redsemlac-cuba.net\/lizette-vila-espina\/\" target=\"_blank\" rel=\"noreferrer noopener\">Lizette Vila<\/a>, directora del proyecto Palomas.<\/p>\n\n\n\n<p class=\"wp-block-paragraph\"><br>La muestra, impulsada por Palomas en alianza con el Instituto Nacional de Recursos Hidr\u00e1ulicos (INRH) y el Instituto Cubano de Arte e Industria Cinematogr\u00e1ficos (Icaic), se inscribe como un aporte al Programa Nacional para el Adelanto de las Mujeres, en el contexto adem\u00e1s del Decenio Internacional de Acci\u00f3n por el Agua (2018-2028) instituido por Naciones Unidas.<\/p>\n\n\n\n<p class=\"wp-block-paragraph\"><br>\u00abEsta alianza, sin dudas, marcar\u00e1 un antes y un despu\u00e9s en la historia de nuestras instituciones\u00bb, afirm\u00f3 en el acto de inauguraci\u00f3n In\u00e9s de la Caridad Viacava Biset, directora general de Inspecci\u00f3n y Sistemas del INRH y coordinadora del Comit\u00e9 de G\u00e9nero de la organizaci\u00f3n.<\/p>\n\n\n\n<p class=\"wp-block-paragraph\"><br>\u00abPor primera vez en m\u00e1s de seis d\u00e9cadas -precis\u00f3- el Instituto Nacional de Recursos Hidr\u00e1ulicos abre sus puertas a una colaboraci\u00f3n de esta naturaleza, que coloca en el centro de la escena la relaci\u00f3n profunda e hist\u00f3rica de la mujer con el agua, vista desde una \u00f3ptica innovadora: la visi\u00f3n art\u00edstica\u00bb, dijo Viacava, para quien no hay gesti\u00f3n sostenible del agua sin desmontar los roles patriarcales que han limitado su desarrollo.<\/p>\n\n\n\n<p class=\"wp-block-paragraph\"><br>La idea, sin embargo, viene gest\u00e1ndose desde 2016, record\u00f3 Vila, quien reiter\u00f3 que una de las esencias de Palomas es la lucha por la justicia ambiental y de g\u00e9nero, que incluye, por supuesto, la justicia en torno al tema del agua.<\/p>\n\n\n\n<p class=\"wp-block-paragraph\"><br>Para Vila, el v\u00ednculo de las mujeres con el agua es mucho m\u00e1s profundo que las tareas dom\u00e9sticas a las que hist\u00f3ricamente se les ha asociado. \u00abEsa agua que nos acompa\u00f1a desde nuestro mundo privado tiene que ver tambi\u00e9n con nuestros cuerpos\u00bb, afirm\u00f3.<\/p>\n\n\n\n<p class=\"wp-block-paragraph\"><br><strong>El agua que nos habita<\/strong><\/p>\n\n\n\n<p class=\"wp-block-paragraph\"><br>La exposici\u00f3n \u00abMujeres\u0085 del agua a la vida\u00bb re\u00fane a 10 artistas visuales, mayormente fot\u00f3grafos, y forma parte de&nbsp;<a href=\"https:\/\/www.redsemlac-cuba.net\/redsemlac\/comunicacion\/serie-destaca-nexo-vital-entre-las-mujeres-y-el-agua\/\" target=\"_blank\" rel=\"noreferrer noopener\">un proyecto m\u00e1s amplio de igual nombre<\/a>, concebido por el Proyecto Palomas: cinco audiovisuales, cinco podcasts y 25 infograf\u00edas abordan tambi\u00e9n, desde distintos lenguajes, la relaci\u00f3n entre las mujeres y el derecho al agua.<\/p>\n\n\n\n<p class=\"wp-block-paragraph\"><br>Entre las instant\u00e1neas seleccionadas para la muestra, Maite Fern\u00e1ndez Barroso present\u00f3 \u00abPurificaci\u00f3n\u00bb, un tr\u00edptico que explora el agua como espacio de sanaci\u00f3n y tradici\u00f3n.<\/p>\n\n\n\n<p class=\"wp-block-paragraph\"><br>\u00abMi obra tiene que ver con el agua como ritual de purificaci\u00f3n\u00bb, explic\u00f3 la fot\u00f3grafa a SEMlac. \u00abUtilizo a una se\u00f1ora de la tercera edad que conserva una piedra de cristal la cual deviene, de alguna manera, un talism\u00e1n en el decursar de varias generaciones en su familia. Entonces usa esa piedra, y el agua tambi\u00e9n, como ritual de purificaci\u00f3n, de vida, de sanaci\u00f3n\u00bb, coment\u00f3.<\/p>\n\n\n\n<p class=\"wp-block-paragraph\"><br>Fern\u00e1ndez Barroso cre\u00f3 la obra espec\u00edficamente para esta exposici\u00f3n, aunque el universo femenino, confes\u00f3, es un tema que la ha acompa\u00f1ado en otros proyectos, como una serie en proceso sobre mujeres fisiculturistas en Cuba.<br>\u00abMe resulta muy interesante el tema de la muestra fotogr\u00e1fica desde el punto de vista de poder trabajarlo desde diversas aristas, desde lo m\u00e1s cotidiano hasta lo m\u00e1s m\u00edstico, lo m\u00e1s espiritual\u00bb, sostuvo.<\/p>\n\n\n\n<p class=\"wp-block-paragraph\"><br>Otra de las miradas que confluyen en la muestra es la de Sonia Almaguer, fot\u00f3grafa y l\u00edder del proyecto Concepto Sentido, una iniciativa que re\u00fane a mujeres fot\u00f3grafas de escena. Almaguer fue convocada directamente por Vila y su aporte dialoga con las artes esc\u00e9nicas.<\/p>\n\n\n\n<p class=\"wp-block-paragraph\"><br>La fotograf\u00eda que exhibe pertenece a \u00abLas mujeres de Alejandro\u00bb, una obra del grupo santiaguero Teatro Macuba, dirigido por la Premio Nacional de Teatro F\u00e1tima Patterson.<\/p>\n\n\n\n<p class=\"wp-block-paragraph\"><br>Es una obra de tema muy feminista, detall\u00f3 Almaguer. \u00abEllas hacen una alusi\u00f3n muy clara durante toda la puesta a los temas de las mujeres y en muchas de las escenas se repiten las actrices.<\/p>\n\n\n\n<p class=\"wp-block-paragraph\">SEM-SEMlac\/lic<\/p>\n","protected":false},"excerpt":{"rendered":"<p>Leyanis Infante Curbelo SemM\u00e9xico\/SEMlac, La Habana, 30 de marzo, 2026.- El agua sigue sin ser un derecho universal para cerca de 1.000 millones de mujeres en el mundo, seg\u00fan datos de Naciones Unidas. Acceder a ella puede ser una odisea diaria: caminar kil\u00f3metros, cargar baldes, madrugar para encontrarla, racionar cada gota; un desaf\u00edo que ocupa [&hellip;]<\/p>\n","protected":false},"author":3,"featured_media":104181,"comment_status":"open","ping_status":"open","sticky":false,"template":"","format":"standard","meta":{"_monsterinsights_skip_tracking":false,"footnotes":""},"categories":[748],"tags":[],"class_list":["post-104180","post","type-post","status-publish","format-standard","has-post-thumbnail","category-cultura-feminista"],"_links":{"self":[{"href":"https:\/\/redsemlac.com\/semmexico\/wp-json\/wp\/v2\/posts\/104180","targetHints":{"allow":["GET"]}}],"collection":[{"href":"https:\/\/redsemlac.com\/semmexico\/wp-json\/wp\/v2\/posts"}],"about":[{"href":"https:\/\/redsemlac.com\/semmexico\/wp-json\/wp\/v2\/types\/post"}],"author":[{"embeddable":true,"href":"https:\/\/redsemlac.com\/semmexico\/wp-json\/wp\/v2\/users\/3"}],"replies":[{"embeddable":true,"href":"https:\/\/redsemlac.com\/semmexico\/wp-json\/wp\/v2\/comments?post=104180"}],"version-history":[{"count":0,"href":"https:\/\/redsemlac.com\/semmexico\/wp-json\/wp\/v2\/posts\/104180\/revisions"}],"wp:featuredmedia":[{"embeddable":true,"href":"https:\/\/redsemlac.com\/semmexico\/wp-json\/wp\/v2\/media\/104181"}],"wp:attachment":[{"href":"https:\/\/redsemlac.com\/semmexico\/wp-json\/wp\/v2\/media?parent=104180"}],"wp:term":[{"taxonomy":"category","embeddable":true,"href":"https:\/\/redsemlac.com\/semmexico\/wp-json\/wp\/v2\/categories?post=104180"},{"taxonomy":"post_tag","embeddable":true,"href":"https:\/\/redsemlac.com\/semmexico\/wp-json\/wp\/v2\/tags?post=104180"}],"curies":[{"name":"wp","href":"https:\/\/api.w.org\/{rel}","templated":true}]}}