{"id":10418,"date":"2019-08-01T19:49:39","date_gmt":"2019-08-01T19:49:39","guid":{"rendered":"https:\/\/redsemlac.com\/semmexico\/?p=10418"},"modified":"2023-07-21T14:51:56","modified_gmt":"2023-07-21T19:51:56","slug":"se-mantiene-la-exclusion-de-la-sanidad-universal-en-espana","status":"publish","type":"post","link":"https:\/\/redsemlac.com\/semmexico\/se-mantiene-la-exclusion-de-la-sanidad-universal-en-espana\/","title":{"rendered":"Se mantiene la exclusi\u00f3n de la sanidad universal en Espa\u00f1a"},"content":{"rendered":"\n<p class=\"wp-block-paragraph\"><strong>* Embarazadas, menores y personas solicitantes de asilo siguen sin ese derecho <\/strong><\/p>\n\n\n\n<p class=\"wp-block-paragraph\">* D<strong>istintas voces han recordado al Gobierno los compromisos adquiridos<\/strong><\/p>\n\n\n\n<p class=\"wp-block-paragraph\"><strong>Esther G\u00f3mez-Portillo<\/strong><\/p>\n\n\n\n<p class=\"wp-block-paragraph\">SemM\u00e9xico\/AmecoPress,\nMadrid, 1 agosto 2019.- Embarazadas, menores y personas solicitantes de asilo\nsiguen, un a\u00f1o despu\u00e9s, sin derecho a ser atendidas en la sanidad p\u00fablica\nespa\u00f1ola. Organizaciones como Amnist\u00eda Internacional, Reder o Yo S\u00cd Sanidad\nUniversal, as\u00ed como personas particulares, se han reunido frente al Ministerio\nde Sanidad, Consumo y Bienestar Social para manifestar su preocupaci\u00f3n ante la\nactual exclusi\u00f3n sanitaria que viven cientos de personas migrantes.<\/p>\n\n\n\n<p class=\"wp-block-paragraph\">Hace\nun a\u00f1o que entr\u00f3 en vigor el Real Decreto-Ley 7\/2018 que anunciaba la\nrecuperaci\u00f3n del Sistema Nacional de Salud por el que todas las personas ten\u00edan\nderecho a un acceso universal de la sanidad sin importar su lugar de origen ni\nsituaci\u00f3n burocr\u00e1tica.<\/p>\n\n\n\n<p class=\"wp-block-paragraph\">55\nmujeres embarazadas, 116 menores de edad, 44 solicitantes de asilo, 85\nfacturaciones de urgencias, son solo algunos n\u00fameros que esconden historias de\npersonas que han visto vulnerado su derecho a la salud por barreras\nadministrativas y la ambig\u00fcedad de la legislaci\u00f3n. Enfermedades tan graves como\nel c\u00e1ncer, VIH o la salud mental no han sido debidamente atendidas pudiendo\ndesembocar en la muerte de quienes las padecen.<\/p>\n\n\n\n<p class=\"wp-block-paragraph\">Francisca\nes una mujer que lleg\u00f3 desde Chile embarazada de seis meses. Durante los tres\nmeses restantes de su embarazo no pudo someterse a ninguna revisi\u00f3n peri\u00f3dica\npara controlar la situaci\u00f3n del beb\u00e9 con los grandes riesgos que esto supone\npara ambos. Cuando decidi\u00f3 ir al centro de salud para la revisi\u00f3n del embarazo,\nempezaron a remitirle al Instituto Nacional de la Seguridad Social, luego a la\nTesorer\u00eda General de la Seguridad Social y esta, a su vez, al centro de salud\ndonde empez\u00f3 su peregrinaje. <\/p>\n\n\n\n<p class=\"wp-block-paragraph\">\u201cEn\neste ir y venir de la administraci\u00f3n, el tiempo fue avanzando y no me somet\u00ed a\nninguna revisi\u00f3n de embarazo ni m\u00eda ni de mi beb\u00e9\u201d. Francisca ha vivido la\ndesinformaci\u00f3n y la desidia de la administraci\u00f3n, una situaci\u00f3n de angustia en\nun momento de su vida que pod\u00eda afectar seriamente a la salud de ambos. <\/p>\n\n\n\n<p class=\"wp-block-paragraph\">Afortunadamente,\ndio a luz el 13 de julio y tiene un beb\u00e9 sano, pero quiere compartir su\nhistoria para que nadie m\u00e1s se vea en la desesperada situaci\u00f3n que ella ha\nvivido. Anima a todas las personas afectadas y mujeres embarazadas que reclamen\nsu derecho a la asistencia sanitaria gratuita.<\/p>\n\n\n\n<p class=\"wp-block-paragraph\">Otro\ncaso similar es el de Josefina, una mujer venezolana que estaba embarazada de 8\nmeses cuando vino: \u201cRecorrimos seis centros de salud y en todos nos negaron la\nasistencia. Estaba casi de ocho meses y no hab\u00eda pasado ning\u00fan monitoreo. No\nsab\u00eda si el beb\u00e9 estaba colocado, si venia enrollado ( \u2026 ). Solo me quedaba\nesperar que todo estuviera bien el d\u00eda del parto\u201d.<\/p>\n\n\n\n<p class=\"wp-block-paragraph\">Desde\nla elaboraci\u00f3n del Real Decreto-Ley muchos colectivos ya advirtieron que la\nnueva regulaci\u00f3n era insuficiente y reflejaba distintas ambig\u00fcedades y\ncondicionantes como, por ejemplo, haber estado m\u00ednimo 90 d\u00edas en Espa\u00f1a,\npresentar documentaci\u00f3n dif\u00edcil de obtener como un certificado de no\nexportaci\u00f3n del derecho o la exigencia de que no haya un seguro m\u00e9dico de pago\nque pueda acarrear con los gastos derivados de la enfermedad. Todas estas medidas\npresentan un muro muy dif\u00edcil de derribar para las personas migrantes. Por eso,\nfrente al ministerio al que exigen una sanidad universal, se ha construido un\nmuro ficticio como s\u00edmbolo de la exclusi\u00f3n y el impedimento que pone el\nGobierno a diario contra las personas migrantes.<\/p>\n\n\n\n<p class=\"wp-block-paragraph\">Ivonne,\nuna mujer venezolana estudiante de medicina y solicitante de asilo pol\u00edtico, ha\nquerido denunciar hoy la discriminaci\u00f3n racista y poco \u00e9tica a la que se ha\nenfrentado por parte del personal m\u00e9dico y administrativo cuando ha acudido al\ncentro de salud. Cuenta que cuando tuvo que acudir hicieron una factura\nderivada de la asistencia m\u00e9dica pero que debido a su situaci\u00f3n no pod\u00eda\nhacerle frente. Solo gracias a la ayuda de C\u00e1ritas pudo anularla. Ivonne\ndenuncia el da\u00f1o psicol\u00f3gico que causa este trato denigrante a las personas\nacentuando, a\u00fan m\u00e1s, la situaci\u00f3n de vulnerabilidad en la que se encuentran.<\/p>\n\n\n\n<p class=\"wp-block-paragraph\">Durante\nla ma\u00f1ana se han podido escuchar otros testimonios con un muro ficticio de\nbarreras a sus espaldas que un artista se encargaba de ilustrar con los\nproblemas reales a los que se enfrentar estas personas. En \u00e9l se pod\u00eda leer\nmensajes como: \u201cembarazadas y menores sin atenci\u00f3n\u201d, \u201cno hay sanidad para los\nsolicitantes de asilo\u201d o \u201cpersonas refugiadas excluidas\u201d.<\/p>\n\n\n\n<p class=\"wp-block-paragraph\">Las\ndistintas voces all\u00ed reunidas han recordado al Gobierno los compromisos\nadquiridos en los acuerdos internacionales sobre derechos humanos que obligan a\nadoptar medidas necesarias para que las personas migrantes tengan acceso a los\nservicios de salud sin ninguna discriminaci\u00f3n. De lo contrario, el Estado\nestar\u00eda empujando a estar personas al pago de grandes cantidades de dinero en\nseguros m\u00e9dicos privados que en muchas ocasiones no se pueden permitir y por\ntanto, les arrastra a la enfermedad y desatiende su derecho b\u00e1sico de recibir\nuna atenci\u00f3n universal, p\u00fablica y gratuita. <\/p>\n\n\n\n<p class=\"wp-block-paragraph\">Al\nfinal del acto, la tapia ha sido tumbada por las distintas organizaciones con\nla esperanza de que, a corto plazo, cientos de personas lo puedan derribar.<\/p>\n\n\n\n<p class=\"wp-block-paragraph\">SEM-AmecoPress\/egp<\/p>\n","protected":false},"excerpt":{"rendered":"<p>Distintas voces han recordado al Gobierno los compromisos adquiridos<\/p>\n","protected":false},"author":3,"featured_media":10419,"comment_status":"open","ping_status":"open","sticky":false,"template":"","format":"standard","meta":{"_monsterinsights_skip_tracking":false,"footnotes":""},"categories":[690,53],"tags":[],"class_list":["post-10418","post","type-post","status-publish","format-standard","has-post-thumbnail","category-690","category-internacional"],"_links":{"self":[{"href":"https:\/\/redsemlac.com\/semmexico\/wp-json\/wp\/v2\/posts\/10418","targetHints":{"allow":["GET"]}}],"collection":[{"href":"https:\/\/redsemlac.com\/semmexico\/wp-json\/wp\/v2\/posts"}],"about":[{"href":"https:\/\/redsemlac.com\/semmexico\/wp-json\/wp\/v2\/types\/post"}],"author":[{"embeddable":true,"href":"https:\/\/redsemlac.com\/semmexico\/wp-json\/wp\/v2\/users\/3"}],"replies":[{"embeddable":true,"href":"https:\/\/redsemlac.com\/semmexico\/wp-json\/wp\/v2\/comments?post=10418"}],"version-history":[{"count":0,"href":"https:\/\/redsemlac.com\/semmexico\/wp-json\/wp\/v2\/posts\/10418\/revisions"}],"wp:featuredmedia":[{"embeddable":true,"href":"https:\/\/redsemlac.com\/semmexico\/wp-json\/wp\/v2\/media\/10419"}],"wp:attachment":[{"href":"https:\/\/redsemlac.com\/semmexico\/wp-json\/wp\/v2\/media?parent=10418"}],"wp:term":[{"taxonomy":"category","embeddable":true,"href":"https:\/\/redsemlac.com\/semmexico\/wp-json\/wp\/v2\/categories?post=10418"},{"taxonomy":"post_tag","embeddable":true,"href":"https:\/\/redsemlac.com\/semmexico\/wp-json\/wp\/v2\/tags?post=10418"}],"curies":[{"name":"wp","href":"https:\/\/api.w.org\/{rel}","templated":true}]}}