{"id":104165,"date":"2026-03-30T18:09:45","date_gmt":"2026-03-31T00:09:45","guid":{"rendered":"https:\/\/redsemlac.com\/semmexico\/?p=104165"},"modified":"2026-03-30T18:09:46","modified_gmt":"2026-03-31T00:09:46","slug":"el-informe-sobre-desapariciones-una-simulacion-sin-dialogo-y-participacion-de-las-familias-buscadoras-afirman-10-organizaciones-que-las-acompanan","status":"publish","type":"post","link":"https:\/\/redsemlac.com\/semmexico\/el-informe-sobre-desapariciones-una-simulacion-sin-dialogo-y-participacion-de-las-familias-buscadoras-afirman-10-organizaciones-que-las-acompanan\/","title":{"rendered":"El informe sobre desapariciones \u201cuna simulaci\u00f3n\u201d, sin di\u00e1logo y participaci\u00f3n de las familias buscadoras, afirman 10 organizaciones que las acompa\u00f1an"},"content":{"rendered":"\n<p class=\"wp-block-paragraph\">La cifra negra de delitos no denunciados alcanza el 93%, s\u00f3lo considerar &nbsp;carpetas de investigaci\u00f3n es una distorsi\u00f3n de la realidad.<\/p>\n\n\n\n<p class=\"wp-block-paragraph\">Se merma el derecho de todas las personas a ser buscadoras, no sirve &nbsp;la apertura de una carpeta de investigaci\u00f3n , hay&nbsp; que buscarlas<\/p>\n\n\n\n<p class=\"wp-block-paragraph\">Hay&nbsp;&nbsp; &nbsp;falta de la claridad metodol\u00f3gica, persiste el cuestionamiento sobre la reducci\u00f3n en la cifra oficial de personas desaparecidas.<\/p>\n\n\n\n<p class=\"wp-block-paragraph\">Redacci\u00f3n<\/p>\n\n\n\n<p class=\"wp-block-paragraph\">SemM\u00e9xico, Ciudad de M\u00e9xico, 30 de marzo, &nbsp;2026.-Tras la presentaci\u00f3n de los avances del Registro Nacional de Personas Desaparecidas y No Localizadas (RNPDNO)&nbsp; durante la conferencia matutina del &nbsp;27 de marzo, por &nbsp;la Presidenta Claudia Sheinbaum Pardo, las organizaciones que acompa\u00f1amos a las familias buscadoras en su exigencia de verdad y justicia manifestaron su &nbsp;profunda preocupaci\u00f3n.<\/p>\n\n\n\n<p class=\"wp-block-paragraph\">Paralelamente la presidenta de la mesa directiva de la C\u00e1mara de Diputados, exigi\u00f3 que la presidencia de a conocer la metodolog\u00eda, para dar certeza a las madres buscadoras. Lament\u00f3 el reducido n\u00famero de carpetas de investigaci\u00f3n.<\/p>\n\n\n\n<p class=\"wp-block-paragraph\">Las&nbsp; 10 organizaciones que acompa\u00f1an a las buscadoras, explicaron que desde el inicio de la crisis de violencia en 2007, diversos esfuerzos institucionales han intentado minimizar la magnitud de la desaparici\u00f3n en M\u00e9xico. Lo presentado hoy no es la excepci\u00f3n: reducir la crisis a una gesti\u00f3n de archivos ministeriales no es solo un error metodol\u00f3gico, es una decisi\u00f3n pol\u00edtica que invisibiliza a las v\u00edctimas.<\/p>\n\n\n\n<p class=\"wp-block-paragraph\">Puntualizaron:<\/p>\n\n\n\n<p class=\"wp-block-paragraph\">1. La trampa de la \u201cobligatoriedad\u201d y el retroceso legal: La narrativa oficial sostiene que, a partir de ahora, las Fiscal\u00edas estar\u00e1n \u201cobligadas\u201d a abrir carpetas de investigaci\u00f3n por desaparici\u00f3n. Es imperativo aclarar que esta obligaci\u00f3n no es nueva: existe desde la entrada en vigor de la Ley General en 2017.<\/p>\n\n\n\n<p class=\"wp-block-paragraph\">Afirmar que esto es una novedad ignora que el verdadero obst\u00e1culo no es la falta de leyes, sino las malas pr\u00e1cticas, la corrupci\u00f3n y la omisi\u00f3n sistem\u00e1tica de las fiscal\u00edas que, activamente, evitan recibir denuncias o clasifican las desapariciones como otros delitos para no investigar. Condicionar el registro de una persona desaparecida a la existencia de una carpeta es premiar la ineficiencia institucional.<\/p>\n\n\n\n<p class=\"wp-block-paragraph\">Preocupa, adem\u00e1s, afirmaciones como que el 96% de las personas localizadas no fueron v\u00edctimas de delito, sin que se haya dado a conocer la metodolog\u00eda que sustenta dicha conclusi\u00f3n. Sin claridad metodol\u00f3gica, este tipo de mensajes puede contribuir a minimizar la gravedad de la crisis y a desdibujar las obligaciones del Estado frente a las familias.<\/p>\n\n\n\n<p class=\"wp-block-paragraph\">2.&nbsp; El Estado no es un espectador: responsabilidad e impunidad: Preocupa profundamente que desde el discurso oficial se sostenga la idea de que en M\u00e9xico ya no existen desapariciones forzadas, reduciendo el fen\u00f3meno a la actuaci\u00f3n exclusiva del crimen organizado y borrando con ello la posible participaci\u00f3n de agentes estatales. Esta visi\u00f3n elude la responsabilidad del Estado en sus m\u00faltiples formas:<\/p>\n\n\n\n<p class=\"wp-block-paragraph\">La participaci\u00f3n directa y la aquiescencia: Casos de desaparici\u00f3n forzada y fosas cometidos directamente o vinculados a autoridades que siguen sin justicia.<\/p>\n\n\n\n<p class=\"wp-block-paragraph\">La omisi\u00f3n y la corrupci\u00f3n: El Estado es responsable cuando sus instituciones permiten que las redes criminales operen con libertad y cuando los procesos de investigaci\u00f3n son opacos.<\/p>\n\n\n\n<p class=\"wp-block-paragraph\">La impunidad como combustible: Mientras apenas una fracci\u00f3n m\u00ednima de los casos reconocidos cuente con una investigaci\u00f3n real, el mensaje del Estado es de permisividad.<\/p>\n\n\n\n<p class=\"wp-block-paragraph\">3. El subregistro: El riesgo de una medici\u00f3n de papel: En un pa\u00eds donde la cifra negra (delitos no denunciados) alcanza el 93%, utilizar exclusivamente las carpetas de investigaci\u00f3n para medir la magnitud de la tragedia es una distorsi\u00f3n de la realidad.<\/p>\n\n\n\n<p class=\"wp-block-paragraph\">El n\u00famero de carpetas de investigaci\u00f3n no equivale al n\u00famero de personas desaparecidas. El RNPDNO reporta hoy m\u00e1s de 132 mil desapariciones, una cifra que es resultado de la lucha hist\u00f3rica de las familias. Pretender validar \u00fanicamente una cifra reducida bas\u00e1ndose en la burocracia de las fiscal\u00edas es un intento de minimizar la crisis para evadir la obligaci\u00f3n de b\u00fasqueda.<\/p>\n\n\n\n<p class=\"wp-block-paragraph\">4. Simulaci\u00f3n de di\u00e1logo y exclusi\u00f3n sistem\u00e1tica: Lamentamos que la presentaci\u00f3n de estos instrumentos se realice sin una convocatoria amplia, transparente y abierta. Los procesos de esta relevancia requieren una participaci\u00f3n sustantiva de quienes han impulsado estas herramientas: las familias, sus colectivos, personas expertas y tambi\u00e9n organizaciones acompa\u00f1antes.<\/p>\n\n\n\n<p class=\"wp-block-paragraph\">Escuchar menciones de colaboraci\u00f3n con organizaciones en espacios oficiales, mientras en la pr\u00e1ctica se nos excluye de la construcci\u00f3n de las metodolog\u00edas y se posponen las mesas de trabajo, es una forma de simulaci\u00f3n. La b\u00fasqueda es una obligaci\u00f3n del Estado, por lo tanto, debe ser una pol\u00edtica que reconozca, nombre y busque a cada una de las personas cuyo paradero desconocemos.<\/p>\n\n\n\n<p class=\"wp-block-paragraph\">Presidenta de la C\u00e1mara de Diputados exige&nbsp; revisar la metodolog\u00eda<\/p>\n\n\n\n<p class=\"wp-block-paragraph\">La presidenta de la mesa&nbsp; directiva de la diputci\u00f3n Kenia L\u00f3pez Rabad\u00e1n&nbsp; exigi\u00f3 que se conozca &nbsp;la metodolog\u00eda utilizada para el informe sobre desaparicione, luego de ce\u00f1ebrar &nbsp;que el Ejecutivo federal haya entregado el informe tras meses de espera.&nbsp;&nbsp;<\/p>\n\n\n\n<p class=\"wp-block-paragraph\">Se refiri\u00f3 al informe de la estrategia de b\u00fasqueda y localizaci\u00f3n de personas desaparecidas, pero sostuvo que es necesario conocer la metodolog\u00eda utilizada para darle certeza y transparencia a los familiares que demandan justicia.&nbsp;<\/p>\n\n\n\n<p class=\"wp-block-paragraph\">L\u00f3pez Rabad\u00e1n record\u00f3 que la \u00faltima visita del comit\u00e9 contra las desapariciones forzadas de la ONU detect\u00f3 una impunidad de m\u00e1s del 99 por ciento, lo que refleja \u201cuna impunidad estructural casi absoluta en este lamentable tema\u201d.<\/p>\n\n\n\n<p class=\"wp-block-paragraph\">\u201cEs necesario saber las acciones que se van a implementar para contar con los datos suficientes que permitan la b\u00fasqueda de las 46 mil 742 personas desaparecidas de los que hoy se han informado y no hay datos suficientes\u201d, insisti\u00f3.<\/p>\n\n\n\n<p class=\"wp-block-paragraph\">&nbsp;Es preocupante, abund\u00f3, que con esas cifras \u00fanicamente haya tres mil ochocientas sesenta y nueve carpetas de investigaci\u00f3n.&nbsp;<\/p>\n","protected":false},"excerpt":{"rendered":"<p>La cifra negra de delitos no denunciados alcanza el 93%, s\u00f3lo considerar &nbsp;carpetas de investigaci\u00f3n es una distorsi\u00f3n de la realidad. Se merma el derecho de todas las personas a ser buscadoras, no sirve &nbsp;la apertura de una carpeta de investigaci\u00f3n , hay&nbsp; que buscarlas Hay&nbsp;&nbsp; &nbsp;falta de la claridad metodol\u00f3gica, persiste el cuestionamiento sobre [&hellip;]<\/p>\n","protected":false},"author":3,"featured_media":104166,"comment_status":"open","ping_status":"open","sticky":false,"template":"","format":"standard","meta":{"_monsterinsights_skip_tracking":false,"footnotes":""},"categories":[694],"tags":[],"class_list":["post-104165","post","type-post","status-publish","format-standard","has-post-thumbnail","category-destacadas"],"_links":{"self":[{"href":"https:\/\/redsemlac.com\/semmexico\/wp-json\/wp\/v2\/posts\/104165","targetHints":{"allow":["GET"]}}],"collection":[{"href":"https:\/\/redsemlac.com\/semmexico\/wp-json\/wp\/v2\/posts"}],"about":[{"href":"https:\/\/redsemlac.com\/semmexico\/wp-json\/wp\/v2\/types\/post"}],"author":[{"embeddable":true,"href":"https:\/\/redsemlac.com\/semmexico\/wp-json\/wp\/v2\/users\/3"}],"replies":[{"embeddable":true,"href":"https:\/\/redsemlac.com\/semmexico\/wp-json\/wp\/v2\/comments?post=104165"}],"version-history":[{"count":0,"href":"https:\/\/redsemlac.com\/semmexico\/wp-json\/wp\/v2\/posts\/104165\/revisions"}],"wp:featuredmedia":[{"embeddable":true,"href":"https:\/\/redsemlac.com\/semmexico\/wp-json\/wp\/v2\/media\/104166"}],"wp:attachment":[{"href":"https:\/\/redsemlac.com\/semmexico\/wp-json\/wp\/v2\/media?parent=104165"}],"wp:term":[{"taxonomy":"category","embeddable":true,"href":"https:\/\/redsemlac.com\/semmexico\/wp-json\/wp\/v2\/categories?post=104165"},{"taxonomy":"post_tag","embeddable":true,"href":"https:\/\/redsemlac.com\/semmexico\/wp-json\/wp\/v2\/tags?post=104165"}],"curies":[{"name":"wp","href":"https:\/\/api.w.org\/{rel}","templated":true}]}}