{"id":104156,"date":"2026-03-30T15:42:04","date_gmt":"2026-03-30T21:42:04","guid":{"rendered":"https:\/\/redsemlac.com\/semmexico\/?p=104156"},"modified":"2026-03-30T15:42:05","modified_gmt":"2026-03-30T21:42:05","slug":"pide-amalia-garcia-medina-a-fiscalia-de-chiapas-investigar-allanamiento-al-centro-de-derechos-humanos-fray-matias","status":"publish","type":"post","link":"https:\/\/redsemlac.com\/semmexico\/pide-amalia-garcia-medina-a-fiscalia-de-chiapas-investigar-allanamiento-al-centro-de-derechos-humanos-fray-matias\/","title":{"rendered":"Pide Amalia Garc\u00eda Medina \u00a0a Fiscal\u00eda de Chiapas investigar\u00a0allanamiento al Centro de Derechos Humanos Fray Mat\u00edas"},"content":{"rendered":"\n<p class=\"wp-block-paragraph\"><em>La legisladora de la Bancada Naranja explic\u00f3 que en menos de 72 horas se registraron tres allanamientos de personas no identificadas en las instalaciones del centro<\/em><\/p>\n\n\n\n<p class=\"wp-block-paragraph\"><em>La Red todos los derechos para todas, de 88 organizaciones, afirma que es responsabilidad del Estado<\/em><\/p>\n\n\n\n<p class=\"wp-block-paragraph\">Redacci\u00f3n<\/p>\n\n\n\n<p class=\"wp-block-paragraph\">SemM\u00e9xico, Cd. de M\u00e9xico, 30 de marzo, 2026.- La senadora Amalia Garc\u00eda Medina, integrante del grupo parlamentario de Movimiento Ciudadano, present\u00f3 un punto de acuerdo de urgente y obvia resoluci\u00f3n para exhortar a la Fiscal\u00eda General del Estado de Chiapas a investigar el allanamiento cometido en contra del Centro de Derechos Humanos Fray Mat\u00edas de C\u00f3rdova, en Tapachula.<\/p>\n\n\n\n<p class=\"wp-block-paragraph\">En conferencia de prensa, la legisladora de la Bancada Naranja explic\u00f3 que en menos de 72 horas se registraron tres allanamientos de personas no identificadas en las instalaciones del centro.&nbsp;<\/p>\n\n\n\n<p class=\"wp-block-paragraph\">El primero ocurri\u00f3 el pasado viernes 20 de marzo y el segundo el domingo 22 de marzo, lo que demuestra que no se trata de un incidente aislado sino de una acci\u00f3n reiterada y dirigida en contra de este espacio que apoya a las personas migrantes de la frontera sur.<\/p>\n\n\n\n<p class=\"wp-block-paragraph\">\u201cLas autoridades tienen que garantizar la vida y la integridad de quienes dan este servicio de manera permanente y dedicada\u201d, coment\u00f3.<\/p>\n\n\n\n<p class=\"wp-block-paragraph\">\u201cLas personas migrantes y solicitantes de asilo est\u00e1n sufriendo en este momento porque tuvieron que cerrar las instalaciones por el riesgo que pod\u00eda haber para la seguridad de quienes hacen este trabajo y brindan esta atenci\u00f3n\u201d.&nbsp;<\/p>\n\n\n\n<p class=\"wp-block-paragraph\">Mavi Cruz Reyes, directora del Centro Fray Mat\u00edas, relat\u00f3 que el pasado 20 de marzo personas no identificadas intervinieron en las c\u00e1maras de seguridad y sustrajeron equipos de c\u00f3mputo, tel\u00e9fonos celulares y documentos directamente relacionados con la labor de la organizaci\u00f3n. Dos d\u00edas despu\u00e9s sufrieron un segundo allanamiento con el mismo modus operandi.<\/p>\n\n\n\n<p class=\"wp-block-paragraph\">\u201cEstos ataques ocurridos en menos de tres d\u00edas nos obligaron con gran pesar a cerrar temporalmente nuestras puertas. Lo m\u00e1s doloroso no es solo la violencia sufrida, sino el impacto que generan las personas que acompa\u00f1amos, quienes conf\u00edan en que estaremos ah\u00ed para brindarles seguridad y apoyo\u201d, se\u00f1al\u00f3<\/p>\n\n\n\n<p class=\"wp-block-paragraph\">Consider\u00f3 que estos hechos no son hechos aislados sino que se inscriben dentro de un contexto de ataques constantes contra personas defensoras de derechos humanos. Refiri\u00f3 que tan solo en Chiapas, el Observatorio de Personas Defensoras registr\u00f3 m\u00e1s de 100 agresiones en el a\u00f1o 2025.&nbsp;<\/p>\n\n\n\n<p class=\"wp-block-paragraph\">\u201cDichos ataques son perpetrados para obstaculizar, desarticular y frenar la labor inquebrantable que como defensoras realizamos en este territorio\u201d.<\/p>\n\n\n\n<p class=\"wp-block-paragraph\">Karen P\u00e9rez, directora del Servicios Jesuita Refugiados M\u00e9xico, advirti\u00f3 la situaci\u00f3n de violencia y falta de acompa\u00f1amiento que padecen las organizaciones de la sociedad civil en la frontera sur.<\/p>\n\n\n\n<p class=\"wp-block-paragraph\">\u201cHago este llamado para que las autoridades competentes puedan dar seguimiento a la situaci\u00f3n de violencia que cada vez m\u00e1s se recrudece. \u00bfCu\u00e1nto es el costo de la vida de las personas que acompa\u00f1amos a otras personas que merecen una segunda oportunidad?\u201d, expres\u00f3.<\/p>\n\n\n\n<p class=\"wp-block-paragraph\">En tanto, Melissa Vertiz Hern\u00e1ndez, integrante del Grupo de Trabajo sobre Pol\u00edtica Migratoria, destac\u00f3 el trabajo que desde hace 29 a\u00f1os el Centro Fray Mat\u00edas ha realizado en favor de las personas migrantes.<\/p>\n\n\n\n<p class=\"wp-block-paragraph\">Agreg\u00f3 que el Senado de la Rep\u00fablica tiene un papel importante para garantizar medidas de no repetici\u00f3n, pues la omisi\u00f3n por parte de las autoridades responsables de garantizar medidas de protecci\u00f3n a personas defensoras de derechos humanos provocan que estos actos queden en la impunidad.<\/p>\n\n\n\n<p class=\"wp-block-paragraph\">Por \u00faltimo, el senador Clemente Casta\u00f1eda, coordinador de la Bancada Naranja, manifest\u00f3 la solidaridad de todo el grupo parlamentario hacia las personas defensoras de los derechos humanos y reprob\u00f3 los actos de violencia cometidos en su contra.<\/p>\n\n\n\n<p class=\"wp-block-paragraph\">Antecedente<\/p>\n\n\n\n<p class=\"wp-block-paragraph\">El Centro de Derechos Humanos (CDH) Fray Mat\u00edas de C\u00f3rdova, defiende las garant\u00edas fundamentales de las personas migrantes y solicitantes de refugio en Chiapas,&nbsp; fue allanado, por tercera ocasi\u00f3n denunci\u00f3 la Red Nacional Todos los Derechos para Todas, Todos y Todes (Red TDT).<\/p>\n\n\n\n<p class=\"wp-block-paragraph\">Las 88 organizaciones que la integran condenaron \u201cen\u00e9rgicamente\u201d las agresiones perpetradas en contra del CDH y afirmaron que el allanamiento del pasado jueves \u2013el m\u00e1s reciente\u2013, coloca al equipo \u201cen un alto riesgo derivado de su labor en defensa de la comunidad migrante\u201d.<\/p>\n\n\n\n<p class=\"wp-block-paragraph\">Esta condena se suma a las decenas que se han expresado en la \u00faltima semana, entre ellas, la de Mary Lawlor, relatora especial de la Organizaci\u00f3n de las Naciones Unidas (ONU) sobre la situaci\u00f3n de los defensores de los derechos humanos, quien se\u00f1al\u00f3 que el personal del Centro Fray Mat\u00edas trabaja \u201cen un contexto marcado por la violencia y el crimen organizado\u201d, por lo que las autoridades deben instrumentar medidas de protecci\u00f3n colectivas \u201cde manera inmediata\u201d.<\/p>\n\n\n\n<p class=\"wp-block-paragraph\">En un pronunciamiento del viernes , la Red TDT manifest\u00f3 su indignaci\u00f3n porque \u201cel Mecanismo de Protecci\u00f3n para Personas Defensoras de Derechos Humanos y Periodistas es insuficiente y la empresa R.C.U han sido omisas reiteradamente con el cumplimiento e implementaci\u00f3n de sus obligaciones en materia de protecci\u00f3n a personas defensoras\u201d.<\/p>\n\n\n\n<p class=\"wp-block-paragraph\">Subray\u00f3 que pese a la insistencia de que se adopten las medidas de protecci\u00f3n e investigaci\u00f3n necesarias, \u201cnuestras exigencias no han sido cumplidas a cabalidad\u201d.<\/p>\n\n\n\n<p class=\"wp-block-paragraph\">El organismo denunci\u00f3 y responsabiliz\u00f3 al Estado mexicano, \u201cdesde lo local hasta lo federal, por su ineficacia para atender de manera diligente las peticiones del CDH Fray Mat\u00edas\u201d.<\/p>\n\n\n\n<p class=\"wp-block-paragraph\">Resalt\u00f3 que M\u00e9xico es uno de los pa\u00edses m\u00e1s peligrosos para la defensa de los derechos humanos. \u201cEs inadmisible que a\u00fan con este panorama, la protecci\u00f3n a la integridad no sea una prioridad gubernamental\u201d. Ante ello, exigi\u00f3 \u201catenci\u00f3n inmediata de las autoridades competentes\u201d.<\/p>\n","protected":false},"excerpt":{"rendered":"<p>La legisladora de la Bancada Naranja explic\u00f3 que en menos de 72 horas se registraron tres allanamientos de personas no identificadas en las instalaciones del centro La Red todos los derechos para todas, de 88 organizaciones, afirma que es responsabilidad del Estado Redacci\u00f3n SemM\u00e9xico, Cd. de M\u00e9xico, 30 de marzo, 2026.- La senadora Amalia Garc\u00eda [&hellip;]<\/p>\n","protected":false},"author":3,"featured_media":104157,"comment_status":"open","ping_status":"open","sticky":false,"template":"","format":"standard","meta":{"_monsterinsights_skip_tracking":false,"footnotes":""},"categories":[48],"tags":[],"class_list":["post-104156","post","type-post","status-publish","format-standard","has-post-thumbnail","category-no-mas-impunidad-no-mas-impunidad"],"_links":{"self":[{"href":"https:\/\/redsemlac.com\/semmexico\/wp-json\/wp\/v2\/posts\/104156","targetHints":{"allow":["GET"]}}],"collection":[{"href":"https:\/\/redsemlac.com\/semmexico\/wp-json\/wp\/v2\/posts"}],"about":[{"href":"https:\/\/redsemlac.com\/semmexico\/wp-json\/wp\/v2\/types\/post"}],"author":[{"embeddable":true,"href":"https:\/\/redsemlac.com\/semmexico\/wp-json\/wp\/v2\/users\/3"}],"replies":[{"embeddable":true,"href":"https:\/\/redsemlac.com\/semmexico\/wp-json\/wp\/v2\/comments?post=104156"}],"version-history":[{"count":0,"href":"https:\/\/redsemlac.com\/semmexico\/wp-json\/wp\/v2\/posts\/104156\/revisions"}],"wp:featuredmedia":[{"embeddable":true,"href":"https:\/\/redsemlac.com\/semmexico\/wp-json\/wp\/v2\/media\/104157"}],"wp:attachment":[{"href":"https:\/\/redsemlac.com\/semmexico\/wp-json\/wp\/v2\/media?parent=104156"}],"wp:term":[{"taxonomy":"category","embeddable":true,"href":"https:\/\/redsemlac.com\/semmexico\/wp-json\/wp\/v2\/categories?post=104156"},{"taxonomy":"post_tag","embeddable":true,"href":"https:\/\/redsemlac.com\/semmexico\/wp-json\/wp\/v2\/tags?post=104156"}],"curies":[{"name":"wp","href":"https:\/\/api.w.org\/{rel}","templated":true}]}}