{"id":104077,"date":"2026-03-27T15:17:10","date_gmt":"2026-03-27T21:17:10","guid":{"rendered":"https:\/\/redsemlac.com\/semmexico\/?p=104077"},"modified":"2026-03-27T15:17:11","modified_gmt":"2026-03-27T21:17:11","slug":"textura-violeta-el-humanismo-de-dockweiler","status":"publish","type":"post","link":"https:\/\/redsemlac.com\/semmexico\/textura-violeta-el-humanismo-de-dockweiler\/","title":{"rendered":"Textura Violeta| El humanismo de Dockweiler"},"content":{"rendered":"\n<p class=\"wp-block-paragraph\">Drina Ergueta<\/p>\n\n\n\n<p class=\"wp-block-paragraph\">SemM\u00e9xico, La Paz-Bolivia, 27 de marzo, 2026.- Qu\u00e9 querr\u00e1 decir el alcalde electo de La Paz, C\u00e9sar Dockweiler, \u00bfcu\u00e1ndo dice que es humanista? Parece usar un concepto vago y \u00fatil, para salir del paso, como cuando alguien suelta: \u201cNi machismo, ni feminismo: \u00a1Humanismo!\u201d y, as\u00ed, refleja una intenci\u00f3n de aparentar una postura equilibrada que, por un lado, incluye a toda la humanidad y que, por otro, tiene cierta sensibilidad social y no material. Vamos a ver.<\/p>\n\n\n\n<p class=\"wp-block-paragraph\">Dockweiler afirma ser \u201chumanista\u201d como parte del discurso expl\u00edcito de rechazo a ser considerado \u201cmasista\u201d (del MAS o partido que gobern\u00f3 gran parte de los \u00faltimos 20 a\u00f1os, con Evo Morales a la cabeza, y del que \u00e9l fue figura importante). Quiere diferenciarse de gobiernos que hoy no tienen buena prensa para una buena parte de la poblaci\u00f3n. Eso es claro.<\/p>\n\n\n\n<p class=\"wp-block-paragraph\">El Humanismo es una corriente filos\u00f3fica del Renacimiento que pon\u00eda en el centro \u201cal hombre\u201d, entendido como el representante de lo universal (de los dos sexos), de lo racional frente a lo divino, de la construcci\u00f3n de su destino frente a un designio, de lo cient\u00edfico frente a lo natural. Forma parte de la Modernidad de donde surge, como respuesta, el Feminismo que reclama todo ello pero que, adem\u00e1s, las mujeres sean tomadas en cuenta como parte de lo humano con sus cualidades y lo ciudadano con sus derechos. Es decir, que lo que sea de los hombres tambi\u00e9n sea de las mujeres; sin embargo, los grandes representantes del Humanismo y de la Modernidad son hombres y, adem\u00e1s, mis\u00f3ginos.<\/p>\n\n\n\n<p class=\"wp-block-paragraph\">Volvamos al alcalde electo de la ciudad sede de gobierno y a sus propuestas para su gesti\u00f3n. Lo tomamos como ejemplo de lo que se le podr\u00eda observar a otros cientos de alcaldes y alguna alcaldesa que han resultado con el cargo luego de las elecciones realizadas este 22 de marzo, para las 335 alcald\u00edas del pa\u00eds y los 9 gobiernos departamentales. &nbsp;<\/p>\n\n\n\n<p class=\"wp-block-paragraph\">Dockweiler tiene muy buena formaci\u00f3n, es economista con un doctorado en pol\u00edticas p\u00fablicas y desarrollo, y experiencia. Destaca haber liderado la construcci\u00f3n de la impresionante (por sus vistas) y muy \u00fatil red de telef\u00e9ricos de La Paz, siendo \u00e9sta su mejor baza para ser electo. Prometi\u00f3 ampliar esta eficiente y ecol\u00f3gica forma de transporte a m\u00e1s barrios. Hasta ah\u00ed bien, \u00bfqu\u00e9 m\u00e1s?<\/p>\n\n\n\n<p class=\"wp-block-paragraph\">En su propuesta, explicada en su web, se\u00f1ala su compromiso con \u201cvecinos\u201d (en masculino), \u201cempresas\u201d y \u201cfamilias\u201d para mejorar su calidad de vida y brindarles apoyo; se compromete con la eficiencia y transparencia en su gesti\u00f3n, impulsar el turismo, vigilar situaciones de riesgo clim\u00e1tico, atender lo que le corresponde en salud y educaci\u00f3n, respaldar a la cultura, la emprendedur\u00eda y a la juventud, hacer una ciudad amiga de las mascotas, de la gente con discapacidad o necesidades especiales, de la infancia y personas adultas en situaci\u00f3n de pobreza. Parece que han pensado en todo \u00bfverdad? Pues no.<\/p>\n\n\n\n<p class=\"wp-block-paragraph\">Resulta que la mitad de la humanidad son mujeres y no aparecen para nada en las propuestas. No es que tengan que tener m\u00e1s, es que ellas tienen una condici\u00f3n social evidente y demostrada de discriminaci\u00f3n en todos los campos y, en ese sentido, \u201cdeben\u201d estar expl\u00edcitamente incluidas.<\/p>\n\n\n\n<p class=\"wp-block-paragraph\">Por el sistema patriarcal, como sistema social, las mujeres tienen una vida m\u00e1s dif\u00edcil en todos los campos. A ellas las matan, las violan, las golpean y les aplican una serie de violencias f\u00edsicas y simb\u00f3licas desde un machismo que ejerce su privilegio de distintas maneras y del que benefician todos los hombres. Por ello, los hombres tambi\u00e9n tienen que participar en un cambio de sistema de relaciones desiguales de g\u00e9nero \u00bfC\u00f3mo puede ser que no se incluyan pol\u00edticas de g\u00e9nero claras y expl\u00edcitas en programas de gobierno?<\/p>\n\n\n\n<p class=\"wp-block-paragraph\">\u00bfQu\u00e9 humanismo es ese que no toma en cuenta a la mitad de la humanidad?<\/p>\n\n\n\n<p class=\"wp-block-paragraph\">Doy pistas: cuando Dockweiler habla de seguridad y de eliminar el miedo en la ciudad se refiere principalmente a la delincuencia, pero un acosador no se siente delincuente; aunque deber\u00eda \u00bfQu\u00e9 har\u00e1 para dar una ciudad segura para las mujeres? \u00bfC\u00f3mo respaldar\u00e1 los emprendimientos de las \u201ccaseritas\u201d jefas de familia monomaternales? \u00bfC\u00f3mo controlar\u00e1 que no haya acoso sexual en el Ayuntamiento, en empresas proveedoras y de servicios con las que se relaciona y en las calles? \u00bfC\u00f3mo gestionar\u00e1 las pol\u00edticas de g\u00e9nero con las gobernaciones y el gobierno central?<\/p>\n\n\n\n<p class=\"wp-block-paragraph\">No sea humanista a medias y p\u00f3ngase las gafas que visibilizan a las mujeres y los problemas de la sociedad patriarcal, se\u00f1or alcalde de La Paz. Y lo mismo para todas las otras 334 alcald\u00edas.<\/p>\n","protected":false},"excerpt":{"rendered":"<p>Drina Ergueta SemM\u00e9xico, La Paz-Bolivia, 27 de marzo, 2026.- Qu\u00e9 querr\u00e1 decir el alcalde electo de La Paz, C\u00e9sar Dockweiler, \u00bfcu\u00e1ndo dice que es humanista? Parece usar un concepto vago y \u00fatil, para salir del paso, como cuando alguien suelta: \u201cNi machismo, ni feminismo: \u00a1Humanismo!\u201d y, as\u00ed, refleja una intenci\u00f3n de aparentar una postura equilibrada [&hellip;]<\/p>\n","protected":false},"author":3,"featured_media":8467,"comment_status":"open","ping_status":"open","sticky":false,"template":"","format":"standard","meta":{"_monsterinsights_skip_tracking":false,"footnotes":""},"categories":[77,35,102],"tags":[],"class_list":["post-104077","post","type-post","status-publish","format-standard","has-post-thumbnail","category-drina-ergueta","category-opinion","category-textura-violeta"],"_links":{"self":[{"href":"https:\/\/redsemlac.com\/semmexico\/wp-json\/wp\/v2\/posts\/104077","targetHints":{"allow":["GET"]}}],"collection":[{"href":"https:\/\/redsemlac.com\/semmexico\/wp-json\/wp\/v2\/posts"}],"about":[{"href":"https:\/\/redsemlac.com\/semmexico\/wp-json\/wp\/v2\/types\/post"}],"author":[{"embeddable":true,"href":"https:\/\/redsemlac.com\/semmexico\/wp-json\/wp\/v2\/users\/3"}],"replies":[{"embeddable":true,"href":"https:\/\/redsemlac.com\/semmexico\/wp-json\/wp\/v2\/comments?post=104077"}],"version-history":[{"count":0,"href":"https:\/\/redsemlac.com\/semmexico\/wp-json\/wp\/v2\/posts\/104077\/revisions"}],"wp:featuredmedia":[{"embeddable":true,"href":"https:\/\/redsemlac.com\/semmexico\/wp-json\/wp\/v2\/media\/8467"}],"wp:attachment":[{"href":"https:\/\/redsemlac.com\/semmexico\/wp-json\/wp\/v2\/media?parent=104077"}],"wp:term":[{"taxonomy":"category","embeddable":true,"href":"https:\/\/redsemlac.com\/semmexico\/wp-json\/wp\/v2\/categories?post=104077"},{"taxonomy":"post_tag","embeddable":true,"href":"https:\/\/redsemlac.com\/semmexico\/wp-json\/wp\/v2\/tags?post=104077"}],"curies":[{"name":"wp","href":"https:\/\/api.w.org\/{rel}","templated":true}]}}