{"id":104059,"date":"2026-03-25T12:35:53","date_gmt":"2026-03-25T18:35:53","guid":{"rendered":"https:\/\/redsemlac.com\/semmexico\/?p=104059"},"modified":"2026-03-25T12:35:53","modified_gmt":"2026-03-25T18:35:53","slug":"ley-general-de-feminicidios-que-propone-la-iniciativa-presentada-por-claudia-sheinbaum","status":"publish","type":"post","link":"https:\/\/redsemlac.com\/semmexico\/ley-general-de-feminicidios-que-propone-la-iniciativa-presentada-por-claudia-sheinbaum\/","title":{"rendered":"Ley General de Feminicidios: \u00bfqu\u00e9 propone la iniciativa presentada por Claudia Sheinbaum?"},"content":{"rendered":"\n<p class=\"wp-block-paragraph\">Foto cortes\u00eda de la presidencia: Actualmente hay entidades federativas como la Ciudad de M\u00e9xico, Morelos y Tlaxcala sus c\u00f3digos penales ya establece que el feminicidio no prescribe<\/p>\n\n\n\n<p class=\"wp-block-paragraph\">&nbsp;Incluye como delito toda tentativa de feminicidio, que presentaron en&nbsp; &nbsp; &nbsp; 2022 las organizaciones sociales<\/p>\n\n\n\n<p class=\"wp-block-paragraph\">La iniciativa propone investigar toda muerte violenta de una mujer como feminicidio, unificar el delito a nivel nacional<\/p>\n\n\n\n<p class=\"wp-block-paragraph\">Pablo Rodr\u00edguez y Rafael Ram\u00edrez<\/p>\n\n\n\n<p class=\"wp-block-paragraph\">SemM\u00e9xico\/ El Sol de M\u00e9xico, 25 de marzo, 2026.- La<strong>&nbsp;<\/strong><a href=\"https:\/\/oem.com.mx\/elsoldemexico\/mexico\/presidencia-y-fgr-presentan-ley-general-contra-el-feminicidio-plantea-penas-de-hasta-70-anos-y-homologacion-nacional-29140796\"><strong>iniciativa<\/strong><\/a>&nbsp;presentada por el&nbsp;<strong>gobierno de M\u00e9xico<\/strong>&nbsp;y la<strong>&nbsp;Fiscal\u00eda General de la Rep\u00fablica<\/strong>&nbsp;para reformar la&nbsp;<strong>Ley General&nbsp;<\/strong>para&nbsp;<strong>prevenir, investigar, sancionar<\/strong>&nbsp;y reparar el da\u00f1o por el&nbsp;<strong>delito de feminicidio<\/strong>&nbsp;busca cambiar el marco normativo sobre este delito.<\/p>\n\n\n\n<p class=\"wp-block-paragraph\">Entre los cambios m\u00e1s destacados est\u00e1 que&nbsp;<strong>toda&nbsp;<\/strong><a href=\"https:\/\/oem.com.mx\/elsoldemexico\/mexico\/presidencia-y-fgr-presentan-ley-general-contra-el-feminicidio-plantea-penas-de-hasta-70-anos-y-homologacion-nacional-29140796\"><strong>muerte violenta de una mujer<\/strong><\/a>&nbsp;se investigue como<strong>&nbsp;feminicidio<\/strong>.<\/p>\n\n\n\n<p class=\"wp-block-paragraph\">\u201cToda&nbsp;<a href=\"https:\/\/oem.com.mx\/elsoldemexico\/mexico\/colectivos-reportan-287-mujeres-asesinadas-y-32-activistas-muertos-en-oaxaca-entre-2022-y-2025-29133081\"><strong>muerte violenta<\/strong><\/a>&nbsp;debe&nbsp;<strong>investigarse bajo la hip\u00f3tesis de feminicidio<\/strong>\u201d, dice la presentaci\u00f3n de la iniciativa.<\/p>\n\n\n\n<p class=\"wp-block-paragraph\">Actualmente, el<strong>&nbsp;C\u00f3digo Penal Federal<\/strong>, en su art\u00edculo 325, establece que un&nbsp;<strong>homicidio de una mujer se investigue<\/strong>&nbsp;como posible feminicidio cuando hay presencia de<strong>&nbsp;violencia sexual<\/strong>,<strong>&nbsp;antecedentes de violencia<\/strong>, la existencia de una&nbsp;<strong>relaci\u00f3n con el agresor<\/strong>,&nbsp;<strong>amenazas<\/strong>,&nbsp;<strong>incomunicaci\u00f3n de la v\u00edctima<\/strong>&nbsp;o la&nbsp;<strong>exposici\u00f3n del cuerpo<\/strong>&nbsp;en un lugar p\u00fablico.<\/p>\n\n\n\n<p class=\"wp-block-paragraph\"><strong>Si no hay ninguno<\/strong>&nbsp;de estos supuestos, las&nbsp;<strong>autoridades pueden omitir la l\u00ednea de investigaci\u00f3n<\/strong>&nbsp;de feminicidio.<\/p>\n\n\n\n<p class=\"wp-block-paragraph\">Otro de los ejes centrales de la iniciativa es la<strong>&nbsp;homologaci\u00f3n del tipo penal a nivel nacional,<\/strong>&nbsp;con el objetivo de eliminar diferencias entre&nbsp;<strong>legislaciones estatales<\/strong>&nbsp;y<strong>&nbsp;garantizar criterios&nbsp;<\/strong>uniformes en la<strong>&nbsp;persecuci\u00f3n del delito<\/strong>.&nbsp;<\/p>\n\n\n\n<p class=\"wp-block-paragraph\">Por lo que la propuesta<strong>&nbsp;incluye penas de entre 40 y 70 a\u00f1os de prisi\u00f3n<\/strong>, adem\u00e1s de sancionar la tentativa con&nbsp;<strong>castigos que van de la mitad<\/strong>&nbsp;a dos terceras partes de la&nbsp;<strong>pena correspondiente.<\/strong><\/p>\n\n\n\n<p class=\"wp-block-paragraph\">El proyecto tambi\u00e9n<strong>&nbsp;endurece el marco de sanciones<\/strong>&nbsp;mediante la incorporaci\u00f3n de<strong>&nbsp;21 agravantes<\/strong>, como que la<strong>&nbsp;v\u00edctima sea menor de edad<\/strong>&nbsp;o<strong>&nbsp;persona adulta mayor<\/strong>, tener&nbsp;<strong>discapacidad o ser migrante<\/strong>, as\u00ed como factores contextuales como que el&nbsp;<strong>crimen se cometa frente a hijas o hijos<\/strong>&nbsp;o que el agresor sea servidor p\u00fablico.<\/p>\n\n\n\n<ul class=\"wp-block-list\">\n<li><strong>Te recomendamos:\u00a0<\/strong><a href=\"https:\/\/oem.com.mx\/elsoldemexico\/mexico\/disminuyen-feminicidios-en-2025-pero-aumentan-lesiones-y-trata-contra-mujeres-28058519\"><strong>M\u00e9xico cerr\u00f3 el a\u00f1o con menos feminicidios, pero m\u00e1s mujeres lesionadas intencionalmente<\/strong><\/a><\/li>\n<\/ul>\n\n\n\n<p class=\"wp-block-paragraph\">Adem\u00e1s, la iniciativa espec\u00edfica que las&nbsp;<strong>personas acusadas de feminicidio&nbsp;<\/strong>no podr\u00e1n solicitar los beneficios de la amnist\u00eda, tampoco tendr\u00e1n&nbsp;<strong>acceso a la libertad&nbsp;<\/strong>condicionada ni conmutaci\u00f3n de penas.<\/p>\n\n\n\n<p class=\"wp-block-paragraph\">Otro de los puntos que se buscan&nbsp;<strong>homologar es que el delito<\/strong>, su<strong>&nbsp;sanci\u00f3n<\/strong>&nbsp;y la<strong>&nbsp;reparaci\u00f3n del da\u00f1o<\/strong>&nbsp;no puedan prescribir.<\/p>\n\n\n\n<p class=\"wp-block-paragraph\">Actualmente hay entidades federativas como la&nbsp;<strong>Ciudad de M\u00e9xico, Morelos y Tlaxcala<\/strong>&nbsp;sus&nbsp;<strong>c\u00f3digos penales<\/strong>&nbsp;ya establece que el&nbsp;<strong>feminicidio no prescribe.<\/strong><\/p>\n\n\n\n<p class=\"wp-block-paragraph\">En materia de investigaci\u00f3n, se contempla el&nbsp;<strong>aplicar protocolos especializados<\/strong>&nbsp;y analizar<strong>&nbsp;antecedentes de violencia<\/strong>&nbsp;aun cuando&nbsp;<strong>no existan denuncias previas<\/strong>.&nbsp;<\/p>\n\n\n\n<p class=\"wp-block-paragraph\">Asimismo, se prev\u00e9 la creaci\u00f3n de&nbsp;<strong>fiscal\u00edas especializadas&nbsp;<\/strong>y un<strong>&nbsp;Protocolo Nacional Homologado<\/strong>&nbsp;para estos casos.<\/p>\n\n\n\n<p class=\"wp-block-paragraph\">La propuesta tambi\u00e9n&nbsp;<strong>fortalece los derechos de las v\u00edctimas,<\/strong>&nbsp;al garantizar&nbsp;<strong>acceso a la verdad y la justicia<\/strong>, atenci\u00f3n m\u00e9dica y psicol\u00f3gica urgente, a<strong>sesor\u00eda jur\u00eddica gratuita y medidas de protecci\u00f3n.<\/strong>&nbsp;<\/p>\n\n\n\n<p class=\"wp-block-paragraph\">De manera particular, incorpora acciones para atender a&nbsp;<strong>ni\u00f1as, ni\u00f1os y adolescentes<\/strong>&nbsp;en situaci\u00f3n de&nbsp;<strong>orfandad por feminicidio<\/strong>, incluyendo la creaci\u00f3n de un registro nacional.<\/p>\n\n\n\n<p class=\"wp-block-paragraph\"><strong>Presentaci\u00f3n 24 de marzo: Presidencia y FGR proponen Ley General contra el feminicidio con penas de hasta 70 a\u00f1os<\/strong><\/p>\n\n\n\n\n\n<p class=\"wp-block-paragraph\">Ernestina Godoy, sostuvo que el feminicidio no puede entenderse \u00fanicamente como un delito, sino como una grave violaci\u00f3n a los derechos humanos&nbsp;\/&nbsp;Foto: Roberto Hern\u00e1ndez \/ Cuartoscuro.com<\/p>\n\n\n\n<p class=\"wp-block-paragraph\">El gobierno de la&nbsp;<a href=\"https:\/\/oem.com.mx\/elsoldemexico\/mexico\/sheinbaum-destaca-nuevas-lineas-de-investigacion-para-caso-ayotzinapa-y-busca-apoyo-internacional-29128036\"><strong>presidenta Claudia Sheinbaum<\/strong><\/a>&nbsp;present\u00f3 este martes la&nbsp;<strong>iniciativa<\/strong>&nbsp;de&nbsp;<strong>Ley General<\/strong>&nbsp;para prevenir, investigar, sancionar y reparar el da\u00f1o por el&nbsp;<strong>delito de feminicidio<\/strong>, con la que se busca homologar el marco legal en todo el pa\u00eds y fortalecer la actuaci\u00f3n de las autoridades frente a este delito.<\/p>\n\n\n\n<p class=\"wp-block-paragraph\">Durante la<strong>&nbsp;conferencia matutina de la presidenta Sheinbaum<\/strong>, la fiscal general de la Rep\u00fablica,&nbsp;<strong>Ernestina Godoy<\/strong>, sostuvo que el feminicidio no puede entenderse \u00fanicamente como un&nbsp;<strong>delito<\/strong>, sino como una&nbsp;<strong>grave violaci\u00f3n a los derechos humanos<\/strong>&nbsp;que exige respuestas estructurales del Estado.<\/p>\n\n\n\n<p class=\"wp-block-paragraph\">\u201cHablar de feminicidio no solo es hablar de cifras o de normas jur\u00eddicas. Es hablar de&nbsp;<strong>vidas que fueron arrebatadas&nbsp;<\/strong>y de una deuda hist\u00f3rica en materia de investigaci\u00f3n y acceso a la justicia\u201d, afirm\u00f3.<\/p>\n\n\n\n<p class=\"wp-block-paragraph\">La funcionaria adelant\u00f3 que el pr\u00f3ximo&nbsp;<strong>15 de abril<\/strong>&nbsp;la Fiscal\u00eda General de la Rep\u00fablica presentar\u00e1 un&nbsp;<strong>plan estrat\u00e9gico<\/strong>&nbsp;de procuraci\u00f3n de justicia que ser\u00e1<strong>&nbsp;entregado al Senado y al Ejecutivo federal<\/strong>.<\/p>\n\n\n\n<p class=\"wp-block-paragraph\">Durante la conferencia, la&nbsp;<strong>presidenta Sheinbaum&nbsp;<\/strong>adelant\u00f3 que hoy mismo ser\u00e1<strong>&nbsp;enviada al Senado de la Rep\u00fablica&nbsp;<\/strong>y adelant\u00f3 que no cree que nadie se oponga a una<strong>&nbsp;reforma de esta \u00edndole<\/strong>.<\/p>\n\n\n\n<p class=\"wp-block-paragraph\"><strong>Homologaci\u00f3n y penas m\u00e1s severas<\/strong><\/p>\n\n\n\n<p class=\"wp-block-paragraph\">La iniciativa contempla<strong>&nbsp;establecer un tipo penal&nbsp;<\/strong>\u00fanico a nivel nacional, con penas que van de&nbsp;<strong>40 a 70 a\u00f1os de prisi\u00f3n<\/strong>, adem\u00e1s de sancionar la tentativa con castigos equivalentes a entre la mitad y dos terceras partes de la pena.<\/p>\n\n\n\n<p class=\"wp-block-paragraph\">El proyecto reconoce<strong>&nbsp;nueve razones de g\u00e9nero&nbsp;<\/strong>para tipificar el feminicidio, entre ellas violencia sexual, lesiones degradantes, antecedentes de violencia, relaciones de poder o subordinaci\u00f3n, incomunicaci\u00f3n de la v\u00edctima y exposici\u00f3n del cuerpo.<\/p>\n\n\n\n<p class=\"wp-block-paragraph\">Tambi\u00e9n incorpora&nbsp;<strong>21 agravantes<\/strong>, como que la v\u00edctima sea ni\u00f1a, adolescente, persona adulta mayor, tenga discapacidad, sea migrante o pertenezca a pueblos ind\u00edgenas o afrodescendientes, as\u00ed como cuando el&nbsp;<strong>crimen se cometa<\/strong>&nbsp;frente a hijos o hijas.<\/p>\n\n\n\n<p class=\"wp-block-paragraph\"><strong>Investigaci\u00f3n obligatoria y sin prescripci\u00f3n<\/strong><\/p>\n\n\n\n<p class=\"wp-block-paragraph\">Uno de los&nbsp;<strong>ejes centrales&nbsp;<\/strong>de la propuesta es que&nbsp;<strong>toda muerte violenta de una mujer<\/strong>&nbsp;sea investigada desde el inicio bajo la hip\u00f3tesis de&nbsp;<strong>feminicidio<\/strong>, con protocolos homologados en todo el pa\u00eds y con perspectiva de g\u00e9nero obligatoria.<\/p>\n\n\n\n<p class=\"wp-block-paragraph\">Adem\u00e1s, el delito ser\u00e1&nbsp;<strong>perseguido de oficio<\/strong>&nbsp;y tanto la acci\u00f3n penal como las sanciones y la reparaci\u00f3n del da\u00f1o ser\u00e1n imprescriptibles.<\/p>\n\n\n\n<p class=\"wp-block-paragraph\">La iniciativa tambi\u00e9n establece que los responsables perder\u00e1n derechos sucesorios, patria potestad, tutela y<strong>&nbsp;cualquier beneficio legal<\/strong>&nbsp;relacionado con la v\u00edctima.<\/p>\n\n\n\n<p class=\"wp-block-paragraph\"><strong>Fiscal\u00edas especializadas y coordinaci\u00f3n<\/strong><\/p>\n\n\n\n<p class=\"wp-block-paragraph\">El proyecto plantea la&nbsp;<strong>creaci\u00f3n y fortalecimiento de fiscal\u00edas especializadas en feminicidio<\/strong>, con personal certificado y capacitado, as\u00ed como la intervenci\u00f3n continua del Ministerio P\u00fablico durante todas las etapas del proceso penal para evitar interrupciones en las investigaciones.<\/p>\n\n\n\n<p class=\"wp-block-paragraph\">Asimismo, se propone<strong>&nbsp;fortalecer la coordinaci\u00f3n<\/strong>&nbsp;entre instituciones de seguridad, procuraci\u00f3n de justicia y atenci\u00f3n a v\u00edctimas, adem\u00e1s de establecer pol\u00edticas p\u00fablicas integrales para prevenir la<strong>&nbsp;violencia feminicida<\/strong>.<\/p>\n\n\n\n<p class=\"wp-block-paragraph\">Godoy subray\u00f3 que esta propuesta fue elaborada&nbsp;<strong>de<\/strong>&nbsp;<strong>manera conjunta&nbsp;<\/strong>entre la Fiscal\u00eda General de la Rep\u00fablica y la Secretar\u00eda de las Mujeres, con base en&nbsp;<strong>est\u00e1ndares nacionales e internacionales<\/strong>&nbsp;y sentencias en materia de derechos humanos.<\/p>\n\n\n\n<p class=\"wp-block-paragraph\">\u201cLa obligaci\u00f3n del Estado es<strong>&nbsp;investigar con debida diligencia reforzada<\/strong>&nbsp;y garantizar a las mujeres una vida libre de violencia\u201d, concluy\u00f3.<\/p>\n\n\n\n<p class=\"wp-block-paragraph\"><strong>Ley general contra feminicidio prioriza a v\u00edctimas y protecci\u00f3n a hu\u00e9rfanos<\/strong><\/p>\n\n\n\n<p class=\"wp-block-paragraph\">La subsecretaria del Derecho a una Vida Libre de Violencias,<strong>&nbsp;Ingrid G\u00f3mez Sarac\u00edbar<\/strong>, afirm\u00f3 que la nueva Ley General para prevenir, investigar, sancionar y reparar el da\u00f1o por el delito de feminicidio coloca en el centro a las&nbsp;<strong>v\u00edctimas<\/strong>&nbsp;y, de manera especial, a&nbsp;<strong>ni\u00f1as, ni\u00f1os y adolescentes<\/strong>&nbsp;que quedan en orfandad tras estos cr\u00edmenes.<\/p>\n\n\n\n<p class=\"wp-block-paragraph\">Durante la&nbsp;<strong>presentaci\u00f3n de la iniciativa<\/strong>&nbsp;impulsada por el gobierno federal en Palacio Nacional, la funcionaria subray\u00f3 que el feminicidio no solo arrebata la vida de las mujeres, sino que&nbsp;<strong>impacta<\/strong>&nbsp;de forma profunda a sus familias y entornos cercanos.<\/p>\n\n\n\n<p class=\"wp-block-paragraph\">\u201cEstamos hablando de un&nbsp;<strong>delito que arrebata la vida de las mujeres<\/strong>, pero, sin duda, tambi\u00e9n cambia la vida de las personas de sus c\u00edrculos cercanos, sobre todo de sus hijas e hijos\u201d, se\u00f1al\u00f3 la funcionaria en la ma\u00f1anera presidencial.<\/p>\n\n\n\n<p class=\"wp-block-paragraph\">G\u00f3mez Sarac\u00edbar explic\u00f3 que la propuesta articula un&nbsp;<strong>cat\u00e1logo amplio de derechos<\/strong>&nbsp;para v\u00edctimas directas e indirectas, que incluye&nbsp;<strong>acceso a la verdad y justicia<\/strong>, atenci\u00f3n m\u00e9dica y psicol\u00f3gica de urgencia \u2014incluyendo casos de tentativa\u2014, as\u00ed como asistencia jur\u00eddica gratuita y acceso a servicios de salud, educaci\u00f3n y seguridad social.<\/p>\n\n\n\n<p class=\"wp-block-paragraph\">Destac\u00f3 que uno de los&nbsp;<strong>ejes centrales<\/strong>&nbsp;es la&nbsp;<strong>atenci\u00f3n a menores<\/strong>&nbsp;en situaci\u00f3n de&nbsp;<strong>orfandad por feminicidio<\/strong>, quienes tendr\u00e1n derecho a protecci\u00f3n integral del Estado y a mecanismos espec\u00edficos de restituci\u00f3n de derechos.<\/p>\n\n\n\n<p class=\"wp-block-paragraph\"><strong>Reparaci\u00f3n integral y sin revictimizaci\u00f3n<\/strong><\/p>\n\n\n\n<p class=\"wp-block-paragraph\">La subsecretaria enfatiz\u00f3 que la reparaci\u00f3n del da\u00f1o no se limita a una&nbsp;<strong>compensaci\u00f3n econ\u00f3mica<\/strong>, sino que debe ser \u201cadecuada, efectiva, r\u00e1pida y proporcional\u201d, incorporando pol\u00edticas p\u00fablicas de restituci\u00f3n de derechos y&nbsp;<strong>protecci\u00f3n para las v\u00edctimas<\/strong>.<\/p>\n\n\n\n<p class=\"wp-block-paragraph\">En ese sentido, la iniciativa establece lineamientos para que&nbsp;<strong>medios y plataformas digitales<\/strong>&nbsp;respeten la&nbsp;<strong>dignidad de las v\u00edctimas<\/strong>&nbsp;y sus familias, evitando la difusi\u00f3n de im\u00e1genes o contenidos que revictimicen o hagan&nbsp;<strong>apolog\u00eda del delito<\/strong>.<\/p>\n\n\n\n<p class=\"wp-block-paragraph\">\u201cNo puede haber una&nbsp;<strong>exhibici\u00f3n amarillista<\/strong>&nbsp;de las v\u00edctimas o de sus deudos\u201d, advirti\u00f3.<\/p>\n\n\n\n<p class=\"wp-block-paragraph\"><strong>Prevenci\u00f3n y coordinaci\u00f3n institucional<\/strong><\/p>\n\n\n\n<p class=\"wp-block-paragraph\">La funcionaria se\u00f1al\u00f3 que la ley&nbsp;<strong>parte del reconocimiento<\/strong>&nbsp;de que el feminicidio es resultado de&nbsp;<strong>violencias sistem\u00e1ticas previas<\/strong>, por lo que propone fortalecer las acciones de prevenci\u00f3n, atenci\u00f3n temprana y coordinaci\u00f3n entre los tres niveles de gobierno.<\/p>\n\n\n\n<p class=\"wp-block-paragraph\">Entre las<strong>&nbsp;medidas planteadas&nbsp;<\/strong>se encuentran<strong>&nbsp;evaluaciones de riesgo oportunas<\/strong>, acceso a refugios, atenci\u00f3n jur\u00eddica especializada y el fortalecimiento de servicios como centros de justicia para mujeres, redes de abogadas y&nbsp;<strong>l\u00edneas de atenci\u00f3n<\/strong>.<\/p>\n\n\n\n<p class=\"wp-block-paragraph\">Adem\u00e1s, se contempla la&nbsp;<strong>creaci\u00f3n de una comisi\u00f3n especial<\/strong>&nbsp;dentro del Sistema Nacional para Prevenir, Atender, Sancionar y Erradicar la<strong>&nbsp;Violencia contra las Mujeres<\/strong>, encargada de dar seguimiento a la implementaci\u00f3n de la ley, coordinar capacitaciones y articular campa\u00f1as permanentes contra la violencia feminicida.<\/p>\n\n\n\n<p class=\"wp-block-paragraph\"><strong>Registro nacional de hu\u00e9rfanos por feminicidio<\/strong><\/p>\n\n\n\n<p class=\"wp-block-paragraph\">Como parte de las&nbsp;<strong>acciones estructurales<\/strong>, la iniciativa propone crear un registro nacional de ni\u00f1as, ni\u00f1os y adolescentes en situaci\u00f3n de&nbsp;<strong>orfandad por feminicidio<\/strong>, en coordinaci\u00f3n con la Fiscal\u00eda General de la Rep\u00fablica, el DIF y la Procuradur\u00eda de Protecci\u00f3n de Ni\u00f1as, Ni\u00f1os y Adolescentes.<\/p>\n\n\n\n<p class=\"wp-block-paragraph\">Este instrumento permitir\u00e1&nbsp;<strong>dise\u00f1ar pol\u00edticas p\u00fablicas espec\u00edficas<\/strong>&nbsp;y actualizar protocolos de atenci\u00f3n para garantizar la restituci\u00f3n de derechos de las&nbsp;<strong>v\u00edctimas indirectas<\/strong>.<\/p>\n\n\n\n<p class=\"wp-block-paragraph\">\u201cLa propuesta busca no solo&nbsp;<strong>sancionar el delito<\/strong>, sino atender de manera integral sus&nbsp;<strong>consecuencias sociales<\/strong>\u201d, concluy\u00f3 la subsecretaria.<\/p>\n\n\n\n<p class=\"wp-block-paragraph\"><a href=\"https:\/\/oem.com.mx\/elsoldemexico\/analisis\/autor\/rafael-ramirez-1238\"><strong>Rafael&nbsp;Ram\u00edrez<\/strong><\/a>: Soy reportero desde que los tel\u00e9fonos ten\u00edan antena. Escribo del congreso y partidos pol\u00edticos. Rodr\u00edguez: Apasionado del arte, la cultura y la lectura, disfruto la m\u00fasica y la capoeira. Reportero interesado en derechos humanos y libertad de expresi\u00f3n<\/p>\n","protected":false},"excerpt":{"rendered":"<p>Foto cortes\u00eda de la presidencia: Actualmente hay entidades federativas como la Ciudad de M\u00e9xico, Morelos y Tlaxcala sus c\u00f3digos penales ya establece que el feminicidio no prescribe &nbsp;Incluye como delito toda tentativa de feminicidio, que presentaron en&nbsp; &nbsp; &nbsp; 2022 las organizaciones sociales La iniciativa propone investigar toda muerte violenta de una mujer como feminicidio, [&hellip;]<\/p>\n","protected":false},"author":3,"featured_media":104060,"comment_status":"open","ping_status":"open","sticky":false,"template":"","format":"standard","meta":{"_monsterinsights_skip_tracking":false,"footnotes":""},"categories":[694,903],"tags":[],"class_list":["post-104059","post","type-post","status-publish","format-standard","has-post-thumbnail","category-destacadas","category-presidenta-y-mas"],"_links":{"self":[{"href":"https:\/\/redsemlac.com\/semmexico\/wp-json\/wp\/v2\/posts\/104059","targetHints":{"allow":["GET"]}}],"collection":[{"href":"https:\/\/redsemlac.com\/semmexico\/wp-json\/wp\/v2\/posts"}],"about":[{"href":"https:\/\/redsemlac.com\/semmexico\/wp-json\/wp\/v2\/types\/post"}],"author":[{"embeddable":true,"href":"https:\/\/redsemlac.com\/semmexico\/wp-json\/wp\/v2\/users\/3"}],"replies":[{"embeddable":true,"href":"https:\/\/redsemlac.com\/semmexico\/wp-json\/wp\/v2\/comments?post=104059"}],"version-history":[{"count":0,"href":"https:\/\/redsemlac.com\/semmexico\/wp-json\/wp\/v2\/posts\/104059\/revisions"}],"wp:featuredmedia":[{"embeddable":true,"href":"https:\/\/redsemlac.com\/semmexico\/wp-json\/wp\/v2\/media\/104060"}],"wp:attachment":[{"href":"https:\/\/redsemlac.com\/semmexico\/wp-json\/wp\/v2\/media?parent=104059"}],"wp:term":[{"taxonomy":"category","embeddable":true,"href":"https:\/\/redsemlac.com\/semmexico\/wp-json\/wp\/v2\/categories?post=104059"},{"taxonomy":"post_tag","embeddable":true,"href":"https:\/\/redsemlac.com\/semmexico\/wp-json\/wp\/v2\/tags?post=104059"}],"curies":[{"name":"wp","href":"https:\/\/api.w.org\/{rel}","templated":true}]}}