{"id":104052,"date":"2026-03-25T12:23:14","date_gmt":"2026-03-25T18:23:14","guid":{"rendered":"https:\/\/redsemlac.com\/semmexico\/?p=104052"},"modified":"2026-03-25T12:23:15","modified_gmt":"2026-03-25T18:23:15","slug":"familiares-y-companeros-de-trabajo-de-profesora-desaparecida-piden-ayuda-para-su-localizacion","status":"publish","type":"post","link":"https:\/\/redsemlac.com\/semmexico\/familiares-y-companeros-de-trabajo-de-profesora-desaparecida-piden-ayuda-para-su-localizacion\/","title":{"rendered":"Familiares y compa\u00f1eros de trabajo de profesora desaparecida piden ayuda para su localizaci\u00f3n"},"content":{"rendered":"\n<p class=\"wp-block-paragraph\"><br>M\u00f3nica Hern\u00e1ndez Castro<\/p>\n\n\n\n<p class=\"wp-block-paragraph\">SemM\u00e9xico\/ CEPROVYSA.COM, Acapulco, Guerrero., 26 de marzo, 2026.- Familiares de la profesora Maricela Minerva Pineda Mendoza, que se encuentra en situaci\u00f3n de desaparecida, realizaron una protesta este martes para pedir a las autoridades dar con su paradero.<\/p>\n\n\n\n<figure class=\"wp-block-image size-full\"><a href=\"https:\/\/redsemlac.com\/semmexico\/wp-content\/uploads\/2026\/03\/image-61.jpeg\"><img loading=\"lazy\" decoding=\"async\" width=\"1024\" height=\"576\" src=\"https:\/\/redsemlac.com\/semmexico\/wp-content\/uploads\/2026\/03\/image-61.jpeg\" alt=\"\" class=\"wp-image-104053\" srcset=\"https:\/\/redsemlac.com\/semmexico\/wp-content\/uploads\/2026\/03\/image-61.jpeg 1024w, https:\/\/redsemlac.com\/semmexico\/wp-content\/uploads\/2026\/03\/image-61-300x169.jpeg 300w, https:\/\/redsemlac.com\/semmexico\/wp-content\/uploads\/2026\/03\/image-61-768x432.jpeg 768w, https:\/\/redsemlac.com\/semmexico\/wp-content\/uploads\/2026\/03\/image-61-150x84.jpeg 150w, https:\/\/redsemlac.com\/semmexico\/wp-content\/uploads\/2026\/03\/image-61-696x392.jpeg 696w\" sizes=\"auto, (max-width: 1024px) 100vw, 1024px\" \/><\/a><\/figure>\n\n\n\n<p class=\"wp-block-paragraph\"><br>A la demanda se sumaron compa\u00f1eros de trabajo de la docente que demandaban la presentaci\u00f3n con vida de la Profesora y gritaban consignas se\u00f1alando que los alumnos de Maricela esperaban por sus clases.<\/p>\n\n\n\n<p class=\"wp-block-paragraph\">Los datos que proporcionaban es que la Profesora Maricela sali\u00f3 de su casa, ubicada en Ca\u00f1ada de los Amates, el pasado 15 de marzo, alrededor de las 6 de la ma\u00f1ana sin que llegara a su centro de trabajo.<\/p>\n\n\n\n<p class=\"wp-block-paragraph\">Jos\u00e9 Alberto Valdovinos Sol\u00eds, esposo de la profesora, dijo que la Fiscal\u00eda General del Estado le inform\u00f3 que la b\u00fasqueda iniciar\u00eda en las colonias Costa Azul y Constituyentes.<\/p>\n","protected":false},"excerpt":{"rendered":"<p>M\u00f3nica Hern\u00e1ndez Castro SemM\u00e9xico\/ CEPROVYSA.COM, Acapulco, Guerrero., 26 de marzo, 2026.- Familiares de la profesora Maricela Minerva Pineda Mendoza, que se encuentra en situaci\u00f3n de desaparecida, realizaron una protesta este martes para pedir a las autoridades dar con su paradero. A la demanda se sumaron compa\u00f1eros de trabajo de la docente que demandaban la presentaci\u00f3n [&hellip;]<\/p>\n","protected":false},"author":3,"featured_media":104054,"comment_status":"open","ping_status":"open","sticky":false,"template":"","format":"standard","meta":{"_monsterinsights_skip_tracking":false,"footnotes":""},"categories":[48],"tags":[],"class_list":["post-104052","post","type-post","status-publish","format-standard","has-post-thumbnail","category-no-mas-impunidad-no-mas-impunidad"],"_links":{"self":[{"href":"https:\/\/redsemlac.com\/semmexico\/wp-json\/wp\/v2\/posts\/104052","targetHints":{"allow":["GET"]}}],"collection":[{"href":"https:\/\/redsemlac.com\/semmexico\/wp-json\/wp\/v2\/posts"}],"about":[{"href":"https:\/\/redsemlac.com\/semmexico\/wp-json\/wp\/v2\/types\/post"}],"author":[{"embeddable":true,"href":"https:\/\/redsemlac.com\/semmexico\/wp-json\/wp\/v2\/users\/3"}],"replies":[{"embeddable":true,"href":"https:\/\/redsemlac.com\/semmexico\/wp-json\/wp\/v2\/comments?post=104052"}],"version-history":[{"count":0,"href":"https:\/\/redsemlac.com\/semmexico\/wp-json\/wp\/v2\/posts\/104052\/revisions"}],"wp:featuredmedia":[{"embeddable":true,"href":"https:\/\/redsemlac.com\/semmexico\/wp-json\/wp\/v2\/media\/104054"}],"wp:attachment":[{"href":"https:\/\/redsemlac.com\/semmexico\/wp-json\/wp\/v2\/media?parent=104052"}],"wp:term":[{"taxonomy":"category","embeddable":true,"href":"https:\/\/redsemlac.com\/semmexico\/wp-json\/wp\/v2\/categories?post=104052"},{"taxonomy":"post_tag","embeddable":true,"href":"https:\/\/redsemlac.com\/semmexico\/wp-json\/wp\/v2\/tags?post=104052"}],"curies":[{"name":"wp","href":"https:\/\/api.w.org\/{rel}","templated":true}]}}