{"id":104048,"date":"2026-03-25T12:19:28","date_gmt":"2026-03-25T18:19:28","guid":{"rendered":"https:\/\/redsemlac.com\/semmexico\/?p=104048"},"modified":"2026-03-25T12:19:29","modified_gmt":"2026-03-25T18:19:29","slug":"la-justicia-tambien-se-transforma","status":"publish","type":"post","link":"https:\/\/redsemlac.com\/semmexico\/la-justicia-tambien-se-transforma\/","title":{"rendered":"La justicia tambi\u00e9n se transforma"},"content":{"rendered":"\n<p class=\"wp-block-paragraph\">Un convenio hist\u00f3rico entre la Suprema Corte de Justicia de la Naci\u00f3n y la Secretar\u00eda de las Mujeres para fortalecer la justicia con perspectiva de g\u00e9nero.<\/p>\n\n\n\n<p class=\"wp-block-paragraph\">Redacci\u00f3n<\/p>\n\n\n\n<p class=\"wp-block-paragraph\">SemM\u00e9xico, Cd. de M\u00e9xico, 25&nbsp; de marzo,&nbsp; 2026.-En su cuenta de redes, Citlalli Hern\u00e1ndez Mora public\u00f3 y dijo sobre un convenio de colaboraci\u00f3n con la Suprema Corte de Justicia que &nbsp; &nbsp; &nbsp; &nbsp; &nbsp; &nbsp; \u201cestamos sumando esfuerzos para:&nbsp;<\/p>\n\n\n\n<p class=\"wp-block-paragraph\"><img loading=\"lazy\" decoding=\"async\" alt=\"\u270d\ud83c\udffd\" src=\"blob:https:\/\/redsemlac.com\/semmexico\/a1ba990c-1109-48cc-9e13-2f79b22a7e0a\" width=\"16\" height=\"16\">Mecanismos de canalizaci\u00f3n y atenci\u00f3n efectiva para mujeres en situaci\u00f3n de violencia.<\/p>\n\n\n\n<p class=\"wp-block-paragraph\"><img loading=\"lazy\" decoding=\"async\" alt=\"\u270d\ud83c\udffd\" src=\"blob:https:\/\/redsemlac.com\/semmexico\/7f981726-1463-4296-befc-e7175b0eac8d\" width=\"16\" height=\"16\">Generar y analizar informaci\u00f3n estad\u00edstica con enfoque de g\u00e9nero para mejorar pol\u00edticas p\u00fablicas.<\/p>\n\n\n\n<p class=\"wp-block-paragraph\"><img loading=\"lazy\" decoding=\"async\" alt=\"\ud83d\udcd4\" src=\"blob:https:\/\/redsemlac.com\/semmexico\/6b5273a6-64a7-421a-a08d-11df0e6637e9\" width=\"16\" height=\"16\">Difusi\u00f3n de la Cartilla de Derechos de las Mujeres&nbsp;<\/p>\n\n\n\n<p class=\"wp-block-paragraph\">Agradecer a quienes hicieron posible este acuerdo; al Ministro Presidente de la Suprema Corte de Justicia de la Naci\u00f3n, Hugo Aguilar Ortiz, a N\u00e9stor Vargas Solano, Presidente del \u00d3rgano de Administraci\u00f3n Judicial y a todo el equipo de la Secretar\u00eda de las Mujeres.<\/p>\n","protected":false},"excerpt":{"rendered":"<p>Un convenio hist\u00f3rico entre la Suprema Corte de Justicia de la Naci\u00f3n y la Secretar\u00eda de las Mujeres para fortalecer la justicia con perspectiva de g\u00e9nero. Redacci\u00f3n SemM\u00e9xico, Cd. de M\u00e9xico, 25&nbsp; de marzo,&nbsp; 2026.-En su cuenta de redes, Citlalli Hern\u00e1ndez Mora public\u00f3 y dijo sobre un convenio de colaboraci\u00f3n con la Suprema Corte de [&hellip;]<\/p>\n","protected":false},"author":3,"featured_media":104049,"comment_status":"open","ping_status":"open","sticky":false,"template":"","format":"standard","meta":{"_monsterinsights_skip_tracking":false,"footnotes":""},"categories":[903],"tags":[],"class_list":["post-104048","post","type-post","status-publish","format-standard","has-post-thumbnail","category-presidenta-y-mas"],"_links":{"self":[{"href":"https:\/\/redsemlac.com\/semmexico\/wp-json\/wp\/v2\/posts\/104048","targetHints":{"allow":["GET"]}}],"collection":[{"href":"https:\/\/redsemlac.com\/semmexico\/wp-json\/wp\/v2\/posts"}],"about":[{"href":"https:\/\/redsemlac.com\/semmexico\/wp-json\/wp\/v2\/types\/post"}],"author":[{"embeddable":true,"href":"https:\/\/redsemlac.com\/semmexico\/wp-json\/wp\/v2\/users\/3"}],"replies":[{"embeddable":true,"href":"https:\/\/redsemlac.com\/semmexico\/wp-json\/wp\/v2\/comments?post=104048"}],"version-history":[{"count":0,"href":"https:\/\/redsemlac.com\/semmexico\/wp-json\/wp\/v2\/posts\/104048\/revisions"}],"wp:featuredmedia":[{"embeddable":true,"href":"https:\/\/redsemlac.com\/semmexico\/wp-json\/wp\/v2\/media\/104049"}],"wp:attachment":[{"href":"https:\/\/redsemlac.com\/semmexico\/wp-json\/wp\/v2\/media?parent=104048"}],"wp:term":[{"taxonomy":"category","embeddable":true,"href":"https:\/\/redsemlac.com\/semmexico\/wp-json\/wp\/v2\/categories?post=104048"},{"taxonomy":"post_tag","embeddable":true,"href":"https:\/\/redsemlac.com\/semmexico\/wp-json\/wp\/v2\/tags?post=104048"}],"curies":[{"name":"wp","href":"https:\/\/api.w.org\/{rel}","templated":true}]}}