{"id":104033,"date":"2026-03-25T12:07:50","date_gmt":"2026-03-25T18:07:50","guid":{"rendered":"https:\/\/redsemlac.com\/semmexico\/?p=104033"},"modified":"2026-03-25T12:07:51","modified_gmt":"2026-03-25T18:07:51","slug":"bellas-y-airosas-abyectas-y-distintas-en-salamanca-espana","status":"publish","type":"post","link":"https:\/\/redsemlac.com\/semmexico\/bellas-y-airosas-abyectas-y-distintas-en-salamanca-espana\/","title":{"rendered":"Bellas y airosas | Abyectas y distintas en Salamanca, Espa\u00f1a"},"content":{"rendered":"\n<p class=\"wp-block-paragraph\"><\/p>\n\n\n\n<p class=\"wp-block-paragraph\">Elvira Hern\u00e1ndez Carballido<\/p>\n\n\n\n<p class=\"wp-block-paragraph\"><em>Necesitamos m\u00e1s historias que nos hablen de la fuerza de las mujeres viejas, de la inteligencia de aquellas que han sido consideradas feas, de la valent\u00eda de quienes enfrentan discapacidades, de la complejidad de quienes han sido marginadas. En este sentido, el objetivo de este congreso es contribuir a la visibilidad de todas estas mujeres mediante el an\u00e1lisis de obras autobiogr\u00e1ficas en las que ellas mismas narran sus vivencias, as\u00ed como de otras obras en las que la representaci\u00f3n de los personajes femeninos no se reduce a los c\u00e1nones impuestos.\u00a0<\/em><\/p>\n\n\n\n<p class=\"wp-block-paragraph\">SemM\u00e9xico, Pachuca, Hidalgo,25 de marzo, 2026.-La invitaci\u00f3n resultaba muy provocadora as\u00ed que la acept\u00e9, coincid\u00eda con el objetivo plantrado por Mar\u00eda Isabel Garc\u00eda P\u00e9rez y Milagro Mart\u00edn Clavijo, directoras del comit\u00e9 organizador e integrantes del grupo de Investigaci\u00f3n \u00abEscritoras y personajes femeninos en la literatura\u00bb. Fue as\u00ed como particip\u00e9 en el VIII Congreso Internacional <em>Abyectas y distintas: representaciones de mujeres no normativas en la literatura y otras artes <\/em>que se llev\u00f3 a cabo del 11 al 13 de marzo en la Universidad de Salamanca, Espa\u00f1a, Facultad de Filolog\u00eda. Los ejes tem\u00e1ticos que plantearon fueron los siguientes:<\/p>\n\n\n\n<ul class=\"wp-block-list\">\n<li>Mujer: vejez, locura, enfermedad.\u00a0<\/li>\n\n\n\n<li>Cuerpos y bellezas fuera de la norma.\u00a0<\/li>\n\n\n\n<li>Cuerpo y maternidad.\u00a0<\/li>\n\n\n\n<li>Mujeres que saben demasiado: intelectuales y transgresoras.\u00a0<\/li>\n\n\n\n<li>La representaci\u00f3n de la mujer no normativa en manuales y libros did\u00e1cticos.<\/li>\n<\/ul>\n\n\n\n<p class=\"wp-block-paragraph\">Decid\u00ed trabajar cuerpo y maternidad despu\u00e9s de pensar mucho qu\u00e9 pod\u00eda presentar. As\u00ed que record\u00e9 dos textos significativos en mi vida que encajaban perfecto: El Castillo del Maternazgo y Justicia para Carmen. Ambos son relatos autobiogr\u00e1ficos. El primero, Menci\u00f3n Honor\u00edfica en los premios DEMAC, comparte mi historia en torno a mi decisi\u00f3n de ser madre y a la decisi\u00f3n de interrumpir un embarazo no deseado. Mientras que el segundo cuenta la lucha de Carmen Rinc\u00f3n quiene fue mal atendida en su parto, muri\u00f3 su beb\u00e9 y ella qued\u00f3 est\u00e9ril, pero su denuncia ante esta caso fue un antecedente significativo para prevenir la violencia obst\u00e9trica.&nbsp;<\/p>\n\n\n\n<p class=\"wp-block-paragraph\">Al ser aceptada mi ponencia, entusiasmada redact\u00e9 mi texto, hice mi presentaci\u00f3n (con ayuda de mi querido amigo, el Dr. Sergio Olgu\u00edn Aguirre) y tom\u00e9 mis maletas para visitar un lugar hist\u00f3rico, m\u00e1gico e inolvidable, dej\u00e1ndome llevar por la postura de las organizadoras:<\/p>\n\n\n\n<p class=\"wp-block-paragraph\"><em>La historia est\u00e1 llena de mujeres poderosas, sabias, rebeldes y creativas cuya grandeza no radica en su apariencia, sino en su inteligencia, en su resistencia y en su capacidad para transformar el mundo. En este contexto, la literatura y el arte tienen la responsabilidad de darles espacio y de narrar sus historias.<\/em><\/p>\n\n\n\n<p class=\"wp-block-paragraph\">A la convocatoria respondieron 155 personas, la mayor\u00eda de insitutuciones espa\u00f1olas como la Universidad del Pa\u00eds Vasco, Universidad de C\u00f3rdoba, Universidad de Granada, Universidad de Sevilla, entre otras. Hubo una gran presencia de Italia ya que presentaron ponencias de Universit\u00e0 degli&nbsp;Studi di Trento o de la Academia di Belli Arti di Napoli y algunas de instituciones de Am\u00e9rica del Sur. Por M\u00e9xico solamente fuimos dos investigadoras: Adriana Sa\u00e9nz Valadez, Universidad Michoacana de San Nicolas Hidalgo, con el texto \u201cLas tres Mar\u00edas. La vejez, polifon\u00eda de futuros\u201d, y Elvira Hern\u00e1ndez Carballido, Universidad Aut\u00f3noma del Estado de Hidalgo, \u201cYo abort\u00e9, nosotras parimos, ella no. El proceso creativo de las autobiograf\u00edas El Castillo del Maternazgo y Justicia para Carmen\u201d.<\/p>\n\n\n\n<p class=\"wp-block-paragraph\">Sin duda, la experiencia fue muy grata, diferentes metodolog\u00edas y perspectivas, autoras conocidas y desconocidas, nuevas novelas u obras de teatro, personajes femeninos diferentes, apasionantes e inolvidables.&nbsp;<\/p>\n\n\n\n<p class=\"wp-block-paragraph\">En mi mesa particip\u00f3 Ana Castillo V\u00e1zquez, de la Universidad de Sevilla, con un tema muy original: \u201cBiofecci\u00f3n femenina o narrar para presentar lo abyecto\u201d, donde detall\u00f3 la manera en que una historia de vida puede completarse con la ficci\u00f3n para dar el tono y hasta la trayectoria que nos permita dar voz a las mujeres para romper mitos y prejuicios.&nbsp;<\/p>\n\n\n\n<p class=\"wp-block-paragraph\">Por su parte, Andrea Carretero Sanguino -Universidad Complutense de Madrid-, en \u201cMujeres indigestas: corporalidades abyectas y feminismo en sucio en el cuento latinoamericano del siglo XXI\u201d hizo referencia a historias donde lo raro y quiz\u00e1 hasta lo asqueroso es incorporado en el centro de la historia con estilo, iron\u00eda y total provocaci\u00f3n. Cit\u00f3 el trabajo literario de la mexicana Guadalupe Nettel, principalmente uno de los cuentos que forma parte de \u201cEl matrimonio de los peces rojos\u201d.<\/p>\n\n\n\n<p class=\"wp-block-paragraph\">Las tem\u00e1ticas y propuestas presentadas fueron variadas, desafiantes y originales. La conferencia inagural abord\u00f3 el tema de las infieles, putas y barraganas en la comedia italiana de los siglos XV y XVI. Otros trabajos significativos fueron: \u201cRojas y desgre\u00f1adas: la representaci\u00f3n de la mujer republicana en la narrativa del primer franquismo\u201d, \u201cMorenas de miedo: la denigraci\u00f3n de la mujer mediante personajes femeninos oscuros y monstruosos en las canciones de tradici\u00f3n oral\u201d, y \u201cLa bruja melanc\u00f3lica: genealog\u00eda de la vejez y la locura\u201d.<\/p>\n\n\n\n<p class=\"wp-block-paragraph\">Fue as\u00ed como durante tres d\u00edas la bella ciudad de Salamanca hizo eco a las voces de mujeres acad\u00e9micas, escritoras, abyectas y distintas, cumpli\u00e9ndose la propuesta de las organizadoras:<\/p>\n\n\n\n<p class=\"wp-block-paragraph\"><em>La intenci\u00f3n de este congreso es, por tanto, proponer el desarrollo de una investigaci\u00f3n centrada en la representaci\u00f3n de la diversidad de las mujeres en la literatura, la cultura y otras artes ya que representa una herramienta fundamental para construir una sociedad en la que todas las mujeres se vean reflejadas y reconocidas en su totalidad y en todos los \u00e1mbitos.<\/em>&nbsp;<\/p>\n","protected":false},"excerpt":{"rendered":"<p>Elvira Hern\u00e1ndez Carballido Necesitamos m\u00e1s historias que nos hablen de la fuerza de las mujeres viejas, de la inteligencia de aquellas que han sido consideradas feas, de la valent\u00eda de quienes enfrentan discapacidades, de la complejidad de quienes han sido marginadas. En este sentido, el objetivo de este congreso es contribuir a la visibilidad de [&hellip;]<\/p>\n","protected":false},"author":3,"featured_media":70197,"comment_status":"open","ping_status":"open","sticky":false,"template":"","format":"standard","meta":{"_monsterinsights_skip_tracking":false,"footnotes":""},"categories":[202,35],"tags":[],"class_list":["post-104033","post","type-post","status-publish","format-standard","has-post-thumbnail","category-elvira-hernandez-carballido","category-opinion"],"_links":{"self":[{"href":"https:\/\/redsemlac.com\/semmexico\/wp-json\/wp\/v2\/posts\/104033","targetHints":{"allow":["GET"]}}],"collection":[{"href":"https:\/\/redsemlac.com\/semmexico\/wp-json\/wp\/v2\/posts"}],"about":[{"href":"https:\/\/redsemlac.com\/semmexico\/wp-json\/wp\/v2\/types\/post"}],"author":[{"embeddable":true,"href":"https:\/\/redsemlac.com\/semmexico\/wp-json\/wp\/v2\/users\/3"}],"replies":[{"embeddable":true,"href":"https:\/\/redsemlac.com\/semmexico\/wp-json\/wp\/v2\/comments?post=104033"}],"version-history":[{"count":0,"href":"https:\/\/redsemlac.com\/semmexico\/wp-json\/wp\/v2\/posts\/104033\/revisions"}],"wp:featuredmedia":[{"embeddable":true,"href":"https:\/\/redsemlac.com\/semmexico\/wp-json\/wp\/v2\/media\/70197"}],"wp:attachment":[{"href":"https:\/\/redsemlac.com\/semmexico\/wp-json\/wp\/v2\/media?parent=104033"}],"wp:term":[{"taxonomy":"category","embeddable":true,"href":"https:\/\/redsemlac.com\/semmexico\/wp-json\/wp\/v2\/categories?post=104033"},{"taxonomy":"post_tag","embeddable":true,"href":"https:\/\/redsemlac.com\/semmexico\/wp-json\/wp\/v2\/tags?post=104033"}],"curies":[{"name":"wp","href":"https:\/\/api.w.org\/{rel}","templated":true}]}}