{"id":104029,"date":"2026-03-25T12:06:34","date_gmt":"2026-03-25T18:06:34","guid":{"rendered":"https:\/\/redsemlac.com\/semmexico\/?p=104029"},"modified":"2026-03-25T12:06:34","modified_gmt":"2026-03-25T18:06:34","slug":"ceci-flores-madre-buscadora-afirma-haber-encontrado-a-su-hijo-vamonos-a-casa","status":"publish","type":"post","link":"https:\/\/redsemlac.com\/semmexico\/ceci-flores-madre-buscadora-afirma-haber-encontrado-a-su-hijo-vamonos-a-casa\/","title":{"rendered":"Ceci Flores, madre buscadora, afirma haber encontrado a su hijo: V\u00e1monos a casa"},"content":{"rendered":"\n<p class=\"wp-block-paragraph\">Ceci Flores Armenta, l\u00edder del colectivo Madres Buscadoras de Sonora \/ Foto: Cortes\u00eda | @CeciPatriciaF<\/p>\n\n\n\n<p class=\"wp-block-paragraph\">\u201cYo siempre supe que te encontrar\u00eda. He cumplido mi promesa de encontrarte\u201d, expres\u00f3 la madre tras el hallazgo<\/p>\n\n\n\n<p class=\"wp-block-paragraph\">Sergio \u00c1ngeles&nbsp;<\/p>\n\n\n\n<p class=\"wp-block-paragraph\">SemM\u00e9xico\/ El Sol de M\u00e9xico, Cd. de M\u00e9xico, 25 de marzo, 2026.- Cecilia Flores, fundadora del Colectivo Madres Buscadoras de Sonora, localiz\u00f3 a su hijo luego de una larga b\u00fasqueda por el desierto.<\/p>\n\n\n\n<p class=\"wp-block-paragraph\">A trav\u00e9s de un mensaje en redes sociales, Flores inform\u00f3 que localiz\u00f3 los restos en la carretera 26, kil\u00f3metro 46, en<strong> Hermosillo<\/strong>, <strong>Sonora<\/strong>.<\/p>\n\n\n\n<p class=\"wp-block-paragraph\">\u201cDespu\u00e9s de luchar contra todo, contra el olvido, contra la apat\u00eda, contra la tierra dura, seca por el sol que siempre estuvo ah\u00ed, dejando parte de nuestra sangre y piel, llorando para quitarnos el polvo que nos cegaba, porque no hab\u00eda tiempo, porque cre\u00eda que con cada paso te iba a encontrar con vida, que llegar\u00eda a tiempo para protegerte, para abrazarte y darte los besos m\u00e1s bonitos que s\u00f3lo sabe dar una madre\u201d, public\u00f3 en redes.<\/p>\n\n\n\n<p class=\"wp-block-paragraph\"><strong><em>Abrazo tus restos, es lo que me queda, es lo que me dejaron. Ceci Flores<\/em><\/strong><strong><em><br><\/em><\/strong><strong><em>Madre buscadora<\/em><\/strong><\/p>\n\n\n\n<p class=\"wp-block-paragraph\">En una emotiva declaraci\u00f3n, <a href=\"https:\/\/oem.com.mx\/elsoldemexico\/mexico\/ceci-flores-se-pronuncia-sobre-desaparecidos-en-mexico-desde-el-pentagono-22715376\">la\u2002<strong>madre<\/strong><\/a> indic\u00f3 que siempre supo que encontrar\u00eda a su hijo. \u201cNo ten\u00eda otro motivo en la vida; me robaron el miedo con tu ausencia, se llevaron mi cansancio con tus heridas\u201d, agreg\u00f3.<\/p>\n\n\n\n<p class=\"wp-block-paragraph\"><strong><em>V\u00e1monos a casa hijo, de donde nunca tuviste que partir. He cumplido mi promesa de encontrarte. Ceci Flores.<\/em><\/strong><strong><em><br><\/em><\/strong><strong><em>Madre Buscadora<\/em><\/strong><\/p>\n\n\n\n<p class=\"wp-block-paragraph\">Un largo recorrido<\/p>\n\n\n\n<p class=\"wp-block-paragraph\">Antes de emprender su b\u00fasqueda, <strong>Cecilia Patricia Flores Armenta<\/strong> se dedicaba a la vida del hogar. Es originaria de Bah\u00eda de Kino, Sonora.<\/p>\n\n\n\n<p class=\"wp-block-paragraph\">El inicio de su indagatoria -y sufrimiento- se remonta a octubre de 2015, cuando denunci\u00f3 la desaparici\u00f3n de su hijo <strong>Alejandro Guadalupe Islas Flores <\/strong>en<strong> Sinaloa.<\/strong><\/p>\n\n\n\n<p class=\"wp-block-paragraph\">Durante su b\u00fasqueda, Flores denunci\u00f3 la falta de apoyo por parte de la Comisi\u00f3n Nacional de B\u00fasqueda, por lo que emprendi\u00f3 su indagaci\u00f3n por cuenta propia.<\/p>\n\n\n\n<p class=\"wp-block-paragraph\">Sin embargo, en 2019 Ceci Flores sufri\u00f3 otro golpe emocional al enterarse de la desaparici\u00f3n dos hijos m\u00e1s: <strong>Marco Antonio <\/strong>y <strong>Jes\u00fas Adri\u00e1n<\/strong>.<\/p>\n\n\n\n<p class=\"wp-block-paragraph\">Ante la ausencia de apoyo por parte de las instituciones, Ceci Flores fund\u00f3 el <strong>Colectivo Madres Buscadoras de Sonora y de M\u00e9xico<\/strong>.<\/p>\n\n\n\n<p class=\"wp-block-paragraph\">A pesar de que dicho colectivo lo emprendi\u00f3 en soledad, actualmente el grupo cuenta con miles de mujeres que luchan por encontrar a sus hijos o familiares cercanos.<\/p>\n\n\n\n<p class=\"wp-block-paragraph\">De acuerdo con cifras del propio colectivo, las madres buscadoras han hallado a m\u00e1s de <strong>mil 500 personas<\/strong> en sitios clandestinos y fosas.<\/p>\n","protected":false},"excerpt":{"rendered":"<p>Ceci Flores Armenta, l\u00edder del colectivo Madres Buscadoras de Sonora \/ Foto: Cortes\u00eda | @CeciPatriciaF \u201cYo siempre supe que te encontrar\u00eda. He cumplido mi promesa de encontrarte\u201d, expres\u00f3 la madre tras el hallazgo Sergio \u00c1ngeles&nbsp; SemM\u00e9xico\/ El Sol de M\u00e9xico, Cd. de M\u00e9xico, 25 de marzo, 2026.- Cecilia Flores, fundadora del Colectivo Madres Buscadoras de [&hellip;]<\/p>\n","protected":false},"author":3,"featured_media":104031,"comment_status":"open","ping_status":"open","sticky":false,"template":"","format":"standard","meta":{"_monsterinsights_skip_tracking":false,"footnotes":""},"categories":[694,48],"tags":[],"class_list":["post-104029","post","type-post","status-publish","format-standard","has-post-thumbnail","category-destacadas","category-no-mas-impunidad-no-mas-impunidad"],"_links":{"self":[{"href":"https:\/\/redsemlac.com\/semmexico\/wp-json\/wp\/v2\/posts\/104029","targetHints":{"allow":["GET"]}}],"collection":[{"href":"https:\/\/redsemlac.com\/semmexico\/wp-json\/wp\/v2\/posts"}],"about":[{"href":"https:\/\/redsemlac.com\/semmexico\/wp-json\/wp\/v2\/types\/post"}],"author":[{"embeddable":true,"href":"https:\/\/redsemlac.com\/semmexico\/wp-json\/wp\/v2\/users\/3"}],"replies":[{"embeddable":true,"href":"https:\/\/redsemlac.com\/semmexico\/wp-json\/wp\/v2\/comments?post=104029"}],"version-history":[{"count":0,"href":"https:\/\/redsemlac.com\/semmexico\/wp-json\/wp\/v2\/posts\/104029\/revisions"}],"wp:featuredmedia":[{"embeddable":true,"href":"https:\/\/redsemlac.com\/semmexico\/wp-json\/wp\/v2\/media\/104031"}],"wp:attachment":[{"href":"https:\/\/redsemlac.com\/semmexico\/wp-json\/wp\/v2\/media?parent=104029"}],"wp:term":[{"taxonomy":"category","embeddable":true,"href":"https:\/\/redsemlac.com\/semmexico\/wp-json\/wp\/v2\/categories?post=104029"},{"taxonomy":"post_tag","embeddable":true,"href":"https:\/\/redsemlac.com\/semmexico\/wp-json\/wp\/v2\/tags?post=104029"}],"curies":[{"name":"wp","href":"https:\/\/api.w.org\/{rel}","templated":true}]}}