{"id":104012,"date":"2026-03-25T11:56:32","date_gmt":"2026-03-25T17:56:32","guid":{"rendered":"https:\/\/redsemlac.com\/semmexico\/?p=104012"},"modified":"2026-03-25T11:56:33","modified_gmt":"2026-03-25T17:56:33","slug":"directoras-de-los-museos-frida-kahlo-y-diego-rivera-anahuacalli-reciben-la-medalla-al-merito-turistico-2026","status":"publish","type":"post","link":"https:\/\/redsemlac.com\/semmexico\/directoras-de-los-museos-frida-kahlo-y-diego-rivera-anahuacalli-reciben-la-medalla-al-merito-turistico-2026\/","title":{"rendered":"Directoras de los Museos Frida Kahlo y Diego Rivera Anahuacalli reciben la Medalla al M\u00e9rito Tur\u00edstico 2026\u00a0"},"content":{"rendered":"\n<p class=\"wp-block-paragraph\">&nbsp;Las directoras Perla Labarthe \u00c1lvarez y Mar\u00eda Teresa Moya Malfav\u00f3n fueron reconocidas&nbsp; con la Medalla al M\u00e9rito Tur\u00edstico 2026 por el Congreso de la Ciudad de M\u00e9xico, tras un&nbsp; proceso de evaluaci\u00f3n y con 52 votos a favor de las Diputadas y Diputados del Congreso de&nbsp; la Ciudad de M\u00e9xico.&nbsp;<\/p>\n\n\n\n<p class=\"wp-block-paragraph\">El dictamen fue encabezado por la Diputada Luisa&nbsp; Fernanda Ledesma Alp\u00edzar, Presidenta de la Comisi\u00f3n&nbsp;<\/p>\n\n\n\n<p class=\"wp-block-paragraph\">Redacci\u00f3n<\/p>\n\n\n\n<p class=\"wp-block-paragraph\">SemM\u00e9xico, Coyoac\u00e1n, Ciudad de M\u00e9xico, 25 marzo,&nbsp; 2026 \u2014 El Fideicomiso para los Museos Diego Rivera y&nbsp; Frida Kahlo celebra el reconocimiento otorgado a Perla Labarthe \u00c1lvarez y Mar\u00eda Teresa Moya&nbsp; Malfav\u00f3n, distinguidas con la Medalla al M\u00e9rito Tur\u00edstico de la Ciudad de M\u00e9xico 2026, otorgada&nbsp; por el Congreso de la Ciudad de M\u00e9xico.&nbsp;<\/p>\n\n\n\n<p class=\"wp-block-paragraph\">Este reconocimiento se concede a personas cuya trayectoria ha contribuido de manera&nbsp; sobresaliente al fortalecimiento del turismo como actividad estrat\u00e9gica en la Capital del pa\u00eds. En&nbsp; esta edici\u00f3n, destaca el papel del patrimonio cultural, la gesti\u00f3n muse\u00edstica y la proyecci\u00f3n&nbsp; internacional de los espacios culturales como elementos clave del turismo contempor\u00e1neo.&nbsp;<\/p>\n\n\n\n<p class=\"wp-block-paragraph\">De acuerdo con el dictamen avalado por la Comisi\u00f3n de Turismo del Congreso y aprobado por 52&nbsp; Diputadas y Diputados, la distinci\u00f3n es resultado de un proceso de evaluaci\u00f3n que consider\u00f3 19&nbsp; postulaciones, de las cuales se seleccionaron nueve personas galardonadas en seis categor\u00edas.&nbsp; Durante la Sexta Sesi\u00f3n Ordinaria, la Diputada Luisa Fernanda Ledesma Alp\u00edzar, Presidenta de la&nbsp; Comisi\u00f3n, se\u00f1al\u00f3 que se trata de uno de los m\u00e1s altos honores que otorga el Congreso capitalino a&nbsp;<\/p>\n\n\n\n<p class=\"wp-block-paragraph\">En el dictamen, Perla Labarthe \u00c1lvarez fue reconocida en la categor\u00eda \u201cFomento al turismo desde&nbsp; el arte y la cultura\u201d, mientras que Mar\u00eda Teresa Moya Malfav\u00f3n recibi\u00f3 la distinci\u00f3n en \u201cFomento al&nbsp; patrimonio tur\u00edstico, arquitect\u00f3nico e hist\u00f3rico de la Ciudad de M\u00e9xico\u201d, categor\u00edas que reflejan tanto&nbsp; la activaci\u00f3n cultural de los espacios como la preservaci\u00f3n del patrimonio.&nbsp;<\/p>\n\n\n\n<p class=\"wp-block-paragraph\">Al frente del Museo Frida Kahlo \u2013 Casa Azul, Perla Labarthe ha consolidado este espacio como&nbsp; uno de los principales destinos culturales de la ciudad, fortaleciendo su car\u00e1cter de casa-museo&nbsp; y desarrollando una programaci\u00f3n que ampl\u00eda las formas de acercamiento a la vida y obra de&nbsp; Frida Kahlo. Asimismo, ha impulsado su proyecci\u00f3n internacional mediante exposiciones y&nbsp; colaboraciones que posicionan a la Ciudad de M\u00e9xico en el \u00e1mbito cultural global.&nbsp;<\/p>\n\n\n\n<p class=\"wp-block-paragraph\">Por su parte, Mar\u00eda Teresa Moya Malfav\u00f3n ha consolidado al Museo Diego Rivera Anahuacalli&nbsp; como un espacio integral donde convergen patrimonio, arquitectura, naturaleza y comunidad. Su gesti\u00f3n ha articulado la conservaci\u00f3n del acervo, la activaci\u00f3n cultural y la vinculaci\u00f3n social,&nbsp; adem\u00e1s de impulsar su presencia internacional a trav\u00e9s de colaboraciones con instituciones&nbsp; culturales.&nbsp;<\/p>\n\n\n\n<p class=\"wp-block-paragraph\">Este reconocimiento evidencia el papel de los museos como agentes activos en el turismo&nbsp; contempor\u00e1neo, donde la experiencia se convierte en una forma de comprender la historia, la&nbsp; identidad y las transformaciones de la ciudad. Desde el Fideicomiso, esta distinci\u00f3n reconoce&nbsp; tanto la labor de sus Directoras como el trabajo de sus equipos y el compromiso institucional por&nbsp; preservar y difundir el legado de Frida Kahlo y Diego Rivera.&nbsp;<\/p>\n\n\n\n<p class=\"wp-block-paragraph\">La Medalla al M\u00e9rito Tur\u00edstico 2026 reafirma la relevancia del turismo cultural como un eje de&nbsp; desarrollo para la Ciudad de M\u00e9xico, entendido no solo como actividad econ\u00f3mica, sino como una&nbsp; v\u00eda para fortalecer el tejido social y ampliar el acceso a la cultura.&nbsp;<\/p>\n\n\n\n<p class=\"wp-block-paragraph\">Sobre Perla Labarthe \u00c1lvarez&nbsp;<\/p>\n\n\n\n<p class=\"wp-block-paragraph\">Perla Labarthe \u00c1lvarez es especialista en museograf\u00eda, dise\u00f1o y gesti\u00f3n cultural, con&nbsp; una trayectoria centrada en la preservaci\u00f3n del patrimonio y el desarrollo de&nbsp; discursos muse\u00edsticos contempor\u00e1neos. Desde 2017 forma parte del Museo Frida&nbsp; Kahlo \u2013 La Casa Azul, donde actualmente se desempe\u00f1a como Directora,&nbsp; encabezando la conservaci\u00f3n, investigaci\u00f3n y proyecci\u00f3n del recinto. Es Maestra en&nbsp; Estudios de Dise\u00f1o por Central Saint Martins (Reino Unido) y Licenciada en Dise\u00f1o&nbsp; Gr\u00e1fico por la Universidad Iberoamericana.&nbsp;<\/p>\n\n\n\n<p class=\"wp-block-paragraph\">Su gesti\u00f3n ha fortalecido el modelo institucional del museo, consolidando su&nbsp; presencia internacional mediante exposiciones, colaboraciones y proyectos&nbsp; curatoriales en distintos pa\u00edses. Asimismo, ha impulsado estrategias de mediaci\u00f3n,&nbsp; accesibilidad y programas p\u00fablicos que ampl\u00edan la experiencia del visitante. Su&nbsp; trabajo contribuye a posicionar la Casa Azul como un espacio de referencia sobre la&nbsp; vida y obra de Frida Kahlo y como un eje del turismo cultural en la Ciudad de M\u00e9xico.&nbsp;<\/p>\n\n\n\n<p class=\"wp-block-paragraph\">Sobre Mar\u00eda Teresa Moya Malfav\u00f3n&nbsp;<\/p>\n\n\n\n<p class=\"wp-block-paragraph\">Mar\u00eda Teresa Moya Malfav\u00f3n es gestora cultural con amplia experiencia en direcci\u00f3n&nbsp; muse\u00edstica, comunicaci\u00f3n y desarrollo de proyectos con impacto social. Desde 2013&nbsp; es parte del Museo Anahuacalli y asumi\u00f3 como Directora del Museo en 2022, donde&nbsp; ha consolidado al recinto como un referente nacional e internacional en gesti\u00f3n&nbsp; patrimonial contempor\u00e1nea. Es egresada de Ciencias de la Comunicaci\u00f3n por la UAM&nbsp; y cuenta con estudios en guionismo y desarrollo organizacional.&nbsp;<\/p>\n\n\n\n<p class=\"wp-block-paragraph\">Su gesti\u00f3n ha impulsado la ampliaci\u00f3n del museo, el fortalecimiento de su&nbsp; infraestructura y la activaci\u00f3n de su colecci\u00f3n prehisp\u00e1nica. Ha posicionado al&nbsp; Anahuacalli como un espacio que integra arte, arquitectura, naturaleza y comunidad,&nbsp; con proyecci\u00f3n internacional a trav\u00e9s de exposiciones y foros. Su trabajo articula&nbsp; patrimonio, educaci\u00f3n y vinculaci\u00f3n social, consolidando al museo como un espacio&nbsp; activo para p\u00fablicos diversos.&nbsp;<\/p>\n\n\n\n<p class=\"wp-block-paragraph\">Sobre el Museo Frida Kahlo \u2013 Casa Azul&nbsp;<\/p>\n\n\n\n<p class=\"wp-block-paragraph\">El Museo Frida Kahlo \u2013 La Casa Azul es el lugar donde la artista naci\u00f3, vivi\u00f3 y muri\u00f3.&nbsp; Ubicado en Coyoac\u00e1n, conserva su ambiente dom\u00e9stico, objetos personales y obra,&nbsp; ofreciendo una aproximaci\u00f3n directa a su vida y proceso creativo. Desde su apertura&nbsp; en 1958, se ha consolidado como un espacio clave para comprender su legado y como&nbsp; uno de los museos m\u00e1s visitados de la Ciudad de M\u00e9xico, con proyecci\u00f3n&nbsp; internacional.<\/p>\n\n\n\n<p class=\"wp-block-paragraph\">Sobre el Museo Diego Rivera Anahuacalli&nbsp;<\/p>\n\n\n\n<p class=\"wp-block-paragraph\">El Museo Diego Rivera\u2013Anahuacalli es un espacio concebido por Diego Rivera para&nbsp; resguardar su colecci\u00f3n de arte prehisp\u00e1nico y promover el conocimiento de las&nbsp; ra\u00edces culturales de M\u00e9xico. Ubicado en el sur de la Ciudad de M\u00e9xico, integra&nbsp; arquitectura, arte y naturaleza en un entorno de piedra volc\u00e1nica. Hoy es un museo&nbsp; activo que combina patrimonio, investigaci\u00f3n y programaci\u00f3n contempor\u00e1nea,&nbsp; consolid\u00e1ndose como referente cultural nacional e internacional.&nbsp;<\/p>\n","protected":false},"excerpt":{"rendered":"<p>&nbsp;Las directoras Perla Labarthe \u00c1lvarez y Mar\u00eda Teresa Moya Malfav\u00f3n fueron reconocidas&nbsp; con la Medalla al M\u00e9rito Tur\u00edstico 2026 por el Congreso de la Ciudad de M\u00e9xico, tras un&nbsp; proceso de evaluaci\u00f3n y con 52 votos a favor de las Diputadas y Diputados del Congreso de&nbsp; la Ciudad de M\u00e9xico.&nbsp; El dictamen fue encabezado por [&hellip;]<\/p>\n","protected":false},"author":3,"featured_media":104013,"comment_status":"open","ping_status":"open","sticky":false,"template":"","format":"standard","meta":{"_monsterinsights_skip_tracking":false,"footnotes":""},"categories":[748],"tags":[],"class_list":["post-104012","post","type-post","status-publish","format-standard","has-post-thumbnail","category-cultura-feminista"],"_links":{"self":[{"href":"https:\/\/redsemlac.com\/semmexico\/wp-json\/wp\/v2\/posts\/104012","targetHints":{"allow":["GET"]}}],"collection":[{"href":"https:\/\/redsemlac.com\/semmexico\/wp-json\/wp\/v2\/posts"}],"about":[{"href":"https:\/\/redsemlac.com\/semmexico\/wp-json\/wp\/v2\/types\/post"}],"author":[{"embeddable":true,"href":"https:\/\/redsemlac.com\/semmexico\/wp-json\/wp\/v2\/users\/3"}],"replies":[{"embeddable":true,"href":"https:\/\/redsemlac.com\/semmexico\/wp-json\/wp\/v2\/comments?post=104012"}],"version-history":[{"count":0,"href":"https:\/\/redsemlac.com\/semmexico\/wp-json\/wp\/v2\/posts\/104012\/revisions"}],"wp:featuredmedia":[{"embeddable":true,"href":"https:\/\/redsemlac.com\/semmexico\/wp-json\/wp\/v2\/media\/104013"}],"wp:attachment":[{"href":"https:\/\/redsemlac.com\/semmexico\/wp-json\/wp\/v2\/media?parent=104012"}],"wp:term":[{"taxonomy":"category","embeddable":true,"href":"https:\/\/redsemlac.com\/semmexico\/wp-json\/wp\/v2\/categories?post=104012"},{"taxonomy":"post_tag","embeddable":true,"href":"https:\/\/redsemlac.com\/semmexico\/wp-json\/wp\/v2\/tags?post=104012"}],"curies":[{"name":"wp","href":"https:\/\/api.w.org\/{rel}","templated":true}]}}