{"id":104008,"date":"2026-03-25T11:53:41","date_gmt":"2026-03-25T17:53:41","guid":{"rendered":"https:\/\/redsemlac.com\/semmexico\/?p=104008"},"modified":"2026-03-25T11:53:42","modified_gmt":"2026-03-25T17:53:42","slug":"recordando-a-alaide-foppa","status":"publish","type":"post","link":"https:\/\/redsemlac.com\/semmexico\/recordando-a-alaide-foppa\/","title":{"rendered":"Recordando a Ala\u00edde Foppa"},"content":{"rendered":"\n<p class=\"wp-block-paragraph\"><strong>&nbsp;Ra\u00fal Rojas Soriano<\/strong><\/p>\n\n\n\n<p class=\"wp-block-paragraph\">SemM\u00e9xico, Cd. de M\u00e9xico, 25 de noviembre, 2026.- Conoc\u00ed a ALA\u00cdDE FOPPA (poetisa, escritora y activista) cuando me solicit\u00f3 en 1978 impartir una materia relacionada con la problem\u00e1tica social de las mujeres en la Facultad de Ciencias Pol\u00edticas y Sociales (FCPyS) de la UNAM.<\/p>\n\n\n\n<p class=\"wp-block-paragraph\">1. Ala\u00edde Foppa, espa\u00f1ola de origen y naturalizada guatemalteca, fue una de las fundadoras de la Revista FEM y tambi\u00e9n una de las conductoras del programa radiof\u00f3nico \u201cForo de la Mujer\u201d de RADIO UNAM.&nbsp;<\/p>\n\n\n\n<p class=\"wp-block-paragraph\">Un d\u00eda del mes de enero de 1978 lleg\u00f3 a verme acompa\u00f1ada con una profesora de la Facultad de Ciencias Pol\u00edticas y Sociales (FCPyS) de la UNAM, con el fin de platicar conmigo sobre la posibilidad de impartir una materia respecto a LA PROBLEM\u00c1TICA SOCIAL DE LAS MUJERES. Cabe mencionar que en esa fecha yo era el Jefe del Departamento de Sociolog\u00eda de la FCPyS de la UNAM.<\/p>\n\n\n\n<p class=\"wp-block-paragraph\">2. Como en ese entonces no se impart\u00eda una asignatura relacionada con dicho tema, y ante la imposibilidad de realizar en poco tiempo todo el proceso que se requiere para abrir una materia optativa sobre sociolog\u00eda de la mujer, le ofrec\u00ed un espacio en una de las asignaturas que formaba parte del Plan de Estudios de la carrera de Sociolog\u00eda.&nbsp;<\/p>\n\n\n\n<p class=\"wp-block-paragraph\">Mi propuesta fue aceptada por Ala\u00edde Foppa, formaliz\u00e1ndose as\u00ed el estudio sobre la problem\u00e1tica social de las mujeres. se divulg\u00f3 entre la comunidad acad\u00e9mica de la FCPyS de la UNAM la nueva opci\u00f3n, quedando de la siguiente manera:<\/p>\n\n\n\n<p class=\"wp-block-paragraph\">Sociolog\u00eda de las Minor\u00edas (Sociolog\u00eda de la Mujer)<\/p>\n\n\n\n<p class=\"wp-block-paragraph\">Pese a que no podr\u00eda considerarse a las mujeres como \u00abuna minor\u00eda\u00bb no hab\u00eda de momento otra forma de proceder debido a las circunstancias referidas. De este modo pude darle un espacio en el Plan de Estudios de la carrera de Sociolog\u00eda a la propuesta de Ala\u00edde Foppa, distinguida escritora y luchadora social.<\/p>\n\n\n\n<p class=\"wp-block-paragraph\">3. En diciembre de 1980 Ala\u00edde Foppa regres\u00f3 a Guatemala para actualizar su pasaporte. nunca volvi\u00f3 a M\u00e9xico. su desaparici\u00f3n forzada, a manos de la dictadura guatemalteca, se divulg\u00f3 en diversos medios de comunicaci\u00f3n en M\u00e9xico.&nbsp;<\/p>\n\n\n\n<p class=\"wp-block-paragraph\">Cabe se\u00f1alar que su hijo Juan Pablo hab\u00eda muerto en la lucha guerrillera, en 1980, pues formaba parte del Ej\u00e9rcito Guerrillero de los Pobres (EGP). (V\u00e9ase: Nathalie Ludec, \u201cAla\u00edde Foppa\u2026 una escritora guatemalteca desaparecida\u2026 Su nombre a trav\u00e9s de la Red\u201d: <a href=\"https:\/\/l.facebook.com\/l.php?u=https%3A%2F%2Fweb.archive.org%2Fweb%2F20161230232119%2Fhttp%3A%2F%2Fwww.debatefeminista.pueg.unam.mx%2Fwp-content%2Fuploads%2F2016%2F03%2Farticulos%2F022_11.pdf&amp;h=AT75ITEAr9nk_RQgVREeeukl_iZMNTcwc6SAMiBINCrb6gTttmYSoHHS_TDNLR2FcvEWhYZYNb_bUNNrA3T93-iR8Za0AgVQJyKu5u6wQdRhO-zmLWitP9WrOuwxPSFWq2hbyAEp5cuTGv0bcUBBdlXUu6-4eoZf&amp;__tn__=-UK-R&amp;c%5b0%5d=AT6_PefmZF6lvP7R7adn-0JafAtIIW9hEGV3Gf2JqjZr_R23mufviVJUgPADFy0YtR06C56rGx_0h3EwM1mh9Q4QN7QHNICWzxEvc8t2XMKtrQRyS71s1n0TBH8V2SgjfzBGZ0qjdvg5jareoVit0LD7Jlefx53Q-9SDkloZMAzaK8y8p8e6e_HNH8MNQg0\"><strong>https:\/\/web.archive.org\/&#8230;\/2016\/03\/articulos\/022_11.pdf<\/strong><\/a>).&nbsp;<\/p>\n\n\n\n<p class=\"wp-block-paragraph\">Su padre, Alfonso Sol\u00f3rzano, esposo de Ala\u00edde Foppa, al enterarse de la muerte de su hijo sali\u00f3 desesperado de su casa y, desafortunadamente, fue atropellado por un veh\u00edculo en la Ciudad de M\u00e9xico. (V\u00e9ase: <a href=\"https:\/\/l.facebook.com\/l.php?u=https%3A%2F%2Fembamex.sre.gob.mx%2Fguatemala%2Findex.php%3Foption%3Dcom_content%26view%3Darticle%26id%3D329%26catid%3D45%253Ajulio-2011%26Itemid%3D136%26fbclid%3DIwZXh0bgNhZW0CMTAAYnJpZBExbUlYajN3TjR1b09FZ2lOM3NydGMGYXBwX2lkEDIyMjAzOTE3ODgyMDA4OTIAAR7Db4O2X_3ubwM0yni68OeJdIRw-GxrXT1qVdDVPEQpPK0BbDktoBeoqnUodQ_aem_nIEDVsmDdW2pu0J9K9UZ9w&amp;h=AT55zFYAK2AMkZ-WsLX8hHNgJeWezM_LjDru6gTGXm7PW4JUh6SRWiRNENRbWv9LGQIKwcrfqGgXwrjBULQZQf3tICYyGWzwAk92xdLr8d9H4XOKeuFWIf-mTjkLK3oSorztGGATQnzie2JK3lewFUO9sy6SNGOr&amp;__tn__=-UK-R&amp;c%5b0%5d=AT6_PefmZF6lvP7R7adn-0JafAtIIW9hEGV3Gf2JqjZr_R23mufviVJUgPADFy0YtR06C56rGx_0h3EwM1mh9Q4QN7QHNICWzxEvc8t2XMKtrQRyS71s1n0TBH8V2SgjfzBGZ0qjdvg5jareoVit0LD7Jlefx53Q-9SDkloZMAzaK8y8p8e6e_HNH8MNQg0\"><strong>https:\/\/embamex.sre.gob.mx\/guatemala\/index.php?option=com_content&amp;view=article&amp;id=329&amp;catid=45:julio-2011&amp;Itemid=136<\/strong><\/a>).&nbsp;<\/p>\n\n\n\n<p class=\"wp-block-paragraph\">4. Siempre recordar\u00e9 la gran personalidad de Ala\u00edde Foppa y su inesperada desaparici\u00f3n forzada en diciembre de 1980.&nbsp;<\/p>\n\n\n\n<p class=\"wp-block-paragraph\">Seis a\u00f1os despu\u00e9s la principal universidad de ese pa\u00eds, la Universidad de San Carlos de Guatemala, me invit\u00f3 a impartir un curso sobre investigaci\u00f3n para el personal docente en 1986, en la ciudad de Mazatenango. Cabe mencionar que coment\u00e9 la desaparici\u00f3n forzada de Ala\u00edde Foppa con algunos miembros del personal acad\u00e9mico pues no pod\u00eda hacerlo frente a todo el grupo ya que, en ese a\u00f1o, a\u00fan estaba activo el movimiento guerrillero en Guatemala y varios miembros de esa universidad se hab\u00edan incorporado a la lucha guerrillera.&nbsp;<\/p>\n\n\n\n<p class=\"wp-block-paragraph\">5. Incluyo una fotograf\u00eda tomada de Internet de la siempre recordada Ala\u00edde Foppa por su valioso legado que dej\u00f3 a M\u00e9xico y a los dem\u00e1s pa\u00edses de Am\u00e9rica Latina. Tambi\u00e9n comparto la constancia que me entreg\u00f3 la Universidad de San Carlos de Guatemala, en julio de 1986, por el curso sobre investigaci\u00f3n que impart\u00ed a docentes de esa universidad (a seis a\u00f1os de la desaparici\u00f3n forzada de Ala\u00edde Foppa).<\/p>\n","protected":false},"excerpt":{"rendered":"<p>&nbsp;Ra\u00fal Rojas Soriano SemM\u00e9xico, Cd. de M\u00e9xico, 25 de noviembre, 2026.- Conoc\u00ed a ALA\u00cdDE FOPPA (poetisa, escritora y activista) cuando me solicit\u00f3 en 1978 impartir una materia relacionada con la problem\u00e1tica social de las mujeres en la Facultad de Ciencias Pol\u00edticas y Sociales (FCPyS) de la UNAM. 1. Ala\u00edde Foppa, espa\u00f1ola de origen y naturalizada [&hellip;]<\/p>\n","protected":false},"author":3,"featured_media":104009,"comment_status":"open","ping_status":"open","sticky":false,"template":"","format":"standard","meta":{"_monsterinsights_skip_tracking":false,"footnotes":""},"categories":[748],"tags":[],"class_list":["post-104008","post","type-post","status-publish","format-standard","has-post-thumbnail","category-cultura-feminista"],"_links":{"self":[{"href":"https:\/\/redsemlac.com\/semmexico\/wp-json\/wp\/v2\/posts\/104008","targetHints":{"allow":["GET"]}}],"collection":[{"href":"https:\/\/redsemlac.com\/semmexico\/wp-json\/wp\/v2\/posts"}],"about":[{"href":"https:\/\/redsemlac.com\/semmexico\/wp-json\/wp\/v2\/types\/post"}],"author":[{"embeddable":true,"href":"https:\/\/redsemlac.com\/semmexico\/wp-json\/wp\/v2\/users\/3"}],"replies":[{"embeddable":true,"href":"https:\/\/redsemlac.com\/semmexico\/wp-json\/wp\/v2\/comments?post=104008"}],"version-history":[{"count":0,"href":"https:\/\/redsemlac.com\/semmexico\/wp-json\/wp\/v2\/posts\/104008\/revisions"}],"wp:featuredmedia":[{"embeddable":true,"href":"https:\/\/redsemlac.com\/semmexico\/wp-json\/wp\/v2\/media\/104009"}],"wp:attachment":[{"href":"https:\/\/redsemlac.com\/semmexico\/wp-json\/wp\/v2\/media?parent=104008"}],"wp:term":[{"taxonomy":"category","embeddable":true,"href":"https:\/\/redsemlac.com\/semmexico\/wp-json\/wp\/v2\/categories?post=104008"},{"taxonomy":"post_tag","embeddable":true,"href":"https:\/\/redsemlac.com\/semmexico\/wp-json\/wp\/v2\/tags?post=104008"}],"curies":[{"name":"wp","href":"https:\/\/api.w.org\/{rel}","templated":true}]}}