{"id":104003,"date":"2026-03-24T16:02:44","date_gmt":"2026-03-24T22:02:44","guid":{"rendered":"https:\/\/redsemlac.com\/semmexico\/?p=104003"},"modified":"2026-03-24T16:02:45","modified_gmt":"2026-03-24T22:02:45","slug":"reconoce-gobierno-de-cdoax-que-si-hubo-intento-de-violacion-contra-una-trabajadora","status":"publish","type":"post","link":"https:\/\/redsemlac.com\/semmexico\/reconoce-gobierno-de-cdoax-que-si-hubo-intento-de-violacion-contra-una-trabajadora\/","title":{"rendered":"Reconoce gobierno de CDOAX que s\u00ed hubo intento de violaci\u00f3n contra una trabajadora"},"content":{"rendered":"\n<p class=\"wp-block-paragraph\">\u2022 El mun\u00edcipe Chagoya Villanueva debe garantizar la seguridad a la denunciante; Fiscal\u00eda debe iniciar la investigaci\u00f3n<br>\u2022 Lac\u00f3nica tarjeta informativa demuestra que el presidente desprecia la seguridad jur\u00eddica de las mujeres<\/p>\n\n\n\n<p class=\"wp-block-paragraph\">Soledad Jarqu\u00edn Edgar<br>SemM\u00e9xico, Oaxaca, 24 de marzo, 2026. \u2013 El presidente municipal Raymundo Chagoya Villanueva debe garantizar la seguridad de la joven que sufri\u00f3 un intento de violaci\u00f3n sexual al interior del palacio de gobierno por parte de un servidor p\u00fablico, afirm\u00f3 la defensora Y\u00e9sica S\u00e1nchez Maya, en tanto la exregidora B\u00e1rbara Garc\u00eda Ch\u00e1vez dijo que la aceptaci\u00f3n p\u00fablica de la autoridad municipal del hecho tendr\u00eda que ser suficiente para que la Fiscal\u00eda de Oaxaca inicie una investigaci\u00f3n, aun cuando no se haya interpuesto una denuncia formal.<\/p>\n\n\n\n<p class=\"wp-block-paragraph\">Este lunes en redes sociales trascendi\u00f3 sobre el intento de violaci\u00f3n dentro de las oficinas del departamento de Registro de Contribuyentes, donde el funcionario p\u00fablico Rodrigo DV cometi\u00f3 el intento de violaci\u00f3n en contra de una trabajadora, misma que no se consum\u00f3 gracias a la intervenci\u00f3n de otros y otras personas que respondieron a los gritos de ayuda de la joven.<\/p>\n\n\n\n<p class=\"wp-block-paragraph\">Por la noche, el gobierno de la ciudad respondi\u00f3 con una \u201ctarjeta informativa\u201d sin la firma del mun\u00edcipe capitalino ni de ninguna otra autoridad, aunque s\u00ed en hoja membretada, en la que cuatro p\u00e1rrafos admite lo sucedido, asegurando que actuaron de manera inmediata y separaron del cargo al servidor p\u00fablico.<\/p>\n\n\n\n<p class=\"wp-block-paragraph\">La integrante de la directiva de la asociaci\u00f3n civil Consorcio para el Di\u00e1logo Parlamentario y la Equidad sostuvo en entrevista telef\u00f3nica que el presidente municipal est\u00e1 obligado a acompa\u00f1ar y a garantizar la protecci\u00f3n de la v\u00edctima de intento de violaci\u00f3n, acompa\u00f1amiento legal e incluso psicosocial y record\u00f3 que la verg\u00fcenza tiene que cambiar de bando.<\/p>\n\n\n\n<p class=\"wp-block-paragraph\">Advirti\u00f3 que es muy probable que se inicie una campa\u00f1a de difamaci\u00f3n en contra de la trabajadora o se ejecuten actos de intimidaci\u00f3n, de ah\u00ed que Chagoya Villanueva como autoridad debe generar las condiciones para que la joven siga trabajando y tenga acceso a la justicia.<\/p>\n\n\n\n<p class=\"wp-block-paragraph\">Por su parte, la exregidora Garc\u00eda Ch\u00e1vez indic\u00f3 que un intento de violaci\u00f3n es un delito e implica violencia sexual, que seguramente estuvo acompa\u00f1ado de actos previos de acoso y hostigamiento sexual, que se cometieron en un lugar p\u00fablico y por un servidor p\u00fablico, por lo que deber\u00eda ser investigado penalmente.<\/p>\n\n\n\n<p class=\"wp-block-paragraph\">Garc\u00eda Ch\u00e1vez, quien fuera regidora de G\u00e9nero y Derechos Humanos entre 2017-2018, apunt\u00f3 que este tipo de delitos no es la primera vez que ocurren en el gobierno municipal y record\u00f3 que en 2017 varias polic\u00edas denunciaron actos de acoso sexual e intento de violaci\u00f3n y aunque se procedi\u00f3 no hubo la respuesta esperada de las autoridades entonces emanadas del PRI, son violencias que se silencian por el sistema est\u00e9 quien est\u00e9 en el poder.<\/p>\n\n\n\n<p class=\"wp-block-paragraph\">Coincidi\u00f3 con S\u00e1nchez Maya en la importancia de que las autoridades municipales generan espacios de confianza y seguridad para las trabajadoras, lo que incluye la revisi\u00f3n a fondo de las personas que son contratadas y la permanente capacitaci\u00f3n sobre los derechos de las mujeres para construir la garant\u00eda de no repetici\u00f3n de los hechos.<\/p>\n\n\n\n<p class=\"wp-block-paragraph\">Por otra parte, cuestion\u00f3 la respuesta que la noche de este lunes dio el gobierno municipal y asegur\u00f3 que \u201cel vecino tendr\u00e1 que dar la cara, porque su comunicaci\u00f3n tan lac\u00f3nica s\u00f3lo demuestra que desprecia la seguridad jur\u00eddica de las mujeres\u201d y sugiri\u00f3 que Chagoya Villanueva tendr\u00eda que hacer \u00e9l mismo la denuncia.<\/p>\n\n\n\n<p class=\"wp-block-paragraph\">Y\u00e9sica S\u00e1nchez Maya sostuvo que los delitos de acoso y hostigamiento sexual, as\u00ed como la violaci\u00f3n sexual son delitos que est\u00e1n presentes en las instituciones p\u00fablicas de trabajo, pero tambi\u00e9n en las de educaci\u00f3n como las escuelas preparatorias o bachilleratos p\u00fablicas o privadas. Sin embargo, al gobierno estatal esta problem\u00e1tica se les est\u00e1 pasando de noche.<\/p>\n\n\n\n<p class=\"wp-block-paragraph\">Record\u00f3 que la violencia escala de tal forma que en la actual administraci\u00f3n de Salom\u00f3n Jara Cruz, nueve mujeres que ocupaban un cargo como presidentas municipales, regidoras, comisariadas de bienes comunales, entre otras han sido asesinadas.<\/p>\n\n\n\n<p class=\"wp-block-paragraph\">Entonces o las violan o las matan, porque hay permisividad y tolerancia a la violencia contra las mujeres, como parte del sistema patriarcal, por eso hemos llamado, desde hace tiempo, a romper esos pactos.<\/p>\n\n\n\n<p class=\"wp-block-paragraph\">Ambas entrevistas sostienen que el gobernador del estado y el presidente municipal de Oaxaca de Ju\u00e1rez no deben echar en saco roto lo que est\u00e1 sucediendo en Oaxaca en especial en las instituciones p\u00fablicas.<\/p>\n\n\n\n<p class=\"wp-block-paragraph\">SEM\/sj<\/p>\n\n\n\n<figure class=\"wp-block-gallery has-nested-images columns-default is-cropped wp-block-gallery-1 is-layout-flex wp-block-gallery-is-layout-flex\">\n<figure class=\"wp-block-image size-large\"><a href=\"https:\/\/redsemlac.com\/semmexico\/wp-content\/uploads\/2026\/03\/el-implicado.jpg\"><img loading=\"lazy\" decoding=\"async\" width=\"1024\" height=\"768\" data-id=\"104006\" src=\"https:\/\/redsemlac.com\/semmexico\/wp-content\/uploads\/2026\/03\/el-implicado-1024x768.jpg\" alt=\"\" class=\"wp-image-104006\" srcset=\"https:\/\/redsemlac.com\/semmexico\/wp-content\/uploads\/2026\/03\/el-implicado-1024x768.jpg 1024w, https:\/\/redsemlac.com\/semmexico\/wp-content\/uploads\/2026\/03\/el-implicado-300x225.jpg 300w, https:\/\/redsemlac.com\/semmexico\/wp-content\/uploads\/2026\/03\/el-implicado-768x576.jpg 768w, https:\/\/redsemlac.com\/semmexico\/wp-content\/uploads\/2026\/03\/el-implicado-150x113.jpg 150w, https:\/\/redsemlac.com\/semmexico\/wp-content\/uploads\/2026\/03\/el-implicado-696x522.jpg 696w, https:\/\/redsemlac.com\/semmexico\/wp-content\/uploads\/2026\/03\/el-implicado-1068x801.jpg 1068w, https:\/\/redsemlac.com\/semmexico\/wp-content\/uploads\/2026\/03\/el-implicado.jpg 1280w\" sizes=\"auto, (max-width: 1024px) 100vw, 1024px\" \/><\/a><\/figure>\n\n\n\n<figure class=\"wp-block-image size-large\"><a href=\"https:\/\/redsemlac.com\/semmexico\/wp-content\/uploads\/2026\/03\/WhatsApp-Image-2026-03-23-at-8.42.16-PM.jpeg\"><img loading=\"lazy\" decoding=\"async\" width=\"819\" height=\"1024\" data-id=\"104004\" src=\"https:\/\/redsemlac.com\/semmexico\/wp-content\/uploads\/2026\/03\/WhatsApp-Image-2026-03-23-at-8.42.16-PM-819x1024.jpeg\" alt=\"\" class=\"wp-image-104004\" srcset=\"https:\/\/redsemlac.com\/semmexico\/wp-content\/uploads\/2026\/03\/WhatsApp-Image-2026-03-23-at-8.42.16-PM-819x1024.jpeg 819w, https:\/\/redsemlac.com\/semmexico\/wp-content\/uploads\/2026\/03\/WhatsApp-Image-2026-03-23-at-8.42.16-PM-240x300.jpeg 240w, https:\/\/redsemlac.com\/semmexico\/wp-content\/uploads\/2026\/03\/WhatsApp-Image-2026-03-23-at-8.42.16-PM-768x960.jpeg 768w, https:\/\/redsemlac.com\/semmexico\/wp-content\/uploads\/2026\/03\/WhatsApp-Image-2026-03-23-at-8.42.16-PM-150x188.jpeg 150w, https:\/\/redsemlac.com\/semmexico\/wp-content\/uploads\/2026\/03\/WhatsApp-Image-2026-03-23-at-8.42.16-PM-300x375.jpeg 300w, https:\/\/redsemlac.com\/semmexico\/wp-content\/uploads\/2026\/03\/WhatsApp-Image-2026-03-23-at-8.42.16-PM-696x870.jpeg 696w, https:\/\/redsemlac.com\/semmexico\/wp-content\/uploads\/2026\/03\/WhatsApp-Image-2026-03-23-at-8.42.16-PM-1068x1335.jpeg 1068w, https:\/\/redsemlac.com\/semmexico\/wp-content\/uploads\/2026\/03\/WhatsApp-Image-2026-03-23-at-8.42.16-PM.jpeg 1080w\" sizes=\"auto, (max-width: 819px) 100vw, 819px\" \/><\/a><\/figure>\n<\/figure>\n","protected":false},"excerpt":{"rendered":"<p>\u2022 El mun\u00edcipe Chagoya Villanueva debe garantizar la seguridad a la denunciante; Fiscal\u00eda debe iniciar la investigaci\u00f3n\u2022 Lac\u00f3nica tarjeta informativa demuestra que el presidente desprecia la seguridad jur\u00eddica de las mujeres Soledad Jarqu\u00edn EdgarSemM\u00e9xico, Oaxaca, 24 de marzo, 2026. \u2013 El presidente municipal Raymundo Chagoya Villanueva debe garantizar la seguridad de la joven que sufri\u00f3 [&hellip;]<\/p>\n","protected":false},"author":3,"featured_media":104005,"comment_status":"open","ping_status":"open","sticky":false,"template":"","format":"standard","meta":{"_monsterinsights_skip_tracking":false,"footnotes":""},"categories":[1],"tags":[],"class_list":["post-104003","post","type-post","status-publish","format-standard","has-post-thumbnail","category-uncategorized"],"_links":{"self":[{"href":"https:\/\/redsemlac.com\/semmexico\/wp-json\/wp\/v2\/posts\/104003","targetHints":{"allow":["GET"]}}],"collection":[{"href":"https:\/\/redsemlac.com\/semmexico\/wp-json\/wp\/v2\/posts"}],"about":[{"href":"https:\/\/redsemlac.com\/semmexico\/wp-json\/wp\/v2\/types\/post"}],"author":[{"embeddable":true,"href":"https:\/\/redsemlac.com\/semmexico\/wp-json\/wp\/v2\/users\/3"}],"replies":[{"embeddable":true,"href":"https:\/\/redsemlac.com\/semmexico\/wp-json\/wp\/v2\/comments?post=104003"}],"version-history":[{"count":0,"href":"https:\/\/redsemlac.com\/semmexico\/wp-json\/wp\/v2\/posts\/104003\/revisions"}],"wp:featuredmedia":[{"embeddable":true,"href":"https:\/\/redsemlac.com\/semmexico\/wp-json\/wp\/v2\/media\/104005"}],"wp:attachment":[{"href":"https:\/\/redsemlac.com\/semmexico\/wp-json\/wp\/v2\/media?parent=104003"}],"wp:term":[{"taxonomy":"category","embeddable":true,"href":"https:\/\/redsemlac.com\/semmexico\/wp-json\/wp\/v2\/categories?post=104003"},{"taxonomy":"post_tag","embeddable":true,"href":"https:\/\/redsemlac.com\/semmexico\/wp-json\/wp\/v2\/tags?post=104003"}],"curies":[{"name":"wp","href":"https:\/\/api.w.org\/{rel}","templated":true}]}}