{"id":103996,"date":"2026-03-24T15:49:39","date_gmt":"2026-03-24T21:49:39","guid":{"rendered":"https:\/\/redsemlac.com\/semmexico\/?p=103996"},"modified":"2026-03-24T15:49:40","modified_gmt":"2026-03-24T21:49:40","slug":"reconocen-organizaciones-de-nuevo-leon-trayectorias-de-periodistas","status":"publish","type":"post","link":"https:\/\/redsemlac.com\/semmexico\/reconocen-organizaciones-de-nuevo-leon-trayectorias-de-periodistas\/","title":{"rendered":"Reconocen organizaciones de Nuevo Le\u00f3n trayectorias de periodistas"},"content":{"rendered":"\n<p class=\"wp-block-paragraph\">\u2022 Por 40 a\u00f1os de trayectoria recibi\u00f3 un reconocimiento Juany Nava<br>\u2022 Entregan premios por actividades y reconocen tambi\u00e9n a Azucena Uresti<\/p>\n\n\n\n<p class=\"wp-block-paragraph\">Lorena Vaniezcot<br>SemM\u00e9xico, Ciudad de M\u00e9xico, 23 de marzo, 2026.- Cinco organizaciones de periodistas de Nuevo Le\u00f3n entregaron un reconocimiento a 28 periodistas de Nuevo Le\u00f3n, por sus trayectorias.<\/p>\n\n\n\n<p class=\"wp-block-paragraph\">En una ceremonia realizada dentro de las actividades del D\u00eda Internacional de la Mujer se entregaron reconocimientos a las Mujeres en el Periodismo y reconocimiento por trayectoria por parte de la Asociaci\u00f3n de Periodistas de Nuevo Le\u00f3n \u00abJos\u00e9 Alvarado Santos\u00bb, el Colegio de Comunicaci\u00f3n y Periodismo de Nuevo Le\u00f3n A.C., la Asociaci\u00f3n Period\u00edstica Independiente A.C., la Red de Periodistas del Noreste, y 6 Grados.<\/p>\n\n\n\n<p class=\"wp-block-paragraph\">Juany Nava Castillo fue reconocida por su destacada trayectoria, profesionalismo y entrega al periodismo y la comunicaci\u00f3n al cumplir este a\u00f1o, 40 a\u00f1os de trabajo. Nava egres\u00f3 de la Universidad Aut\u00f3noma de Nuevo Le\u00f3n. Desde 1985 ha colaborado en medios como ABC, Notimex, La Jornada, Cimac Noticias y SemM\u00e9xico. Fundadora y directora de la revista independiente Nosotras. Dirigi\u00f3 y condujo programas en Radio Nuevo Le\u00f3n y Canal 28. Fue editorialista invitada en El Norte y cre\u00f3 la revista Violeta y los espacios radiof\u00f3nicos y televisivos Mujeralia, abriendo espacios informativos para voces hist\u00f3ricamente invisibilizadas.<\/p>\n\n\n\n<p class=\"wp-block-paragraph\">Tambi\u00e9n fueron reconocidas por sus trayectorias las periodistas Gabriela Arzamendi Fern\u00e1ndez, quien lleva 35 a\u00f1os de ejercicio informativo, as\u00ed como Gwendolyn Aguill\u00f3n y Sof\u00eda Pe\u00f1a ambas con tres d\u00e9cadas en la tarea de informar.<\/p>\n\n\n\n<p class=\"wp-block-paragraph\">Por parte fueron premiadas Gabriela P\u00e9rez Javier, en Radio; Aracely Garza Chantaka, en Periodismo Impreso; Sandra Lorena Gonz\u00e1lez Cortez, en Televisi\u00f3n; Mar\u00eda Rosa Sandoval Tamez y Adriana Rodr\u00edguez Reyna, Creadoras de Contenido; Teresa Geraldina Gonz\u00e1lez, en Periodismo Gr\u00e1fico; Manuela Garc\u00eda, Periodista Empresaria, y Azucena Uresti, fue reconocida con el Premio Periodismo en Resiliencia.<\/p>\n\n\n\n<p class=\"wp-block-paragraph\">El reconocimiento a las Mujeres en Periodismo fue instituido en 2011 a iniciativa de la periodista Rosa Carmen Romero, y luego de varios a\u00f1os, se reinici\u00f3 en el 2025, esta vez avalado por las agrupaciones antes mencionadas.<\/p>\n\n\n\n<p class=\"wp-block-paragraph\">\u201cHoy, quiero decirles que las mujeres de lucha, mujeres forjadoras, mujeres cuya profesi\u00f3n se ha convertido en una vocaci\u00f3n, enarbolando la justicia, la verdad y la construcci\u00f3n de una sociedad m\u00e1s inclusiva, son ustedes\u201d, mencion\u00f3 Ang\u00e9lica Valle, del Colegio de Comunicaci\u00f3n y Periodismo de Nuevo Le\u00f3n A.C.<\/p>\n\n\n\n<p class=\"wp-block-paragraph\">La ceremonia de homenaje se realiz\u00f3 en el Auditorio del Sindicato de la Secci\u00f3n 21 del SNTE. La convocatoria fue hecha por el comit\u00e9 organizador integrado por Ang\u00e9lica Valle; Melva Frutos de la Red de Periodistas del Noreste; Francisco Z\u00fa\u00f1iga Esquivel de la Asociaci\u00f3n de Periodistas de Nuevo Le\u00f3n; Jes\u00fas Oscar Gonz\u00e1lez del Colegio de Comunicaci\u00f3n y Periodismo de Nuevo Le\u00f3n; Leobardo Padilla, de la Asociaci\u00f3n Period\u00edstica Independiente, y Jes\u00fas Coronado de la Agencia Internacional de Periodistas Especializados en turismo, cultura, educaci\u00f3n y negocios.<\/p>\n\n\n\n<p class=\"wp-block-paragraph\">SEM\/lv\/sj<\/p>\n\n\n\n<p class=\"wp-block-paragraph\"><\/p>\n","protected":false},"excerpt":{"rendered":"<p>\u2022 Por 40 a\u00f1os de trayectoria recibi\u00f3 un reconocimiento Juany Nava\u2022 Entregan premios por actividades y reconocen tambi\u00e9n a Azucena Uresti Lorena VaniezcotSemM\u00e9xico, Ciudad de M\u00e9xico, 23 de marzo, 2026.- Cinco organizaciones de periodistas de Nuevo Le\u00f3n entregaron un reconocimiento a 28 periodistas de Nuevo Le\u00f3n, por sus trayectorias. En una ceremonia realizada dentro de [&hellip;]<\/p>\n","protected":false},"author":3,"featured_media":103998,"comment_status":"open","ping_status":"open","sticky":false,"template":"","format":"standard","meta":{"_monsterinsights_skip_tracking":false,"footnotes":""},"categories":[55],"tags":[],"class_list":["post-103996","post","type-post","status-publish","format-standard","has-post-thumbnail","category-periodistas"],"_links":{"self":[{"href":"https:\/\/redsemlac.com\/semmexico\/wp-json\/wp\/v2\/posts\/103996","targetHints":{"allow":["GET"]}}],"collection":[{"href":"https:\/\/redsemlac.com\/semmexico\/wp-json\/wp\/v2\/posts"}],"about":[{"href":"https:\/\/redsemlac.com\/semmexico\/wp-json\/wp\/v2\/types\/post"}],"author":[{"embeddable":true,"href":"https:\/\/redsemlac.com\/semmexico\/wp-json\/wp\/v2\/users\/3"}],"replies":[{"embeddable":true,"href":"https:\/\/redsemlac.com\/semmexico\/wp-json\/wp\/v2\/comments?post=103996"}],"version-history":[{"count":0,"href":"https:\/\/redsemlac.com\/semmexico\/wp-json\/wp\/v2\/posts\/103996\/revisions"}],"wp:featuredmedia":[{"embeddable":true,"href":"https:\/\/redsemlac.com\/semmexico\/wp-json\/wp\/v2\/media\/103998"}],"wp:attachment":[{"href":"https:\/\/redsemlac.com\/semmexico\/wp-json\/wp\/v2\/media?parent=103996"}],"wp:term":[{"taxonomy":"category","embeddable":true,"href":"https:\/\/redsemlac.com\/semmexico\/wp-json\/wp\/v2\/categories?post=103996"},{"taxonomy":"post_tag","embeddable":true,"href":"https:\/\/redsemlac.com\/semmexico\/wp-json\/wp\/v2\/tags?post=103996"}],"curies":[{"name":"wp","href":"https:\/\/api.w.org\/{rel}","templated":true}]}}