{"id":103981,"date":"2026-03-23T20:33:57","date_gmt":"2026-03-24T02:33:57","guid":{"rendered":"https:\/\/redsemlac.com\/semmexico\/?p=103981"},"modified":"2026-03-23T20:34:24","modified_gmt":"2026-03-24T02:34:24","slug":"cuba-enriqueta-favez-una-historia-de-transgresion-que-aun-inspira","status":"publish","type":"post","link":"https:\/\/redsemlac.com\/semmexico\/cuba-enriqueta-favez-una-historia-de-transgresion-que-aun-inspira\/","title":{"rendered":"Cuba: Enriqueta Favez, una historia de transgresi\u00f3n que a\u00fan inspira"},"content":{"rendered":"\n<ul class=\"wp-block-list\">\n<li>La historia de Favez se mantuvo fraccionada y pr\u00e1cticamente desconocida<\/li>\n\n\n\n<li>Se present\u00f3 el libro Favez, del investigador\u00a0<a href=\"https:\/\/directoriogenero.redsemlac-cuba.net\/julio-cesar-gonzalez-pages-la-habana-1965\/\" target=\"_blank\" rel=\"noreferrer noopener\">Julio Gonz\u00e1lez Pag\u00e9s<\/a>, y la pel\u00edcula\u00a0<a href=\"https:\/\/www.redsemlac-cuba.net\/redsemlac\/sociedad-y-cultura\/la-suiza-enriqueta-favez-insumisa-200-anos-despues\/\" target=\"_blank\" rel=\"noreferrer noopener\"><em>Insumisas<\/em><\/a><\/li>\n<\/ul>\n\n\n\n<p class=\"wp-block-paragraph\">Lirians Gordillo Pi\u00f1a<\/p>\n\n\n\n<p class=\"wp-block-paragraph\">SemM\u00e9xico\/SEMlac, La Habana, 23 de marzo, 2026.- Enriqueta Favez (1791-1856), la mujer suiza que asumi\u00f3 una identidad masculina y lleg\u00f3 en 1819 a Cuba como m\u00e9dico cirujano, dej\u00f3 una historia de humanidad, lucha por la libertad y la justicia que a\u00fan inspira.<\/p>\n\n\n\n<p class=\"wp-block-paragraph\"><br>\u00abVolvemos a su legado porque trasciende los m\u00e1rgenes de una \u00e9poca y un pa\u00eds\u00bb, dijo Stefano Vescovi, embajador de Suiza en Cuba, durante una velada dedicada a Enriqueta Favez, el pasado 20 de marzo, en la instituci\u00f3n cultural F\u00e1brica de Arte en la capital cubana.<\/p>\n\n\n\n<p class=\"wp-block-paragraph\"><br>El homenaje, organizado por la embajada de Suiza en La Habana, incluy\u00f3 la presentaci\u00f3n del libro Favez, del investigador&nbsp;<a href=\"https:\/\/directoriogenero.redsemlac-cuba.net\/julio-cesar-gonzalez-pages-la-habana-1965\/\" target=\"_blank\" rel=\"noreferrer noopener\">Julio Gonz\u00e1lez Pag\u00e9s<\/a>, y la proyecci\u00f3n de la pel\u00edcula&nbsp;<a href=\"https:\/\/www.redsemlac-cuba.net\/redsemlac\/sociedad-y-cultura\/la-suiza-enriqueta-favez-insumisa-200-anos-despues\/\" target=\"_blank\" rel=\"noreferrer noopener\"><em>Insumisas<\/em><\/a>, de Fernando P\u00e9rez y Laura Cazador. La iniciativa se sum\u00f3 al programa cultural de la semana de la Francofon\u00eda, que se celebr\u00f3 en La Habana del 16 al 22 de marzo.<\/p>\n\n\n\n<p class=\"wp-block-paragraph\"><br>\u00abSu vida estuvo marcada por las controversias de su tiempo: el rol de la mujer en la sociedad, la libertad de amar, su amplio esp\u00edritu de humanidad como m\u00e9dica, su sentido de solidaridad. Por todo esto es para nosotros la primera cooperante suiza en Cuba y quiz\u00e1 en Am\u00e9rica Latina toda\u00bb, afirm\u00f3 Vescovi al recordar la atenci\u00f3n gratuita que el doctor Favez extendi\u00f3 a pobres y personas esclavizadas en la entonces villa de Baracoa, al extremo suroriental de Cuba.<\/p>\n\n\n\n<p class=\"wp-block-paragraph\"><br>En la isla del Caribe, la historia de Favez se mantuvo fraccionada y pr\u00e1cticamente desconocida hasta finales del siglo XX. A partir de esos a\u00f1os ha inspirado a investigadores y artistas que vuelven a ella para poner sobre la mesa temas a\u00fan no resueltos, como la homofobia y la transfobia, la opresi\u00f3n patriarcal contra las mujeres y, a la vez, la fuerza que impulsa a vivir una vida plena.<\/p>\n\n\n\n<p class=\"wp-block-paragraph\"><br>\u00abElla lleg\u00f3 a m\u00ed en 1993, mientras preparaba mi investigaci\u00f3n sobre el feminismo cubano. Estaba en el Archivo Nacional cuando encontr\u00e9 el expediente de una mujer que hab\u00eda sido juzgada por andar vestida de hombre\u00bb, record\u00f3 el historiador Gonz\u00e1lez Pag\u00e9s en el encuentro.<\/p>\n\n\n\n<p class=\"wp-block-paragraph\"><br>El historiador debi\u00f3 esperar hasta 2011 para ver publicada la historia de Favez por la Editorial de la Mujer, gracias al empe\u00f1o de su entonces directora, la periodista&nbsp;<a href=\"https:\/\/directoriogenero.redsemlac-cuba.net\/isabel-moya-richard-la-habana-1961-2018\/\" target=\"_blank\" rel=\"noreferrer noopener\">Isabel Moya<\/a>.&nbsp;<a href=\"https:\/\/www.redsemlac-cuba.net\/redsemlac\/diversidad-sexual\/ck76-cultura\/cuba-libro-sobre-enriqueta-favez-llega-al-papel\/\" target=\"_blank\" rel=\"noreferrer noopener\"><em>Por andar vestida de hombre<\/em><\/a>&nbsp;fue el t\u00edtulo de la primera edici\u00f3n del volumen, reeditado como&nbsp;<em>Favez<\/em>&nbsp;en 2024 de la mano de Ediciones SELVI, editorial radicada en Valencia, Espa\u00f1a.<\/p>\n\n\n\n<p class=\"wp-block-paragraph\"><br>\u00abEn esta edici\u00f3n se incluyen dos cap\u00edtulos nuevos con otras informaciones; los documentos hist\u00f3ricos tambi\u00e9n ganaron en nitidez y mayor definici\u00f3n, algo que nos alegra mucho, pues los que atesora el Archivo Nacional est\u00e1n muy deteriorados\u00bb, coment\u00f3 Gonz\u00e1lez Pag\u00e9s durante la presentaci\u00f3n.<br>El itinerario biogr\u00e1fico de Favez a\u00fan sorprende, genera controversia y estimula la reflexi\u00f3n. Durante el encuentro se resalt\u00f3 el acercamiento art\u00edstico a su vida a trav\u00e9s de la danza, el cine documental, el teatro, la escultura y el cine.<br>En&nbsp;<em>Insumisas<\/em>&nbsp;(2018), por ejemplo, Fernando P\u00e9rez y Laura Cazador quisieron llevar a la pantalla una historia de amor entre dos personas. Sin embargo, contar la relaci\u00f3n entre Enrique Favez y Juana de Le\u00f3n fue punto de partida para reflejar la crueldad de la esclavitud, la doble moral de la sociedad colonial y la violencia contra las mujeres. Enfrentarse a esa red de opresiones cost\u00f3 caro a la pareja.<br>\u00abSiempre he vivido al borde de un abismo pensando si saltar al vac\u00edo o no\u00bb, dice Favez a Juana en una de las escenas del filme, mostrando los costos y temores de quien sabe que se enfrenta a m\u00faltiples poderes.<br>Para el realizador Fernando P\u00e9rez, m\u00e1s que un mensaje, quisiera que la pel\u00edcula mostrara una actitud ante la vida: la apuesta por defender la identidad y coherencia propias frente a prejuicios y dogmas que, reconoce, han existido durante siglos y perduran hasta hoy.<br>\u00abNo es f\u00e1cil, por supuesto, pero yo creo en la libertad de cada individuo de escoger lo que quiere ser, eso es lo fundamental\u00bb, declar\u00f3 Fernando P\u00e9rez a SEMlac.<br>Pasados m\u00e1s de 200 a\u00f1os, la figura de Favez sigue poniendo sobre la mesa debates de mucha actualidad y tambi\u00e9n alertas.<br>\u00abLa pel\u00edcula me hizo recordar c\u00f3mo se imbrica el poder patriarcal, el dominio colonial espa\u00f1ol, la esclavitud y la tradici\u00f3n cultural que trajo la transfobia contempor\u00e1nea. Una transfobia que se vivi\u00f3 durante el resto del siglo diecinueve, adopt\u00f3 diferentes formas en el siglo veinte y a\u00fan hoy es un asunto no resuelto\u00bb, coment\u00f3 el activista Alberto Roque a SEMlac.<br>Roque, quien particip\u00f3 como espectador, dice que la pel\u00edcula sobre Favez tambi\u00e9n nos alerta sobre algo m\u00e1s.<br>\u00abSu historia nos habla de c\u00f3mo las transgresiones son castigadas, de lo dif\u00edcil que es sobrevivir en un entorno opresivo y c\u00f3mo, aunque exista amor, no es suficiente para poder garantizar estabilidad, autonom\u00eda y libertad\u00bb, concluye.<\/p>\n","protected":false},"excerpt":{"rendered":"<p>Lirians Gordillo Pi\u00f1a SemM\u00e9xico\/SEMlac, La Habana, 23 de marzo, 2026.- Enriqueta Favez (1791-1856), la mujer suiza que asumi\u00f3 una identidad masculina y lleg\u00f3 en 1819 a Cuba como m\u00e9dico cirujano, dej\u00f3 una historia de humanidad, lucha por la libertad y la justicia que a\u00fan inspira. \u00abVolvemos a su legado porque trasciende los m\u00e1rgenes de una [&hellip;]<\/p>\n","protected":false},"author":3,"featured_media":103982,"comment_status":"open","ping_status":"open","sticky":false,"template":"","format":"standard","meta":{"_monsterinsights_skip_tracking":false,"footnotes":""},"categories":[53],"tags":[],"class_list":["post-103981","post","type-post","status-publish","format-standard","has-post-thumbnail","category-internacional"],"_links":{"self":[{"href":"https:\/\/redsemlac.com\/semmexico\/wp-json\/wp\/v2\/posts\/103981","targetHints":{"allow":["GET"]}}],"collection":[{"href":"https:\/\/redsemlac.com\/semmexico\/wp-json\/wp\/v2\/posts"}],"about":[{"href":"https:\/\/redsemlac.com\/semmexico\/wp-json\/wp\/v2\/types\/post"}],"author":[{"embeddable":true,"href":"https:\/\/redsemlac.com\/semmexico\/wp-json\/wp\/v2\/users\/3"}],"replies":[{"embeddable":true,"href":"https:\/\/redsemlac.com\/semmexico\/wp-json\/wp\/v2\/comments?post=103981"}],"version-history":[{"count":0,"href":"https:\/\/redsemlac.com\/semmexico\/wp-json\/wp\/v2\/posts\/103981\/revisions"}],"wp:featuredmedia":[{"embeddable":true,"href":"https:\/\/redsemlac.com\/semmexico\/wp-json\/wp\/v2\/media\/103982"}],"wp:attachment":[{"href":"https:\/\/redsemlac.com\/semmexico\/wp-json\/wp\/v2\/media?parent=103981"}],"wp:term":[{"taxonomy":"category","embeddable":true,"href":"https:\/\/redsemlac.com\/semmexico\/wp-json\/wp\/v2\/categories?post=103981"},{"taxonomy":"post_tag","embeddable":true,"href":"https:\/\/redsemlac.com\/semmexico\/wp-json\/wp\/v2\/tags?post=103981"}],"curies":[{"name":"wp","href":"https:\/\/api.w.org\/{rel}","templated":true}]}}