{"id":10398,"date":"2019-08-01T17:12:02","date_gmt":"2019-08-01T17:12:02","guid":{"rendered":"https:\/\/redsemlac.com\/semmexico\/?p=10398"},"modified":"2023-07-21T14:51:57","modified_gmt":"2023-07-21T19:51:57","slug":"caso-narvarte","status":"publish","type":"post","link":"https:\/\/redsemlac.com\/semmexico\/caso-narvarte\/","title":{"rendered":"Sigue pendiente la justicia por asesinatos de la Narvarte"},"content":{"rendered":"\n<p class=\"wp-block-paragraph\"><strong>* Familiares piden se investigue a ex\ngobernador de Veracruz<\/strong><\/p>\n\n\n\n<p class=\"wp-block-paragraph\"><strong>* Recrudecimiento de la violencia en\nla CDMX resultado de equivocaciones<\/strong><\/p>\n\n\n\n<p class=\"wp-block-paragraph\"><strong>Redacci\u00f3n <\/strong><\/p>\n\n\n\n<p class=\"wp-block-paragraph\">SemM\u00e9xico,\nCiudad de M\u00e9xico, 1 agosto 2019.- A cuatro a\u00f1os de los hechos ocurridos en la\ncolonia Narvarte de la Ciudad de M\u00e9xico, en donde fueron asesinados Nadia Vera\nP\u00e9rez, Alejandra Negrete, Yesenia Quir\u00f3z Alfaro, Mile Virginia Mart\u00edn y Rub\u00e9n\nEspinosa Becerril, contin\u00faa la exigencia de acceso a la justicia, una\nreparaci\u00f3n integral del da\u00f1o y conocer la verdad de lo sucedido el 31 de julio\nde 2015.<\/p>\n\n\n\n<p class=\"wp-block-paragraph\">En\nel documento explican que el recrudecimiento de la violencia en la ciudad es\nresultado de esas falencias estructurales que contin\u00faan en el sistema de procuraci\u00f3n\nde justicia.&nbsp;<\/p>\n\n\n\n<p class=\"wp-block-paragraph\">De\nacuerdo con un comunicado de Art\u00edculo 19, en ese sentido, familiares y\norganizaciones de derechos humanos emitieron un posicionamiento sobre el estado\nque guarda el proceso de b\u00fasqueda de justicia, los problemas y retos:<\/p>\n\n\n\n<p class=\"wp-block-paragraph\">Se\u00f1alan\nque la impunidad continua, al no identificarse a otros autores del crimen\n(tanto materiales como intelectuales) ni se ha esclarecido el m\u00f3vil de los\nhechos. \u201cEs decir, hace falta saber qu\u00e9 sucedi\u00f3 realmente aquella tarde en el\nn\u00famero 1909 de Luz Savi\u00f1\u00f3n\u201d.<\/p>\n\n\n\n<p class=\"wp-block-paragraph\">En\nla pasada administraci\u00f3n del gobierno de esta capital, con el entonces titular\nMiguel \u00c1ngel Mancera y los procuradores que conocieron del caso, Rodolfo R\u00edos y\nEdmundo Garrido, hubo una enorme traba para llevar a cabo las investigaciones.<\/p>\n\n\n\n<p class=\"wp-block-paragraph\">Con\nlas autoridades que a partir de diciembre de 2018 gobiernan esta ciudad, hay un\ndi\u00e1logo abierto, no obstante, a\u00fan falta que se traduzca en hechos y avances\nconcretos respecto a la investigaci\u00f3n y el agotamiento de todas las l\u00edneas de\ninvestigaci\u00f3n, incluida la relacionada con Veracruz en cuanto a los\nantecedentes de agresiones y amenazas que sufrieron Nadia Vera y Rub\u00e9n Espinosa\npor su labor de activismo y de periodismo, respectivamente, en la exigencia de\njusticia por las violaciones graves a derechos ocurridas en el gobierno de\nJavier Duarte.<\/p>\n\n\n\n<p class=\"wp-block-paragraph\">Es\nas\u00ed que las familias y las personas que les representamos hemos mantenido ese\ndi\u00e1logo abierto con la Procuradur\u00eda General de Justicia de la Ciudad de M\u00e9xico\n(PGJCDMX), generando propuestas y promoviendo diligencias, sin embargo, el\ntrabajo y los avances de las autoridades han presentado lentitud. Este nuevo\ngobierno debe marcar un cambio real, claro y contundente respecto a la anterior\nadministraci\u00f3n.<\/p>\n\n\n\n<p class=\"wp-block-paragraph\">Hasta\nahora ninguna autoridad ha sido sancionada por las violaciones que se\ncometieron y que se siguen cometiendo en este caso. Por el contrario,\npersonajes que estuvieron directamente vinculados con la investigaci\u00f3n en su\netapa inicial han sido promovidos a otros cargos de mayor responsabilidad, en\nbuena medida, porque quien se encarga de investigar a los funcionarios es la\nmisma Procuradur\u00eda. <\/p>\n\n\n\n<p class=\"wp-block-paragraph\">Ejemplos\nde esto son Edmundo Garrido, quien era subprocurador y fue promovido a\nprocurador general, o el propio Miguel \u00c1ngel Mancera, quien prometi\u00f3\ndirectamente a las familias esclarecer los hechos y brindar justicia, lo cual\nnunca se logr\u00f3 y actualmente es senador de la Rep\u00fablica.<\/p>\n\n\n\n<p class=\"wp-block-paragraph\">Al\nrespecto, el 11 de diciembre de 2018, las familias presentaron ante la\nContralor\u00eda General de esta ciudad, una queja administrativa por las\nactuaciones irregulares, omisas y negligentes en las que incurrieron servidores\np\u00fablicos de la PGJCDMX en relaci\u00f3n a la investigaci\u00f3n de este caso, omisiones y\nnegligencias que se han a su vez traducido en m\u00faltiples violaciones a los\nderechos humanos de todas las v\u00edctimas y que se han prolongado en el tiempo\ndesde que comenz\u00f3 la investigaci\u00f3n de los hechos hasta la fecha.<\/p>\n\n\n\n<p class=\"wp-block-paragraph\">En\nmayo de este a\u00f1o, las familias y defensores de Derechos Humanos que les\nacompa\u00f1an presentaron una formal denuncia ante la Fiscal\u00eda para la\nInvestigaci\u00f3n de Delitos cometidos contra Servidores P\u00fablicos de la PGJCDMX,\npara que investigue hechos constitutivos de delitos respecto a las mismas\nautoridades ministeriales que pudieran acreditarse sobre su actuar en el caso.<\/p>\n\n\n\n<p class=\"wp-block-paragraph\">Por\nello, hacen un llamado urgente tanto a la Contralor\u00eda General como a la\nFiscal\u00eda de delitos cometidos por servidores p\u00fablicos, a que conduzcan su\nactuar de manera diligente, eficaz, eficiente y exhaustiva, en el \u00e1mbito de sus\nfacultades, y no abonen al estado de impunidad que ya de por s\u00ed se ha mantenido\nen estos cuatro a\u00f1os.&nbsp;&nbsp;&nbsp;<\/p>\n\n\n\n<p class=\"wp-block-paragraph\">En\nel posicionamiento dan a conocer que en d\u00edas recientes presentaron un escrito\nformal ante la Fiscal\u00eda Central de Investigaci\u00f3n para el Delito de Homicidio, a\nefecto de que realicen diligencias en materia de an\u00e1lisis de contexto, en\nrelaci\u00f3n con la l\u00ednea de investigaci\u00f3n relativa a Veracruz, ya que son hechos\np\u00fablicos y notorios que en el gobierno de Javier Duarte operaba grupos\nparapoliciales al margen de la ley que secuestraban, torturaban y desaparec\u00edan\npersonas con total impunidad.<\/p>\n\n\n\n<p class=\"wp-block-paragraph\">El\nex secretario de Seguridad P\u00fablica de Veracruz, Arturo Berm\u00fadez Zurita operaba\nvarias empresas de seguridad en la Ciudad de M\u00e9xico y que esas empresas incluso\ntienen permisos para portaci\u00f3n y uso de armas de fuego. Esa red de grupos\nparapoliciales de Berm\u00fadez Zurita operaba igual contra adversarios de grupos\ncriminales que contra opositores pol\u00edticos. Esto puede derivar en elementos que\nrobustezcan la investigaci\u00f3n y el agotamiento de l\u00edneas.<\/p>\n\n\n\n<p class=\"wp-block-paragraph\">Por su parte, los avances en el cumplimiento de la\nRecomendaci\u00f3n 4\/2017 de la Comisi\u00f3n de Derechos Humanos de la CDMX para\ngarantizar una reparaci\u00f3n integral del da\u00f1o a las v\u00edctimas, tambi\u00e9n han tenido\nun avance lento, paralizado en ciertos momentos. <\/p>\n\n\n\n<p class=\"wp-block-paragraph\">Sin\nembargo, uno de los elementos centrales como parte de la reparaci\u00f3n, es abatir\nla impunidad en el caso, fincar responsabilidad legal y pol\u00edtica a quienes\npermitieron y operaron su manipulaci\u00f3n, as\u00ed como la filtraci\u00f3n de informaci\u00f3n\npara construir una narrativa paralela. El acceso a la justicia y verdad, son\npartes fundamentales en una reparaci\u00f3n integral.<\/p>\n\n\n\n<p class=\"wp-block-paragraph\">Por\nejemplo, las responsabilidades de servidores p\u00fablicos en la filtraci\u00f3n de\ndiversa informaci\u00f3n a algunos medios de comunicaci\u00f3n, desde la anterior\nadministraci\u00f3n, deben ser puntualmente determinadas y sancionadas, ya que ello\nconstituye un patr\u00f3n por parte de la PGJCDMX que se sigue observando\nactualmente y genera un impacto fuerte en las v\u00edctimas.<\/p>\n\n\n\n<p class=\"wp-block-paragraph\">De\nacuerdo con el pronunciamiento divulgado por Art\u00edculo 19, la transici\u00f3n de la\nactual Procuradur\u00eda hacia una Fiscal\u00eda General aut\u00f3noma, que estar\u00e1 avanzando\nen este a\u00f1o, representa una enorme oportunidad para realizar los cambios\nestructurales que urgen en materia de procuraci\u00f3n de justicia, abatimiento de\nla impunidad y acceso a la justicia en el pa\u00eds, y en este caso, en la Ciudad de\nM\u00e9xico.<\/p>\n\n\n\n<p class=\"wp-block-paragraph\">Nuevamente,\nhacemos un llamado p\u00fablico a la actual administraci\u00f3n en la Ciudad de M\u00e9xico,\nencabezada por la Jefa de Gobierno Claudia Sheinbaum, as\u00ed como a la Procuradora\nGeneral de Justicia, Ernestina Godoy Ramos, a encauzar las investigaciones para\nel agotamiento de las l\u00edneas de investigaci\u00f3n, subsanar en lo posible las\nomisiones e irregularidades que han sido cometidas en estos a\u00f1os por el\nMinisterio P\u00fablico.<\/p>\n\n\n\n<p class=\"wp-block-paragraph\">As\u00ed\ncomo investigar diligentemente a aquellos servidores p\u00fablicos que hayan\ncometido hechos constitutivos de delitos, y a cumplir cabal y\nsatisfactoriamente cada punto recomendatorio a efecto de garantizar justicia,\nverdad y reparaci\u00f3n a las v\u00edctimas que el gobierno anterior neg\u00f3 brindar hasta\nsu \u00faltimo d\u00eda en funciones.<\/p>\n\n\n\n<p class=\"wp-block-paragraph\">SEM\/sj<\/p>\n","protected":false},"excerpt":{"rendered":"<p>Familiares piden se investigue a ex gobernador de Veracruz<\/p>\n","protected":false},"author":3,"featured_media":10399,"comment_status":"open","ping_status":"open","sticky":false,"template":"","format":"standard","meta":{"_monsterinsights_skip_tracking":false,"footnotes":""},"categories":[690,47,48],"tags":[],"class_list":["post-10398","post","type-post","status-publish","format-standard","has-post-thumbnail","category-690","category-no-mas-impunidad","category-no-mas-impunidad-no-mas-impunidad"],"_links":{"self":[{"href":"https:\/\/redsemlac.com\/semmexico\/wp-json\/wp\/v2\/posts\/10398","targetHints":{"allow":["GET"]}}],"collection":[{"href":"https:\/\/redsemlac.com\/semmexico\/wp-json\/wp\/v2\/posts"}],"about":[{"href":"https:\/\/redsemlac.com\/semmexico\/wp-json\/wp\/v2\/types\/post"}],"author":[{"embeddable":true,"href":"https:\/\/redsemlac.com\/semmexico\/wp-json\/wp\/v2\/users\/3"}],"replies":[{"embeddable":true,"href":"https:\/\/redsemlac.com\/semmexico\/wp-json\/wp\/v2\/comments?post=10398"}],"version-history":[{"count":0,"href":"https:\/\/redsemlac.com\/semmexico\/wp-json\/wp\/v2\/posts\/10398\/revisions"}],"wp:featuredmedia":[{"embeddable":true,"href":"https:\/\/redsemlac.com\/semmexico\/wp-json\/wp\/v2\/media\/10399"}],"wp:attachment":[{"href":"https:\/\/redsemlac.com\/semmexico\/wp-json\/wp\/v2\/media?parent=10398"}],"wp:term":[{"taxonomy":"category","embeddable":true,"href":"https:\/\/redsemlac.com\/semmexico\/wp-json\/wp\/v2\/categories?post=10398"},{"taxonomy":"post_tag","embeddable":true,"href":"https:\/\/redsemlac.com\/semmexico\/wp-json\/wp\/v2\/tags?post=10398"}],"curies":[{"name":"wp","href":"https:\/\/api.w.org\/{rel}","templated":true}]}}