{"id":103951,"date":"2026-03-23T07:51:54","date_gmt":"2026-03-23T13:51:54","guid":{"rendered":"https:\/\/redsemlac.com\/semmexico\/?p=103951"},"modified":"2026-03-23T07:51:55","modified_gmt":"2026-03-23T13:51:55","slug":"la-opinion-triples-desapariciones-los-misterios-de-las-fosas-de-jojutla","status":"publish","type":"post","link":"https:\/\/redsemlac.com\/semmexico\/la-opinion-triples-desapariciones-los-misterios-de-las-fosas-de-jojutla\/","title":{"rendered":"La opini\u00f3n| Triples desapariciones: Los misterios de las fosas de Jojutla"},"content":{"rendered":"\n<p class=\"wp-block-paragraph\">Rosalva A\u00edda Hern\u00e1ndez Castillo*<\/p>\n\n\n\n<p class=\"wp-block-paragraph\">SemM\u00e9xico, Cuernavaca, Morelos, 23 de marzo, 2026.- El pr\u00f3ximo lunes 23 de marzo se iniciar\u00e1 en el pante\u00f3n Municipal Pedro Amaro de Jojutla, la quinta jornada de exhumaciones en la fosa com\u00fan estatal, en donde han sido enterrados de manera clandestina m\u00e1s de 200 cuerpos. Gracias a las denuncias y a la presi\u00f3n pol\u00edtica de los colectivos de familiares de personas desaparecidas de Morelos, sali\u00f3 a la luz p\u00fablica el uso que se ha hecho de fosas comunes estatales para ocultar cuerpos.&nbsp;<\/p>\n\n\n\n<p class=\"wp-block-paragraph\">&nbsp;Primero fue Tetelcingo en el 2016, donde fueron encontrados 119 cuerpos enterrados de manera \u201cirregular\u201d, la mayor\u00eda de ellos sin carpetas de investigaci\u00f3n, ni pruebas gen\u00e9ticas, algunos de ellos vestidos y maniatados, envueltos en cobijas, sin haber seguido ning\u00fan protocolo forense y de los cuales solo 15 han sido identificadas.<\/p>\n\n\n\n<p class=\"wp-block-paragraph\">Posteriormente, en el 2017 se supo que algo parecido suced\u00eda en las fosas comunes de Jojutla, y empez\u00f3 una lucha por parte de las familias por exhumar y regresar a casa a quienes hab\u00edan sido desaparecidos por las burocracias forenses. Han sido nueve a\u00f1os de lucha, por lograr exhumar a quienes a\u00fan contin\u00faan en la fosa com\u00fan y por identificar a las 226 personas que ya han sido exhumadas.A lo largo de cinco jornadas de exhumaciones realizadas en el 2017, 2022, 2024 y 2025, se han encontrado m\u00e1s de dos centenares de cuerpos, y nadie ha dado respuestas claras sobre el c\u00f3mo llegaron esos cuerpos a estas fosas estatales y por qu\u00e9 la mayor\u00eda no tiene carpetas de investigaci\u00f3n. El eufemismo de fosas \u201cirregulares\u201d oculta delitos que nadie ha querido investigar.<\/p>\n\n\n\n<p class=\"wp-block-paragraph\">En mi libro <em>Exhumar la Esperanza<\/em> (<a href=\"https:\/\/iwgia.org\/es\/recursos\/publicaciones\/5844-exhumar-la-esperanza-una-etnograf%C3%ADa-feminista-en-el-pa%C3%ADs-de-las-fosas.html\">https:\/\/iwgia.org\/es\/recursos\/publicaciones\/5844-exhumar-la-esperanza-una-etnograf%C3%ADa-feminista-en-el-pa%C3%ADs-de-las-fosas.html<\/a>) documento como se han dado estas dobles y triples desapariciones: personas que fueron desaparecidas al ser enviadas a una fosa com\u00fan sin ning\u00fan registro; desaparecidas al ser exhumadas de nuevo y no ser identificadas; desaparecidas para la justicia al no investigarse sus muertes y probablemente desaparecidas para sus familias que no saben d\u00f3nde quedaron.<\/p>\n\n\n\n<p class=\"wp-block-paragraph\">Pero los colectivos de b\u00fasqueda se han convertido en sus defensores, demandando su identificaci\u00f3n y supervisando las exhumaciones. Quienes hemos visto a estas madres, hermanas y esposas de personas desaparecidas supervisar estos procesos de exhumaci\u00f3n, nos hemos sorprendido ante su fuerza f\u00edsica y emocional, que les permite permanecer bajo el sol, vestidas con esos trajes hechos de fibras sint\u00e9ticas que evitan la penetraci\u00f3n de bacterias, pero que a la vez intensifican el calor corporal. Aparte del trauma emocional que implica la desaparici\u00f3n de un familiar, estas mujeres deciden supervisar los procesos de exhumaci\u00f3n, porque no conf\u00edan en que el personal forense gubernamental trate con dignidad a las personas muertas, entre quienes podr\u00edan estar sus hijos o hijas.<\/p>\n\n\n\n<p class=\"wp-block-paragraph\">&nbsp;&nbsp;&nbsp;&nbsp;&nbsp;&nbsp;&nbsp;&nbsp;&nbsp;&nbsp;&nbsp; Ah\u00ed est\u00e1n de nuevo los seis colectivos de Morelos prepar\u00e1ndose para una quinta jornada. En esta ocasi\u00f3n demandan transparencia total en los procesos; que se haga un plan integral de exhumaci\u00f3n completa de estas fosas; que las comisiones estatal y nacional de derechos humanos presenten los informes pendientes; que paralelamente a las exhumaciones se avance en los procesos de identificaci\u00f3n y que la fiscal\u00eda estatal redoble esfuerzos para identificar los cuerpos e investigar los hechos que hicieron posibles estos entierros clandestinos; que la Fiscal\u00eda General de la Rep\u00fablica dialogue con las familias y asuma las responsabilidades que les corresponden.<\/p>\n\n\n\n<p class=\"wp-block-paragraph\">&nbsp;Se vienen cinco semanas de trabajo duro para los colectivos de b\u00fasqueda, que seguir\u00e1n cuidando la dignidad de las personas muertas a pie de fosa. Esta tarea solo tendr\u00e1 sentido si el Estado cumple con la parte que le corresponde identificando a las personas ya exhumadas y a quienes falta por exhumar y aclarando los misterios que hay alrededor de lo que llaman \u201cirregularidades\u201d.<\/p>\n\n\n\n<p class=\"wp-block-paragraph\"><strong>*Rosalva A\u00edda Hern\u00e1ndez Castillo \u200b es una antrop\u00f3loga mexicana, distinguida con el premio LASA\/Oxfam Martin Diskin Memorial Award y reconocida por su trabajo por la defensa de los derechos de las mujeres y los pueblos ind\u00edgenas en Am\u00e9rica Latina.\u200b\u200b<\/strong><\/p>\n","protected":false},"excerpt":{"rendered":"<p>Rosalva A\u00edda Hern\u00e1ndez Castillo* SemM\u00e9xico, Cuernavaca, Morelos, 23 de marzo, 2026.- El pr\u00f3ximo lunes 23 de marzo se iniciar\u00e1 en el pante\u00f3n Municipal Pedro Amaro de Jojutla, la quinta jornada de exhumaciones en la fosa com\u00fan estatal, en donde han sido enterrados de manera clandestina m\u00e1s de 200 cuerpos. Gracias a las denuncias y a [&hellip;]<\/p>\n","protected":false},"author":3,"featured_media":103910,"comment_status":"open","ping_status":"open","sticky":false,"template":"","format":"standard","meta":{"_monsterinsights_skip_tracking":false,"footnotes":""},"categories":[36,110,35,1151],"tags":[],"class_list":["post-103951","post","type-post","status-publish","format-standard","has-post-thumbnail","category-columnistas","category-la-opinion-columnas","category-opinion","category-rosalva-aida-hernandez-castillo"],"_links":{"self":[{"href":"https:\/\/redsemlac.com\/semmexico\/wp-json\/wp\/v2\/posts\/103951","targetHints":{"allow":["GET"]}}],"collection":[{"href":"https:\/\/redsemlac.com\/semmexico\/wp-json\/wp\/v2\/posts"}],"about":[{"href":"https:\/\/redsemlac.com\/semmexico\/wp-json\/wp\/v2\/types\/post"}],"author":[{"embeddable":true,"href":"https:\/\/redsemlac.com\/semmexico\/wp-json\/wp\/v2\/users\/3"}],"replies":[{"embeddable":true,"href":"https:\/\/redsemlac.com\/semmexico\/wp-json\/wp\/v2\/comments?post=103951"}],"version-history":[{"count":0,"href":"https:\/\/redsemlac.com\/semmexico\/wp-json\/wp\/v2\/posts\/103951\/revisions"}],"wp:featuredmedia":[{"embeddable":true,"href":"https:\/\/redsemlac.com\/semmexico\/wp-json\/wp\/v2\/media\/103910"}],"wp:attachment":[{"href":"https:\/\/redsemlac.com\/semmexico\/wp-json\/wp\/v2\/media?parent=103951"}],"wp:term":[{"taxonomy":"category","embeddable":true,"href":"https:\/\/redsemlac.com\/semmexico\/wp-json\/wp\/v2\/categories?post=103951"},{"taxonomy":"post_tag","embeddable":true,"href":"https:\/\/redsemlac.com\/semmexico\/wp-json\/wp\/v2\/tags?post=103951"}],"curies":[{"name":"wp","href":"https:\/\/api.w.org\/{rel}","templated":true}]}}