{"id":103948,"date":"2026-03-23T19:32:16","date_gmt":"2026-03-24T01:32:16","guid":{"rendered":"https:\/\/redsemlac.com\/semmexico\/?p=103948"},"modified":"2026-03-24T15:47:59","modified_gmt":"2026-03-24T21:47:59","slug":"violeta-del-anahuac-hector-contreras-organista","status":"publish","type":"post","link":"https:\/\/redsemlac.com\/semmexico\/violeta-del-anahuac-hector-contreras-organista\/","title":{"rendered":"Violeta del An\u00e1huac| H\u00e9ctor Contreras Organista"},"content":{"rendered":"\n<p class=\"wp-block-paragraph\">Isabel Ortega Morales<\/p>\n\n\n\n<p class=\"wp-block-paragraph\">SemM\u00e9xico, Tlapa, Guerrero, 23 de marzo, 2026.- Por las calles de Chilpancingo la figura de H\u00e9ctor Contreras Organista no solo caminaba, hac\u00eda un registro con su aguda mirada de ese presente que se transformaba y \u00e9l registraba cual si fuera un cronista de la Capital.<\/p>\n\n\n\n<p class=\"wp-block-paragraph\">La vida de H\u00e9ctor est\u00e1 asociada a la historia de medios de esta capital de Guerrero. Aliado de empresarios de medios participa activamente con Don H\u00e9ctor Garc\u00eda Cant\u00fa en el proyecto del Diario de Guerrero y en el que impuls\u00f3 el Zihuatanejo, hoy Diario de Zihuatanejo.<\/p>\n\n\n\n<p class=\"wp-block-paragraph\">Pero como buen periodista, no empresario, los medios que con sus propios recursos econ\u00f3micos fund\u00f3, no lograron colocarse en el diarismo por los altos costos que implicaba su publicaci\u00f3n, entre ellos el m\u00e1s representativo de su impulso \u201cCosmos\u201d, adem\u00e1s de \u201cSiete D\u00eda en la Noticia\u201d. Fue Corresponsal de Medios Nacionales como Ovaciones y Heraldo.<\/p>\n\n\n\n<p class=\"wp-block-paragraph\">Combina su pluma con su voz y se convierte en locutor certificado en 1967. Como locutor trabaja en la primera estaci\u00f3n de radio instalada en Chilpancingo, la XELI, fundada por los hermanos Carre\u00f3n y manejada por don Hermilo Castorena Noriega y su hijo Miguel \u00c1ngel Alfonso (Miki) Castorena Tenorio; posteriormente realiza de manera exitosa programas tem\u00e1ticos en Radio Guerrero.<\/p>\n\n\n\n<p class=\"wp-block-paragraph\">Se convierte en un impulsor de la Enciclopedia Guerrerense que fue respaldada por el Gobierno Estatal y con una estrecha coordinaci\u00f3n con don Hermilo Castorena, el Notario Juan Pablo Leyva y C\u00f3rdova, as\u00ed como por el Profesor Jaime Sol\u00eds.<\/p>\n\n\n\n<p class=\"wp-block-paragraph\">A partir de ah\u00ed realiza semblanzas de personajes de Guerrero, sobre todo de Chilpancingo y realiza una importante recopilaci\u00f3n de historias de Mujeres publicadas en su libro \u201cChilpanchingonas\u201d.<\/p>\n\n\n\n<p class=\"wp-block-paragraph\">Destaca en el acopio de datos sobre la primera Feria del pa\u00eds, la Feria de Navidad y A\u00f1o Nuevo proclamada por el General Nicol\u00e1s Bravo, as\u00ed como en el rescate de las danzas del estado.<\/p>\n\n\n\n<p class=\"wp-block-paragraph\">En su libro Yo soy el tlacololero recopila las historias cotidianas de una Capital que se mueve entre la cultura y la pol\u00edtica, pero buscando incidir en un concepto de identidad guerrerense m\u00e1s all\u00e1 del Guerrero bronco.<\/p>\n\n\n\n<p class=\"wp-block-paragraph\">H\u00e9ctor tocaba la guitarra. Me dijo que le ayud\u00f3, junto con su profundo respeto por su creencia religiosa, a superar problemas, uno de ellos, me dijo, de tal fuerza que arrodill\u00f3 su voluntad.<\/p>\n\n\n\n<p class=\"wp-block-paragraph\">Pero se levant\u00f3 y ayud\u00f3 con su experiencia a quienes no recib\u00edan mayor atenci\u00f3n y siendo un personaje, facilit\u00f3 la comprensi\u00f3n del tema.<\/p>\n\n\n\n<p class=\"wp-block-paragraph\">H\u00e9ctor, como padre de familia busc\u00f3 que sus hijas e hijos tuvieran fortalezas.<\/p>\n\n\n\n<p class=\"wp-block-paragraph\">H\u00e9ctor Contreras dirigi\u00f3 el SNRP (Sindicato Nacional de Redactores de la Prensa) Delegaci\u00f3n XVII y se mantuvo cerca de esa organizaci\u00f3n gremial.<\/p>\n\n\n\n<p class=\"wp-block-paragraph\">Este s\u00e1bado 21 de marzo muri\u00f3 a los 80 a\u00f1os de edad. Sin duda parte dejando un gran legado que permitir\u00e1 que su nombre no desaparezca y se le recuerde caminando por estas calles de Chilpancingo registrando los nuevos cap\u00edtulos de su historia que las nuevas generaciones escribir\u00e1n. Descansa en paz apreciado amigo.<\/p>\n\n\n\n<p class=\"wp-block-paragraph\"><\/p>\n","protected":false},"excerpt":{"rendered":"<p>Isabel Ortega Morales SemM\u00e9xico, Tlapa, Guerrero, 23 de marzo, 2026.- Por las calles de Chilpancingo la figura de H\u00e9ctor Contreras Organista no solo caminaba, hac\u00eda un registro con su aguda mirada de ese presente que se transformaba y \u00e9l registraba cual si fuera un cronista de la Capital. La vida de H\u00e9ctor est\u00e1 asociada a [&hellip;]<\/p>\n","protected":false},"author":3,"featured_media":38576,"comment_status":"open","ping_status":"open","sticky":false,"template":"","format":"standard","meta":{"_monsterinsights_skip_tracking":false,"footnotes":""},"categories":[198,35,197],"tags":[],"class_list":["post-103948","post","type-post","status-publish","format-standard","has-post-thumbnail","category-isabel-ortega-morales","category-opinion","category-violeta-del-anahuac"],"_links":{"self":[{"href":"https:\/\/redsemlac.com\/semmexico\/wp-json\/wp\/v2\/posts\/103948","targetHints":{"allow":["GET"]}}],"collection":[{"href":"https:\/\/redsemlac.com\/semmexico\/wp-json\/wp\/v2\/posts"}],"about":[{"href":"https:\/\/redsemlac.com\/semmexico\/wp-json\/wp\/v2\/types\/post"}],"author":[{"embeddable":true,"href":"https:\/\/redsemlac.com\/semmexico\/wp-json\/wp\/v2\/users\/3"}],"replies":[{"embeddable":true,"href":"https:\/\/redsemlac.com\/semmexico\/wp-json\/wp\/v2\/comments?post=103948"}],"version-history":[{"count":0,"href":"https:\/\/redsemlac.com\/semmexico\/wp-json\/wp\/v2\/posts\/103948\/revisions"}],"wp:featuredmedia":[{"embeddable":true,"href":"https:\/\/redsemlac.com\/semmexico\/wp-json\/wp\/v2\/media\/38576"}],"wp:attachment":[{"href":"https:\/\/redsemlac.com\/semmexico\/wp-json\/wp\/v2\/media?parent=103948"}],"wp:term":[{"taxonomy":"category","embeddable":true,"href":"https:\/\/redsemlac.com\/semmexico\/wp-json\/wp\/v2\/categories?post=103948"},{"taxonomy":"post_tag","embeddable":true,"href":"https:\/\/redsemlac.com\/semmexico\/wp-json\/wp\/v2\/tags?post=103948"}],"curies":[{"name":"wp","href":"https:\/\/api.w.org\/{rel}","templated":true}]}}