{"id":103946,"date":"2026-03-23T19:31:26","date_gmt":"2026-03-24T01:31:26","guid":{"rendered":"https:\/\/redsemlac.com\/semmexico\/?p=103946"},"modified":"2026-03-23T19:31:27","modified_gmt":"2026-03-24T01:31:27","slug":"la-opinion-la-vision-del-general","status":"publish","type":"post","link":"https:\/\/redsemlac.com\/semmexico\/la-opinion-la-vision-del-general\/","title":{"rendered":"La opini\u00f3n| La visi\u00f3n del General"},"content":{"rendered":"\n<p class=\"wp-block-paragraph\">Miguel \u00c1ngel Gonz\u00e1lez S\u00e1nchez de Armas<\/p>\n\n\n\n<p class=\"wp-block-paragraph\">Final del formulario<\/p>\n\n\n\n<p class=\"wp-block-paragraph\">SemM\u00e9xico, Cd. de M\u00e9xico, 23 de marzo, 2026.-<\/p>\n\n\n\n<p class=\"wp-block-paragraph\">Han pasado 88 a\u00f1os desde aquel viernes 18 de marzo de 1938 cuando a las 10 de la noche el presidente L\u00e1zaro C\u00e1rdenas ley\u00f3 el decreto de expropiaci\u00f3n de la industria petrolera extranjera en el Sal\u00f3n Amarillo de Palacio Nacional.<\/p>\n\n\n\n<p class=\"wp-block-paragraph\">La radio del Departamento Aut\u00f3nomo de Prensa y Publicidad llev\u00f3 el mensaje a todo el pa\u00eds. La medida fue tan inesperada que cuando los periodistas se presentaron en la embajada de Estados Unidos en la colonia Ju\u00e1rez a pedir una reacci\u00f3n, encontraron dormido al embajador Josephus Daniels. El agregado pol\u00edtico andaba de paseo en Cuernavaca. La noticia tard\u00f3 en ser recogida por la prensa extranjera. El ej\u00e9rcito tuvo el fin de semana para tomar sin violencia las instalaciones de las empresas y minar los pozos para incendiarlos en el momento en que el primer&nbsp;<em>marine&nbsp;<\/em>pisara suelo mexicano.<\/p>\n\n\n\n<p class=\"wp-block-paragraph\">C\u00e1rdenas se retir\u00f3 a Los Pinos y ah\u00ed despert\u00f3 al ni\u00f1o Cuauht\u00e9moc para tomarse fotograf\u00edas con \u00e9l en la biblioteca. El gesto revela la tensi\u00f3n de su \u00e1nimo. Vicente Lombardo Toledano lleg\u00f3 a la Universidad Obrera y exclam\u00f3 que no tardaban en aparecer los acorazados yanquis e ingleses en los puertos del Golfo y del Pac\u00edfico. En Washington, el embajador Francisco Castillo N\u00e1jera le dijo a Jes\u00fas Silva Herzog: \u201cSi hay expropiaci\u00f3n, hay ca\u00f1onazos\u201d.<\/p>\n\n\n\n<p class=\"wp-block-paragraph\">En la legaci\u00f3n brit\u00e1nica,&nbsp;<em>Sir&nbsp;<\/em>Owen St. Clair O\u2019Malley, el pacato ingl\u00e9s que viv\u00eda en confusi\u00f3n mental por su trato con los mexicanos, decidi\u00f3 reclamar por el da\u00f1o a la&nbsp;<em>Mexican Eagle Company<\/em>&nbsp;del vizconde Cowdray, Weetman Pearson -cuyas riquezas en el An\u00e1huac le ganaron el mote de \u201cMember for Mexico\u201d en el Parlamento- y poco despu\u00e9s el secretario de Relaciones Exteriores Eduardo Hay le pag\u00f3 la suma groseramente reclamada y le anunci\u00f3 el rompimiento de relaciones con la&nbsp;<em>p\u00e9rfida Albi\u00f3n<\/em>. El soponcio fue tal que al d\u00eda de hoy no se lo curan: la&nbsp;<em>Encyclopaedia Britannica<\/em>&nbsp;sigue sosteniendo que fueron \u201cellos\u201d quienes retiraron al ministro y no los levantiscos mexicanos quienes lo pusieron de patitas en la calle. En Westminster en la ribera del T\u00e1mesis, el parlamentario James Maxton pidi\u00f3 a Chamberlain comunicarse con el gobierno mexicano para decirle que sus tribunales \u201cno deben tomar decisiones sin antes consultar al gobierno de Su Majestad.\u201d&nbsp;<em>\u00a1Cheers!<\/em><\/p>\n\n\n\n<p class=\"wp-block-paragraph\">A mediados de los ochenta Luis Gonz\u00e1lez y Gonz\u00e1lez dijo que el episodio de la expropiaci\u00f3n era el m\u00e1s estudiado de nuestra historia moderna. Waldo Frank escribi\u00f3 que s\u00f3lo dos dirigentes de su tiempo hab\u00edan pulsado y comprendido cabalmente la ra\u00edz de sus pueblos: Gandhi y C\u00e1rdenas, hoy dos personajes con el m\u00e1s alto nivel de recordaci\u00f3n popular.<\/p>\n\n\n\n<p class=\"wp-block-paragraph\">Igual que otras grandes figuras, C\u00e1rdenas tuvo y tiene adeptos y detractores. Hubo quienes lo aclamaron hasta colocarlo en un nivel casi m\u00edtico, mientras que otros juzgaron su gobierno y su liderazgo un fracaso completo. Yo veo en C\u00e1rdenas a un hombre genial y primigenio cuya vida p\u00fablica estuvo montada, como agudamente observ\u00f3 Cos\u00edo Villegas, \u201cen el macizo pilote del instinto\u201d.<\/p>\n\n\n\n<p class=\"wp-block-paragraph\">Ocho decenios y ocho a\u00f1os m\u00e1s tarde, la expropiaci\u00f3n sigue viva en el imaginario social mexicano, pero la empresa en que se ancl\u00f3 el modelo econ\u00f3mico postrevolucionario es un lastre. Dej\u00f3 de ser el s\u00edmbolo de la soberan\u00eda recuperada para transformarse en una maquinaria fatigada que consume m\u00e1s de lo que produce. Carlos Elizondo Mayer-Serra cree que ya no es una cuesti\u00f3n petrolera sino fiscal. Y Arturo Herrera advirti\u00f3 que la presi\u00f3n sobre las finanzas nacionales reduce el margen de decisi\u00f3n del pa\u00eds entero.<\/p>\n\n\n\n<p class=\"wp-block-paragraph\">Al expropiar en vez de intervenir administrativamente a la industria, C\u00e1rdenas tom\u00f3 una decisi\u00f3n de Estado en las circunstancias particulares del M\u00e9xico de entonces y las tensiones geopol\u00edticas de aquel mundo. Pero sus sucesores -por razones sin duda profundas y complejas- no abordaron el problema con una visi\u00f3n semejante. \u00bfSe equivoc\u00f3 el General? Las opiniones est\u00e1n divididas. Lo cierto es que 14 presidentes y una presidenta despu\u00e9s, Pemex ha sido desde bandera pol\u00edtica hasta muro de lamentos. Pero no ha sido transformado.<\/p>\n\n\n\n<p class=\"wp-block-paragraph\">La expropiaci\u00f3n de 1938 precipit\u00f3 una crisis que puso a M\u00e9xico&nbsp;y a Estados Unidos al borde de un conflicto armado. En paralelo se desat\u00f3 una guerra de propaganda&nbsp;que hoy parece reeditada en razones migratorias, econ\u00f3micas y del crimen transnacional. En aquel tiempo las petroleras buscaban debilitar y eventualmente derrocar al gobierno del general C\u00e1rdenas, para sustituirlo con un r\u00e9gimen favorable a sus intereses. Hoy se pretende poner a M\u00e9xico al servicio de las pol\u00edticas internacionales de la doctrina llamada \u201cMAGA\u201d,&nbsp;<em>whatever that means<\/em>.<\/p>\n\n\n\n<p class=\"wp-block-paragraph\">En 1938 el gobierno mexicano oper\u00f3 contracampa\u00f1as que fueron exitosas si se considera el contexto pol\u00edtico de la \u00e9poca y la desigualdad de recursos de que dispon\u00edan las partes. \u00bfC\u00f3mo explicar que la propaganda de las petroleras no hubiera logrado sus objetivos profundos ni en Estados Unidos ni en M\u00e9xico mientras que las estrategias mexicanas provocaron movilizaciones masivas que el propio embajador estadounidense reconoci\u00f3 nunca haber visto antes? La encuesta Gallup, entonces en su cuarto a\u00f1o, no registr\u00f3 el tema de la expropiaci\u00f3n entre los intereses populares de Estados Unidos en 1938.<\/p>\n\n\n\n<p class=\"wp-block-paragraph\">No hay una respuesta un\u00edvoca ni sencilla. Pero una clave est\u00e1 en la diferencia intr\u00ednseca de la propaganda de las partes. La mexicana estaba basada en una ideolog\u00eda y en una visi\u00f3n de naci\u00f3n, en tanto que las petroleras nunca pudieron apelar a nada m\u00e1s que la defensa de sus intereses econ\u00f3micos. Este fen\u00f3meno parece repetirse hoy.<\/p>\n\n\n\n<p class=\"wp-block-paragraph\">Bien que sigamos conmemorando la expropiaci\u00f3n. Pero estudiar aquella guerra de propaganda puede ayudar a entender mejor una de las facetas del actual escenario. Frente a la amenaza del norte, una herramienta es una pol\u00edtica de comunicaci\u00f3n que genere apoyo popular interno y, en Estados Unidos, despierte adhesiones. Partidarios no nos faltar\u00edan si se convocan inteligentemente. Tenemos la red consular m\u00e1s extendida en aquel territorio. Esos consulados pueden ser centros activos de articulaci\u00f3n pol\u00edtica y social, capaces de movilizar a las comunidades mexicanas, construir alianzas, orientar el sentido de la conversaci\u00f3n p\u00fablica y construir agendas, sin violentar las reglas diplom\u00e1ticas. Tambi\u00e9n necesitamos a un Castillo N\u00e1jera en Washington.<\/p>\n","protected":false},"excerpt":{"rendered":"<p>Miguel \u00c1ngel Gonz\u00e1lez S\u00e1nchez de Armas Final del formulario SemM\u00e9xico, Cd. de M\u00e9xico, 23 de marzo, 2026.- Han pasado 88 a\u00f1os desde aquel viernes 18 de marzo de 1938 cuando a las 10 de la noche el presidente L\u00e1zaro C\u00e1rdenas ley\u00f3 el decreto de expropiaci\u00f3n de la industria petrolera extranjera en el Sal\u00f3n Amarillo de [&hellip;]<\/p>\n","protected":false},"author":3,"featured_media":83682,"comment_status":"open","ping_status":"open","sticky":false,"template":"","format":"standard","meta":{"_monsterinsights_skip_tracking":false,"footnotes":""},"categories":[82,110,35],"tags":[],"class_list":["post-103946","post","type-post","status-publish","format-standard","has-post-thumbnail","category-la-opinion","category-la-opinion-columnas","category-opinion"],"_links":{"self":[{"href":"https:\/\/redsemlac.com\/semmexico\/wp-json\/wp\/v2\/posts\/103946","targetHints":{"allow":["GET"]}}],"collection":[{"href":"https:\/\/redsemlac.com\/semmexico\/wp-json\/wp\/v2\/posts"}],"about":[{"href":"https:\/\/redsemlac.com\/semmexico\/wp-json\/wp\/v2\/types\/post"}],"author":[{"embeddable":true,"href":"https:\/\/redsemlac.com\/semmexico\/wp-json\/wp\/v2\/users\/3"}],"replies":[{"embeddable":true,"href":"https:\/\/redsemlac.com\/semmexico\/wp-json\/wp\/v2\/comments?post=103946"}],"version-history":[{"count":0,"href":"https:\/\/redsemlac.com\/semmexico\/wp-json\/wp\/v2\/posts\/103946\/revisions"}],"wp:featuredmedia":[{"embeddable":true,"href":"https:\/\/redsemlac.com\/semmexico\/wp-json\/wp\/v2\/media\/83682"}],"wp:attachment":[{"href":"https:\/\/redsemlac.com\/semmexico\/wp-json\/wp\/v2\/media?parent=103946"}],"wp:term":[{"taxonomy":"category","embeddable":true,"href":"https:\/\/redsemlac.com\/semmexico\/wp-json\/wp\/v2\/categories?post=103946"},{"taxonomy":"post_tag","embeddable":true,"href":"https:\/\/redsemlac.com\/semmexico\/wp-json\/wp\/v2\/tags?post=103946"}],"curies":[{"name":"wp","href":"https:\/\/api.w.org\/{rel}","templated":true}]}}