{"id":103938,"date":"2026-03-23T19:10:21","date_gmt":"2026-03-24T01:10:21","guid":{"rendered":"https:\/\/redsemlac.com\/semmexico\/?p=103938"},"modified":"2026-03-23T19:10:22","modified_gmt":"2026-03-24T01:10:22","slug":"experto-de-naciones-unidas-insta-a-mexico-a-impulsar-urgentemente-acciones-de-justicia-ambiental-en-materia-de-sustancias-toxicas","status":"publish","type":"post","link":"https:\/\/redsemlac.com\/semmexico\/experto-de-naciones-unidas-insta-a-mexico-a-impulsar-urgentemente-acciones-de-justicia-ambiental-en-materia-de-sustancias-toxicas\/","title":{"rendered":"Experto de Naciones Unidas insta a M\u00e9xico a impulsar urgentemente acciones de justicia ambiental en materia de sustancias t\u00f3xicas"},"content":{"rendered":"\n<p class=\"wp-block-paragraph\">Han proliferado zonas de sacrificio a lo largo del pa\u00eds, con motivo del crecimiento industrial: Marcos Orellana, Relator Especial<\/p>\n\n\n\n<p class=\"wp-block-paragraph\">Redacci\u00f3n&nbsp;<\/p>\n\n\n\n<p class=\"wp-block-paragraph\">SemM\u00e9xico\/Noticias ONU, Ciudad de M\u00e9xico 23 de marzo, 2026. &#8211; M\u00e9xico ha demostrado un liderazgo crucial a nivel internacional en cuestiones sobre sustancias t\u00f3xicas y derechos humanos, pero deber\u00eda abordar la brecha entre este liderazgo global y los retos que enfrenta el pa\u00eds a nivel interno.<br>&nbsp;<br>\u201cPreocupa que han proliferado zonas de sacrificio a lo largo del pa\u00eds, con motivo del crecimiento industrial\u201d, dijo Marcos Orellana, Relator Especial sobre sustancias t\u00f3xicas y derechos humanos, en una&nbsp;declaraci\u00f3n&nbsp;al fin de su visita al pa\u00eds.<br>&nbsp;<br>\u201cEs alentador ver que el Gobierno ha reconocido este desaf\u00edo con el establecimiento de regiones de emergencia sanitaria y ambiental (RESA). Este reconocimiento deber\u00eda conducir a pol\u00edticas y acciones concretas para atender estas emergencias, incluyendo planes de justicia ambiental\u201d, dijo Orellana.<br>&nbsp;<br>M\u00e9xico ha aplicado recursos sustanciales en estudiar el impacto t\u00f3xico que enfrentan un buen n\u00famero de regiones y sectores productivos. El experto se\u00f1al\u00f3 que resulta clave que las evidencias de estos estudios cient\u00edficos informen una pol\u00edtica p\u00fablica orientada a asegurar los derechos fundamentales de las personas. La articulaci\u00f3n de los principios de prevenci\u00f3n, de precauci\u00f3n, y de responsabilidad integral son cruciales, agreg\u00f3.<br>&nbsp;<br>M\u00e9xico ha aumentado sus importaciones de desechos en los \u00faltimos a\u00f1os. \u201cBajo el r\u00f3tulo algo eufem\u00edstico de co-procesamiento, estos residuos son quemados como combustible barato para la industria\u201d, afirm\u00f3 el Relator Especial, alertando que esta situaci\u00f3n externaliza los costos reales. &nbsp;\u201cEn definitiva, el combustible barato resulta caro para la salud de la gente\u201d. \u201cQuemar residuos es el punto final de una econom\u00eda lineal, y es una pr\u00e1ctica enteramente contrapuesta a una econom\u00eda circular\u201d, asegur\u00f3.<br>&nbsp;<br>M\u00e9xico ha hecho avances en fortalecer el marco regulatorio ambiental, y es vital que el pa\u00eds continue en esa senda. Orellana enfatiz\u00f3 que falta una ley general de sustancias qu\u00edmicas y una ley general sobre plaguicidas altamente peligrosos.<br>&nbsp;<br>El marco normativo tambi\u00e9n debe ir acompa\u00f1ado por pol\u00edticas p\u00fablicas de corto, mediano y largo plazo, dijo el experto.&nbsp; \u201cEs urgente que el Estado garantice el cumplimiento de las leyes vigentes y establezca mecanismos claros de coordinaci\u00f3n entre autoridades a nivel federal, estatal y municipal, especialmente entre las de salud y las ambientales\u201d.<br>&nbsp;<br>El relator Especial resalt\u00f3 que el Poder Judicial Federal ha tenido un rol preponderante en garantizar el acceso a la justicia de las comunidades afectadas por sustancias t\u00f3xicas, en particular relacionado con la contaminaci\u00f3n del agua.&nbsp; Destacan criterios relevantes en la jurisprudencia de la Suprema Corte de Justicia sobre la legitimaci\u00f3n activa para acceder al juicio de amparo y la carga din\u00e1mica de la prueba, que aliento a que se contin\u00faen fortaleciendo. Tambi\u00e9n destac\u00f3 el esfuerzo del Poder Judicial en entablar di\u00e1logos con los Pueblos Ind\u00edgenas.<br>&nbsp;<br>Orellana acogi\u00f3 con satisfacci\u00f3n los esfuerzos de las autoridades hacia la plena aplicaci\u00f3n del Acuerdo de Escaz\u00fa, incluyendo a trav\u00e9s de la elaboraci\u00f3n de una hoja de ruta robusta. El Acuerdo de Escaz\u00fa es un instrumento igualador de asimetr\u00edas a favor de los derechos del pueblo.<br>&nbsp;<br>&nbsp;\u201cEl respeto al derecho humano a un medio ambiente libre de t\u00f3xicos es piedra angular de un futuro de paz y prosperidad para los pueblos\u201d, enfatiz\u00f3 el experto.<br><br>FIN<br><br><strong><em>*El experto:<\/em><\/strong><em>&nbsp;<strong>Marcos A. Orellana,&nbsp;<\/strong><\/em><a href=\"https:\/\/onunoticias.us4.list-manage.com\/track\/click?u=4818fde9fa44352c65c9b6ae8&amp;id=e80322e495&amp;e=64df5a9669\" target=\"_blank\" rel=\"noreferrer noopener\"><em>Relator E<\/em><\/a><\/p>\n","protected":false},"excerpt":{"rendered":"<p>Han proliferado zonas de sacrificio a lo largo del pa\u00eds, con motivo del crecimiento industrial: Marcos Orellana, Relator Especial Redacci\u00f3n&nbsp; SemM\u00e9xico\/Noticias ONU, Ciudad de M\u00e9xico 23 de marzo, 2026. &#8211; M\u00e9xico ha demostrado un liderazgo crucial a nivel internacional en cuestiones sobre sustancias t\u00f3xicas y derechos humanos, pero deber\u00eda abordar la brecha entre este liderazgo [&hellip;]<\/p>\n","protected":false},"author":3,"featured_media":103939,"comment_status":"open","ping_status":"open","sticky":false,"template":"","format":"standard","meta":{"_monsterinsights_skip_tracking":false,"footnotes":""},"categories":[53],"tags":[],"class_list":["post-103938","post","type-post","status-publish","format-standard","has-post-thumbnail","category-internacional"],"_links":{"self":[{"href":"https:\/\/redsemlac.com\/semmexico\/wp-json\/wp\/v2\/posts\/103938","targetHints":{"allow":["GET"]}}],"collection":[{"href":"https:\/\/redsemlac.com\/semmexico\/wp-json\/wp\/v2\/posts"}],"about":[{"href":"https:\/\/redsemlac.com\/semmexico\/wp-json\/wp\/v2\/types\/post"}],"author":[{"embeddable":true,"href":"https:\/\/redsemlac.com\/semmexico\/wp-json\/wp\/v2\/users\/3"}],"replies":[{"embeddable":true,"href":"https:\/\/redsemlac.com\/semmexico\/wp-json\/wp\/v2\/comments?post=103938"}],"version-history":[{"count":0,"href":"https:\/\/redsemlac.com\/semmexico\/wp-json\/wp\/v2\/posts\/103938\/revisions"}],"wp:featuredmedia":[{"embeddable":true,"href":"https:\/\/redsemlac.com\/semmexico\/wp-json\/wp\/v2\/media\/103939"}],"wp:attachment":[{"href":"https:\/\/redsemlac.com\/semmexico\/wp-json\/wp\/v2\/media?parent=103938"}],"wp:term":[{"taxonomy":"category","embeddable":true,"href":"https:\/\/redsemlac.com\/semmexico\/wp-json\/wp\/v2\/categories?post=103938"},{"taxonomy":"post_tag","embeddable":true,"href":"https:\/\/redsemlac.com\/semmexico\/wp-json\/wp\/v2\/tags?post=103938"}],"curies":[{"name":"wp","href":"https:\/\/api.w.org\/{rel}","templated":true}]}}