{"id":103925,"date":"2026-03-23T19:07:13","date_gmt":"2026-03-24T01:07:13","guid":{"rendered":"https:\/\/redsemlac.com\/semmexico\/?p=103925"},"modified":"2026-03-23T19:07:14","modified_gmt":"2026-03-24T01:07:14","slug":"virtuosas-del-oboe-y-el-piano-interpretan-piezas-de-mujeres-compositoras-de-diferentes-epocas","status":"publish","type":"post","link":"https:\/\/redsemlac.com\/semmexico\/virtuosas-del-oboe-y-el-piano-interpretan-piezas-de-mujeres-compositoras-de-diferentes-epocas\/","title":{"rendered":"Virtuosas del oboe y el piano interpretan piezas de mujeres compositoras de diferentes \u00e9pocas"},"content":{"rendered":"\n<p class=\"wp-block-paragraph\"><em>\u00b7El programa incluy\u00f3 estrenos musicales; destac\u00f3 \u201c\u00c1rbol de agua\u201d, de la mexicana Judith Alejandra<\/em><\/p>\n\n\n\n<p class=\"wp-block-paragraph\"><em>Redacci\u00f3n&nbsp;<\/em><\/p>\n\n\n\n<p class=\"wp-block-paragraph\">SemM\u00e9xico, Cd. de M\u00e9xico, 23 de marzo, 2026.-Con el concierto \u201cMujeres. M\u00fasica para oboe y piano\u201d, las artistas Carmen Thierry y Mar\u00eda Teresa Frenk rindieron un homenaje, en la Antigua Casona de Xicot\u00e9ncatl, a destacadas compositoras de diferentes etapas y lugares del mundo, cuyas obras han enriquecido la m\u00fasica de concierto.<\/p>\n\n\n\n<p class=\"wp-block-paragraph\">En el oboe, Carmen Thierry, y en el piano, Mar\u00eda Teresa Frenk, interpretaron de forma magistral piezas de Clara Schumann, C\u00e9cile Chaminade, Amy Beach, Madeleine Dring y Judith Alejandra en un recital, organizado por la Junta de Coordinaci\u00f3n Pol\u00edtica, que resalt\u00f3 la diversidad del lenguaje musical y la sensibilidad femenina.<\/p>\n\n\n\n<p class=\"wp-block-paragraph\">Las artistas iniciaron el recorrido musical con \u201cTres romanzas, Op. 2\u201d de la alemana Clara Schuman; que dio paso a la interpretaci\u00f3n de Mar\u00eda Teresa Frenk en el piano con las obras Elevation, Op. 76 n\u00fam. 2 de la francesa, C\u00e9cile Chaminade, as\u00ed como la pieza \u201cA Hermit Trush at Morn\u201d de la estadounidense, Amy Beach.<\/p>\n\n\n\n<p class=\"wp-block-paragraph\">Con motivo de los 50 a\u00f1os del fallecimiento del ingl\u00e9s, Benjamin Britten, la artista Carmen Thierry ejecut\u00f3 la obra \u201cSix Metamorphoses after Ovid\u201d inspirada en los poemas mitol\u00f3gicos Pan, Phaeton, Niobe, Bacchus, Narcissus y Arethusa.&nbsp;&nbsp;<\/p>\n\n\n\n<p class=\"wp-block-paragraph\">M\u00e1s adelante, Frenk y Thierry interpretaron a la compositora inglesa Madeleine Dring con \u201cThree Piece Suite\u201d, y estrenaron la pieza \u201c\u00c1rbol de agua\u201d, de la compositora Judith Alejandra, para despedir la velada musical con \u201cGaya\u201d, de Madeleine Dring.<\/p>\n\n\n\n<p class=\"wp-block-paragraph\">Carmen Thierry es integrante del grupo de Concertistas de Bellas Artes y es la primera obo\u00edsta en titularse en licenciatura y posgrado en M\u00e9xico por la Universidad Nacional Aut\u00f3noma de M\u00e9xico (UNAM), con una s\u00f3lida trayectoria nacional e internacional. Ha sido reconocida con la medalla Sor Juana In\u00e9s de la Cruz y ha desarrollado una importante labor como int\u00e9rprete, docente y promotora de m\u00fasica.<\/p>\n\n\n\n<p class=\"wp-block-paragraph\">Mar\u00eda Teresa Frenk es una pianista de amplia trayectoria art\u00edstica y acad\u00e9mica, formada en el Conservatorio Nacional de M\u00fasica y en la Hochschule der K\u00fcnste de Berl\u00edn. Ha sido solista con las principales orquestas del pa\u00eds, adem\u00e1s de ser parte importante de la formaci\u00f3n musical en M\u00e9xico y en la UNAM.<\/p>\n","protected":false},"excerpt":{"rendered":"<p>\u00b7El programa incluy\u00f3 estrenos musicales; destac\u00f3 \u201c\u00c1rbol de agua\u201d, de la mexicana Judith Alejandra Redacci\u00f3n&nbsp; SemM\u00e9xico, Cd. de M\u00e9xico, 23 de marzo, 2026.-Con el concierto \u201cMujeres. M\u00fasica para oboe y piano\u201d, las artistas Carmen Thierry y Mar\u00eda Teresa Frenk rindieron un homenaje, en la Antigua Casona de Xicot\u00e9ncatl, a destacadas compositoras de diferentes etapas y [&hellip;]<\/p>\n","protected":false},"author":3,"featured_media":103926,"comment_status":"open","ping_status":"open","sticky":false,"template":"","format":"standard","meta":{"_monsterinsights_skip_tracking":false,"footnotes":""},"categories":[748],"tags":[],"class_list":["post-103925","post","type-post","status-publish","format-standard","has-post-thumbnail","category-cultura-feminista"],"_links":{"self":[{"href":"https:\/\/redsemlac.com\/semmexico\/wp-json\/wp\/v2\/posts\/103925","targetHints":{"allow":["GET"]}}],"collection":[{"href":"https:\/\/redsemlac.com\/semmexico\/wp-json\/wp\/v2\/posts"}],"about":[{"href":"https:\/\/redsemlac.com\/semmexico\/wp-json\/wp\/v2\/types\/post"}],"author":[{"embeddable":true,"href":"https:\/\/redsemlac.com\/semmexico\/wp-json\/wp\/v2\/users\/3"}],"replies":[{"embeddable":true,"href":"https:\/\/redsemlac.com\/semmexico\/wp-json\/wp\/v2\/comments?post=103925"}],"version-history":[{"count":0,"href":"https:\/\/redsemlac.com\/semmexico\/wp-json\/wp\/v2\/posts\/103925\/revisions"}],"wp:featuredmedia":[{"embeddable":true,"href":"https:\/\/redsemlac.com\/semmexico\/wp-json\/wp\/v2\/media\/103926"}],"wp:attachment":[{"href":"https:\/\/redsemlac.com\/semmexico\/wp-json\/wp\/v2\/media?parent=103925"}],"wp:term":[{"taxonomy":"category","embeddable":true,"href":"https:\/\/redsemlac.com\/semmexico\/wp-json\/wp\/v2\/categories?post=103925"},{"taxonomy":"post_tag","embeddable":true,"href":"https:\/\/redsemlac.com\/semmexico\/wp-json\/wp\/v2\/tags?post=103925"}],"curies":[{"name":"wp","href":"https:\/\/api.w.org\/{rel}","templated":true}]}}