{"id":103913,"date":"2026-03-23T15:57:08","date_gmt":"2026-03-23T21:57:08","guid":{"rendered":"https:\/\/redsemlac.com\/semmexico\/?p=103913"},"modified":"2026-03-23T15:57:09","modified_gmt":"2026-03-23T21:57:09","slug":"alfa-omega-la-reforma-electoral-llega-de-la-chingada","status":"publish","type":"post","link":"https:\/\/redsemlac.com\/semmexico\/alfa-omega-la-reforma-electoral-llega-de-la-chingada\/","title":{"rendered":"Alfa Omega|\u00a0La Reforma Electoral Llega de La Chingada"},"content":{"rendered":"\n<p class=\"wp-block-paragraph\"><em>Herencia Enfocada a Liquidar la Democracia<\/em><\/p>\n\n\n\n<p class=\"wp-block-paragraph\"><em>CSP Sin Operadores Ni Consejeros Juristas<\/em><\/p>\n\n\n\n<p class=\"wp-block-paragraph\"><em>Aparecieron \u201cLos Fantasmas del Pasado\u201d<\/em><\/p>\n\n\n\n<p class=\"wp-block-paragraph\">Jorge Herrera Valenzuela<\/p>\n\n\n\n<p class=\"wp-block-paragraph\"><em>SemM\u00e9xico, Cd. de M\u00e9xico, 23 de marzo, 2026.- S\u00e1bado 21, aniversario 218 del natalicio del oaxaque\u00f1o Benito Ju\u00e1rez, pol\u00edtico de aut\u00e9nticas ra\u00edces ind\u00edgenas, autor de la Restauraci\u00f3n de la Rep\u00fablica y un presidente que trabaj\u00f3 con verdaderos patriotas.<\/em><\/p>\n\n\n\n<p class=\"wp-block-paragraph\"><em>Lunes 23, balas asesinas, hace 32, a\u00f1os cortaron la vida de Luis Donaldo Colosio Murrieta, sonorense que iba en pos de la Presidencia de M\u00e9xico. Crimen sin soluci\u00f3n.<\/em><strong><em>&nbsp;<\/em><\/strong><\/p>\n\n\n\n<p class=\"wp-block-paragraph\">Si la gobernante de los Estados Unidos Mexicanos no advierte sus errores, la supuesta popularidad que le adjudican, se va al vac\u00edo por continuar la l\u00ednea pol\u00edtica de quien la puso en Palacio Nacional.<\/p>\n\n\n\n<p class=\"wp-block-paragraph\">Olvidemos que fueron 36 millones de votos a su favor. Poco a poco se conocen detalles del porque esa abultada cantidad de electores sufragaron por ella.&nbsp;<\/p>\n\n\n\n<p class=\"wp-block-paragraph\">Los que dicen estar enterados, \u201cde buena fuente\u201d, hablan de que, las huestes del C\u00e1rtel Jalisco Nueva Generaci\u00f3n movilizaron a mujeres y hombres, en las entidades donde ten\u00edan influencia, para que votaran a favor de la candidata morenista.<\/p>\n\n\n\n<p class=\"wp-block-paragraph\">Sin presentar pruebas, ni las habr\u00e1, se asegura que esa organizaci\u00f3n criminal aport\u00f3 20 millones de pesos para la campa\u00f1a pol\u00edtico-electoral. Tampoco existen testimonios de los supuestos votantes acarreados.<\/p>\n\n\n\n<p class=\"wp-block-paragraph\">Debemos admitir que la Reforma Electoral es una herencia cien por ciento del presidente tabasque\u00f1o, empecinado en actuar como \u201cjefe m\u00e1ximo del cuatrote\u00edsmo\u201d y que ser\u00e1, desde el \u00e1ngulo que se mire, una de las manchas m\u00e1s negras que recaer\u00e1 en la imagen del sexenio de Claudia Sheinbaum Pardo.<\/p>\n\n\n\n<p class=\"wp-block-paragraph\">El hecho de haber puesto al frente de la comisi\u00f3n presidencial al desprestigiado izquierdista Pablo G\u00f3mez \u00c1lvarez, incondicional del tabasque\u00f1o, es la prueba irrefutable que la Primera Presidenta cumpli\u00f3 con \u00f3rdenes salidas del rancho \u201cLa Chingada\u201d.<\/p>\n\n\n\n<p class=\"wp-block-paragraph\">Es muy f\u00e1cil, desde\u00f1ando las cr\u00edticas y ninguneando a la ciudadan\u00eda, asegurar que \u201cse cumple con el pueblo\u201d al presentar el proyecto de Reforma Electoral.<\/p>\n\n\n\n<p class=\"wp-block-paragraph\">Falso que eso fundamente la redacci\u00f3n de la iniciativa presidencial y peor que se valide la versi\u00f3n de que la presidenta Sheinbaum Pardo, act\u00faa como operadora del el tabasque\u00f1o.<\/p>\n\n\n\n<p class=\"wp-block-paragraph\">Nadie duda de sus conocimientos como cient\u00edfica, adquiridos en la UNAM y reforzados en planteles norteamericanos, pero la se\u00f1ora CSP carece de experiencia pol\u00edtica, no tiene conocimientos del Derecho Electoral. No creo que apruebe el m\u00e1s de los sencillos ex\u00e1menes, acad\u00e9micos, de esa materia.<\/p>\n\n\n\n<p class=\"wp-block-paragraph\"><strong>VA, \u00a1PORQUE\u2026 VA!<\/strong><\/p>\n\n\n\n<p class=\"wp-block-paragraph\">La orden tabasque\u00f1a es muy clara y precisa. No hubo tiempo entre el 2018 y el 2024, pero ahora\u2026&nbsp; \u00a1s\u00ed!<\/p>\n\n\n\n<p class=\"wp-block-paragraph\">La votaci\u00f3n no alcanz\u00f3 para dar vida al proyecto \u201cque naci\u00f3 muerto\u201d y se aplica la pol\u00edtica morenista, presentando un \u201cplan b\u201d (no merece may\u00fasculas) para asestar un golpe m\u00e1s al sistema democr\u00e1tico.<\/p>\n\n\n\n<p class=\"wp-block-paragraph\">El trabajo de Pablo G\u00f3mez \u00c1lvarez carece del conceso nacional. Los llamados \u201crepresentantes populares\u201d, los diputados morenistas, mayoritariamente exPRIistas, jam\u00e1s acudieron a sus distritos para dialogar con los electores. Los integrantes del \u201cComit\u00e9 Presidencial\u201d, fueron exclusivamente morenistas. Los legisladores quedaron advertidos de no quitar ni una coma a la iniciativa.<\/p>\n\n\n\n<p class=\"wp-block-paragraph\">No se invit\u00f3 a los dirigentes obreros, a los l\u00edderes campesinos, a los secretarios de organizaciones sindicales y sociales. Obvio menos pensaron en tener la opini\u00f3n de empresarios, industriales, banqueros, intelectuales y acad\u00e9micos.<\/p>\n\n\n\n<p class=\"wp-block-paragraph\">Todo eso no import\u00f3 ni quit\u00f3 el sue\u00f1o a la presidenta Sheinbaum Pardo. Tardar\u00e1 mucho tiempo, a\u00f1os, para que comprenda no el triste papel que juega sino el da\u00f1o que le hace al Pa\u00eds forjado con la Reforma Liberal del 57 con Benito Ju\u00e1rez, el sacrificio de Francisco I. Madero y el Constituyente de 1917 de Venustiano Carranza.<\/p>\n\n\n\n<p class=\"wp-block-paragraph\">Qu\u00e9 puede esperarse de un pol\u00edtico como Pablo G\u00f3mez \u00c1lvarez, pionero de los diputados plurinominales, supuesto activista contra la existencia del monopartidismo pol\u00edtico, impulsor de los principios del Partido Comunista Mexicano. En el siglo pasado exig\u00eda transparencia en las elecciones, hoy lucha por restarle la autonom\u00eda e independencia al Instituto Nacional Electoral.<\/p>\n\n\n\n<p class=\"wp-block-paragraph\"><strong>D\u00d3NDE EST\u00c1N CONSEJEROS Y ASESORES<\/strong><\/p>\n\n\n\n<p class=\"wp-block-paragraph\">Se\u00f1ora Presidenta: ese cerebro que supuestamente usted nombr\u00f3 para presidir los trabajos de la Comisi\u00f3n Presidencial de la Reforma Electoral, es el mismo que vocifer\u00f3 contra el sistema del Revolucionario Institucional y ahora propone un \u201cpartido en que la gente pueda elegir, a sus candidatos, no a trav\u00e9s de las dirigencias partidistas <strong>que est\u00e1n alejadas de los electores<\/strong>\u201d.<\/p>\n\n\n\n<p class=\"wp-block-paragraph\">G\u00f3mez \u00c1lvarez es un bur\u00f3crata de la pol\u00edtica. Dice estar en contra del nepotismo y de eso lo se\u00f1alaron cuantas veces tuvo en las n\u00f3minas oficiales a toda su familia. Es economista, no abogado.<\/p>\n\n\n\n<p class=\"wp-block-paragraph\">\u00bfPor qu\u00e9, la presidenta, no recurri\u00f3 a estudiosos en Derecho Electoral?<\/p>\n\n\n\n<p class=\"wp-block-paragraph\">\u00bfA qui\u00e9nes?<\/p>\n\n\n\n<p class=\"wp-block-paragraph\">A los doctores Francisco Berl\u00edn Valenzuela, pionero en la materia y fundador de una Academia de Derecho Electoral. Al jurisconsulto Diego Valad\u00e9s R\u00edos y a la ameritada maestra Mar\u00eda Marv\u00e1n Laborde y al catedr\u00e1tico Jes\u00fas Orozco, as\u00ed como a los expertos juristas Jes\u00fas Anl\u00e9n L\u00f3pez y Jos\u00e9 El\u00edas Romero Apis.<\/p>\n\n\n\n<p class=\"wp-block-paragraph\">\u00bfPor qu\u00e9 no?<\/p>\n\n\n\n<p class=\"wp-block-paragraph\">Simple y sencillamente, porque ellos no se prestan para hacer lo contrario a lo que ense\u00f1an en las aulas, como el doctor y l\u00edder de los diputados de la 4T, el zacatecano que presume dar c\u00e1tedra en la Facultad de Derecho de la UNAM.<\/p>\n\n\n\n<p class=\"wp-block-paragraph\">Pudieron contratar a los miembros de tres reconocidos despachos de especialistas en Derecho Electoral:&nbsp; los Hermanos Reyes Sol\u00eds, Praetorum Abogados Electorales y Morales &amp; Morales.<\/p>\n\n\n\n<p class=\"wp-block-paragraph\">&nbsp;Do\u00f1a Claudia saldr\u00e1 adelante con el \u201cplan b\u201d (\u00bfde bodrio?) que podr\u00eda llegar hasta el plan zeta. Las \u00f3rdenes, como se dice en la milicia, \u00a1se cumplen, no se discuten!<\/p>\n\n\n\n<p class=\"wp-block-paragraph\">As\u00ed que para el 2027 y el 2030 \u201c<strong>Va, \u00a1porque va!<\/strong>\u201d.<\/p>\n\n\n\n<p class=\"wp-block-paragraph\">Nos guste o no nos gustes, el escritor e historiador, retirado de la pol\u00edtica, es qui\u00e9n dirige una desafinada orquesta sinf\u00f3nica nacional.<\/p>\n\n\n\n<p class=\"wp-block-paragraph\">Cu\u00e1nta falta le hacen a do\u00f1a Claudia los consejeros presidenciales, el equipo de expertos en las diversas materias administrativas, jur\u00eddicas, t\u00e9cnicas, sociales, culturales y, principalmente, pol\u00edticas. Jes\u00fas Ram\u00edrez Cuevas cobra como \u201ccoordinador de asesores\u201d. \u00c9l, ha dicho que solo cumple \u00f3rdenes del hu\u00e9sped de \u201cLa Chingada\u201d.<\/p>\n\n\n\n<p class=\"wp-block-paragraph\">Los operadores, los encargados de la concertaci\u00f3n de opiniones, los del trabajo \u201cdebajo de la mesa\u201d, debieran ser, aunque digan lo contrario, la importante misi\u00f3n de L\u00e1zaro C\u00e1rdenas Batel, jefe de la Oficina de la Presidencia, incluye asesorar a la titular del Ejecutivo.<\/p>\n\n\n\n<p class=\"wp-block-paragraph\"><strong>APARECIERON LOS FANTASMAS<\/strong><\/p>\n\n\n\n<p class=\"wp-block-paragraph\">En las \u00e9pocas del PRIismo, 71 a\u00f1os en la vida pol\u00edtica, a los que eran disidentes a los gobiernos, les llamaron \u201c<strong>emisarios del pasado<\/strong>\u201d, pol\u00edticos marginados, olvidados, que deber\u00edan estar silenciosos. Hoy son opositores con plenos derechos ciudadanos.<\/p>\n\n\n\n<p class=\"wp-block-paragraph\">El lunes 2 de este marzo loco, en la intrascendente ma\u00f1anera presidencial, desde Palacio Nacional atravesaron las paredes del Sal\u00f3n Tesorer\u00eda <strong>Los Fantasmas del Pasado<\/strong>, nada parecidos a los \u201cfantasmas burlones\u201d, Tin T\u00e1n y su hermano El Loco, acompa\u00f1ando en pel\u00edculas a las hermosas Marga L\u00f3pez y Ana Luisa Peluffo.<\/p>\n\n\n\n<p class=\"wp-block-paragraph\">Solo que no se trata de \u201cFantasmas\u201d ni pertenecen al pasado.<\/p>\n\n\n\n<p class=\"wp-block-paragraph\"><strong>EL PREP Y LA SOBREREPRESENTACI\u00d3N<\/strong><\/p>\n\n\n\n<p class=\"wp-block-paragraph\">Esos fantasmas, est\u00e1n vivitos y activos en la pol\u00edtica: el defe\u00f1o <strong>Diego Fern\u00e1ndez Cevallos Ramos, <\/strong>el sinaloense <strong>Francisco Labastida Ochoa <\/strong>y el sonorense <strong>Manlio Fabio Beltrones Rivera<\/strong>. Los dos primeros fueron candidatos presidenciales.<\/p>\n\n\n\n<p class=\"wp-block-paragraph\">Ese tr\u00edo se inclin\u00f3 por la subsistencia del Programa de Resultados Electorales Preliminares, el PREP, elaborado en las casillas una vez conocidas las actas de escrutinio y apoya una mayor credibilidad a los resultados finales.<\/p>\n\n\n\n<p class=\"wp-block-paragraph\">Declararon no estar de acuerdo con la Sobrerepresentaci\u00f3n, al momento de la asignaci\u00f3n de diputados. Se crea la mayor\u00eda para los morenistas, sumando los votos de sus aliados.<\/p>\n\n\n\n<p class=\"wp-block-paragraph\">&nbsp;Este tema provoc\u00f3 contrariedad entre los descendientes del tabasque\u00f1o y de la misma Claudia Sheinbaum Pardo, al circular el libro titulado \u201cLa Inconstitucionalidad de la Sobrerepresentaci\u00f3n excesiva en el Congreso de la Uni\u00f3n\u201d. Estudios de 17 juristas, coordinados por los maestros Diego Valad\u00e9s, Mar\u00eda Marv\u00e1n y Jes\u00fas Orozco. La edici\u00f3n es de la UNAM.<\/p>\n\n\n\n<p class=\"wp-block-paragraph\"><strong>SOLITOS SE DEFIENDEN<\/strong><\/p>\n\n\n\n<p class=\"wp-block-paragraph\">Ninguno de los tres requiere defensa, porque cada uno tiene un sitio muy preciso en el medio pol\u00edtico. Natural, gozan de muchos seguidores y no son pocos los que siempre les lanzan dardos.<\/p>\n\n\n\n<p class=\"wp-block-paragraph\">Prestigiado por su trayectoria pol\u00edtica, acad\u00e9mica y de legislador, el economista Francisco Labastida Ochoa, emite juicios equilibrados, fundamentados, para dar respuesta cuando es requerido. Secretario de Gobernaci\u00f3n, Gobernador de Sinaloa, director general de Petr\u00f3leos Mexicanos.&nbsp;<\/p>\n\n\n\n<p class=\"wp-block-paragraph\">Referirme al economista y pol\u00edtico Manlio Fabio Beltrones Rivera es redactar una larga historia de todos sus andares, los que comenz\u00f3, seg\u00fan recuerdo, como secretario particular de don Fernando Guti\u00e9rrez Barrios, secretario de Gobernaci\u00f3n. Casi 40 a\u00f1os en la pol\u00edtica y actualmente senador, fuera de la bancada que coordina el guerrerense Manuel A\u00f1orve, por no coincidir con el dirigente nacional actual.<\/p>\n\n\n\n<p class=\"wp-block-paragraph\">Labastida Ochoa y Manlio Fabio son PRIistas de hueso tricolor como Augusto G\u00f3mez Villanueva y Jorge de la Vega Dom\u00ednguez.<\/p>\n\n\n\n<p class=\"wp-block-paragraph\"><strong>SE\u00d1ORA, NO DIGA BURRADAS<\/strong><\/p>\n\n\n\n<p class=\"wp-block-paragraph\">Desde siempre, quienes lo conocemos, sabemos que \u201cEl Jefe Diego\u201d es un pol\u00edtico-pol\u00edtico y mantiene su militancia en el Partido Acci\u00f3n Nacional, desde 1959.<\/p>\n\n\n\n<p class=\"wp-block-paragraph\">El lunes pasado, 16 de marzo, cumpli\u00f3 85 a\u00f1os de edad y permanece, activo, como el m\u00e1s controvertido pol\u00edtico opositor. H\u00e1bil tribuno y sarc\u00e1stico para enfrentarse a quien se le pone enfrente.<\/p>\n\n\n\n<p class=\"wp-block-paragraph\">Do\u00f1a CSP no sabe con qui\u00e9n se mete.<\/p>\n\n\n\n<p class=\"wp-block-paragraph\">Decir que Fern\u00e1ndez de Cevallos es hechura de Carlos Salinas de Gortari, es, simplemente, ignorar que el PANista llevaba ya 23 a\u00f1os en las lides pol\u00edticas cuando Salinas aparece en la escena oficial, en el gabinete de Miguel de la Madrid, como secretario de Programaci\u00f3n y Presupuesto.<\/p>\n\n\n\n<p class=\"wp-block-paragraph\">Si alguien sabe revirar y encender el fuego, es \u201cEl Jefe Diego\u201d.<\/p>\n\n\n\n<p class=\"wp-block-paragraph\">\u201c<strong>Se\u00f1ora Sheinbaum no sea tonta, no diga burradas<\/strong>\u201d. Nuestra Primera Presidenta debi\u00f3 estremecerse y seguro se le agit\u00f3 el h\u00edgado con esa frase que pasar\u00e1 a la historia.<\/p>\n\n\n\n<p class=\"wp-block-paragraph\">Fern\u00e1ndez de Cevallos a\u00f1adi\u00f3: \u201cyo no pude ser criado (de crear) por Salinas de Gortari, porque antes de que \u00e9l naciera, yo luchaba por la democracia <strong>que Usted <\/strong>(Claudia)<strong> destruye<\/strong>\u201d.<\/p>\n\n\n\n<p class=\"wp-block-paragraph\">Hubo m\u00e1s: \u201c<strong>Ella <\/strong>\u2013la presidenta- <strong>fue puesta en el cargo y es sirviente de su idolatrado Tartufo<\/strong>\u201d.<\/p>\n\n\n\n<p class=\"wp-block-paragraph\">Seg\u00fan el diccionario de la Real Academia, Tartufo, se aplica como calificativo a la persona que es \u201c<strong>hip\u00f3crita o falsa<\/strong>\u201d. Sin comentarios.<\/p>\n\n\n\n<p class=\"wp-block-paragraph\"><strong>jherrerav@live.com.mx<\/strong><\/p>\n","protected":false},"excerpt":{"rendered":"<p>Herencia Enfocada a Liquidar la Democracia CSP Sin Operadores Ni Consejeros Juristas Aparecieron \u201cLos Fantasmas del Pasado\u201d Jorge Herrera Valenzuela SemM\u00e9xico, Cd. de M\u00e9xico, 23 de marzo, 2026.- S\u00e1bado 21, aniversario 218 del natalicio del oaxaque\u00f1o Benito Ju\u00e1rez, pol\u00edtico de aut\u00e9nticas ra\u00edces ind\u00edgenas, autor de la Restauraci\u00f3n de la Rep\u00fablica y un presidente que trabaj\u00f3 [&hellip;]<\/p>\n","protected":false},"author":3,"featured_media":70219,"comment_status":"open","ping_status":"open","sticky":false,"template":"","format":"standard","meta":{"_monsterinsights_skip_tracking":false,"footnotes":""},"categories":[36,94,35],"tags":[],"class_list":["post-103913","post","type-post","status-publish","format-standard","has-post-thumbnail","category-columnistas","category-jorge-herrera-valenzuela","category-opinion"],"_links":{"self":[{"href":"https:\/\/redsemlac.com\/semmexico\/wp-json\/wp\/v2\/posts\/103913","targetHints":{"allow":["GET"]}}],"collection":[{"href":"https:\/\/redsemlac.com\/semmexico\/wp-json\/wp\/v2\/posts"}],"about":[{"href":"https:\/\/redsemlac.com\/semmexico\/wp-json\/wp\/v2\/types\/post"}],"author":[{"embeddable":true,"href":"https:\/\/redsemlac.com\/semmexico\/wp-json\/wp\/v2\/users\/3"}],"replies":[{"embeddable":true,"href":"https:\/\/redsemlac.com\/semmexico\/wp-json\/wp\/v2\/comments?post=103913"}],"version-history":[{"count":0,"href":"https:\/\/redsemlac.com\/semmexico\/wp-json\/wp\/v2\/posts\/103913\/revisions"}],"wp:featuredmedia":[{"embeddable":true,"href":"https:\/\/redsemlac.com\/semmexico\/wp-json\/wp\/v2\/media\/70219"}],"wp:attachment":[{"href":"https:\/\/redsemlac.com\/semmexico\/wp-json\/wp\/v2\/media?parent=103913"}],"wp:term":[{"taxonomy":"category","embeddable":true,"href":"https:\/\/redsemlac.com\/semmexico\/wp-json\/wp\/v2\/categories?post=103913"},{"taxonomy":"post_tag","embeddable":true,"href":"https:\/\/redsemlac.com\/semmexico\/wp-json\/wp\/v2\/tags?post=103913"}],"curies":[{"name":"wp","href":"https:\/\/api.w.org\/{rel}","templated":true}]}}