{"id":10390,"date":"2019-08-01T16:54:10","date_gmt":"2019-08-01T16:54:10","guid":{"rendered":"https:\/\/redsemlac.com\/semmexico\/?p=10390"},"modified":"2023-07-21T14:51:57","modified_gmt":"2023-07-21T19:51:57","slug":"ai-en-riesgo-libertad-de-expresion-en-mexico","status":"publish","type":"post","link":"https:\/\/redsemlac.com\/semmexico\/ai-en-riesgo-libertad-de-expresion-en-mexico\/","title":{"rendered":"AI: En riesgo libertad de expresi\u00f3n en M\u00e9xico"},"content":{"rendered":"\n<p class=\"wp-block-paragraph\"><strong>*\nPodr\u00edan ser un paso previo a la criminalizaci\u00f3n de la defensa de los derechos\nhumanos<\/strong><\/p>\n\n\n\n<p class=\"wp-block-paragraph\"><strong>*\nIniciativa de Tabasco una violaci\u00f3n a la libertad de expresi\u00f3n<\/strong><\/p>\n\n\n\n<p class=\"wp-block-paragraph\"><strong>Redacci\u00f3n<\/strong><\/p>\n\n\n\n<p class=\"wp-block-paragraph\">SemM\u00e9xico, Cd. de M\u00e9xico,\n1 agosto 2019.- Recientes acciones tomadas por gobiernos en distintos estados\nde M\u00e9xico ponen en riesgo la libertad de expresi\u00f3n y de reuni\u00f3n en el pa\u00eds y\npodr\u00edan ser un paso previo a la criminalizaci\u00f3n de la defensa de los derechos\nhumanos, afirm\u00f3 Amnist\u00eda Internacional.&nbsp;<\/p>\n\n\n\n<p class=\"wp-block-paragraph\">En el estado de Tabasco,\ndiputados locales&nbsp;aprobaron una reforma que criminaliza las\nmanifestaciones p\u00fablicas. La reforma establece prolongados periodos de prisi\u00f3n\ncomo pena por actos que busquen oponerse a alg\u00fan proyecto u obra p\u00fablica o\nprivada y tambi\u00e9n por realizar cierres de calles y otras v\u00edas de comunicaci\u00f3n.<\/p>\n\n\n\n<p class=\"wp-block-paragraph\">\u201cLa iniciativa legislativa\nen Tabasco permitir\u00eda al gobierno y a la iniciativa privada imponer\nmegaproyectos que, de afectar a los pobladores, los dejar\u00edan sin voz para\noponerse a ellos. Esto es una clara violaci\u00f3n a la libertad de expresi\u00f3n en\nM\u00e9xico. Adem\u00e1s, se criminalizar\u00eda a las personas que quisieran ejercer su\nderecho a la asamblea pac\u00edfica,\u201d dijo Erika Guevara Rosas, directora para las\nAm\u00e9ricas de Amnist\u00eda Internacional.&nbsp;<\/p>\n\n\n\n<p class=\"wp-block-paragraph\">La organizaci\u00f3n considera\nque la restricci\u00f3n est\u00e1 redactada en t\u00e9rminos tan amplios que, en los hechos,\nanular\u00eda la capacidad de las personas de reunirse y expresar libremente sus\nideas respecto a proyectos aprobados por el gobierno.<\/p>\n\n\n\n<p class=\"wp-block-paragraph\">Este tipo de ley ha sido\nusado en M\u00e9xico para inhibir indebidamente las manifestaciones y para\ncriminalizar a personas defensoras de derechos humanos.<\/p>\n\n\n\n<p class=\"wp-block-paragraph\">Desde 2016, el gobierno\nfederal ha usado ese tipo de delito para criminalizar a manifestantes pac\u00edficos\nque se opusieron a una obra de la Comisi\u00f3n Federal de Electricidad (CFE) en\nCuetzalan, en el estado de Puebla. Actualmente, la CFE est\u00e1 usando dicha\nacusaci\u00f3n penal para intentar forzar a la comunidad a aceptar la obra p\u00fablica.<\/p>\n\n\n\n<p class=\"wp-block-paragraph\">Por otro lado, el pasado viernes 26\nde julio, estudiantes y otras personas que se manifestaron en el estado de\nJalisco en contra de un anunciado aumento al costo del transporte p\u00fablico,\nreportaron la intervenci\u00f3n excesiva de las autoridades, incluyendo abuso de la\nfuerza por parte de agentes de polic\u00eda. Varios manifestantes fueron golpeados\nen circunstancias en las que no parec\u00edan representar un riesgo para ninguna\npersona y la reuni\u00f3n fue dispersada sin una clara justificaci\u00f3n.<\/p>\n\n\n\n<p class=\"wp-block-paragraph\">\u201cEstas acciones muestran la\nfragilidad del ejercicio de los derechos humanos en M\u00e9xico y la falta de\nvoluntad pol\u00edtica de los gobiernos para garantizar que las personas puedan\nexpresarse con libertad en contra de proyectos o pol\u00edticas impulsadas por las\nautoridades\u201d, dijo Tania Reneaum, directora ejecutiva de Amnist\u00eda Internacional\nM\u00e9xico.<\/p>\n\n\n\n<p class=\"wp-block-paragraph\">SEM\/sj<\/p>\n","protected":false},"excerpt":{"rendered":"<p>Podr\u00edan ser un paso previo a la criminalizaci\u00f3n de la defensa de los derechos humanos<\/p>\n","protected":false},"author":3,"featured_media":10393,"comment_status":"open","ping_status":"open","sticky":false,"template":"","format":"standard","meta":{"_monsterinsights_skip_tracking":false,"footnotes":""},"categories":[690,53],"tags":[],"class_list":["post-10390","post","type-post","status-publish","format-standard","has-post-thumbnail","category-690","category-internacional"],"_links":{"self":[{"href":"https:\/\/redsemlac.com\/semmexico\/wp-json\/wp\/v2\/posts\/10390","targetHints":{"allow":["GET"]}}],"collection":[{"href":"https:\/\/redsemlac.com\/semmexico\/wp-json\/wp\/v2\/posts"}],"about":[{"href":"https:\/\/redsemlac.com\/semmexico\/wp-json\/wp\/v2\/types\/post"}],"author":[{"embeddable":true,"href":"https:\/\/redsemlac.com\/semmexico\/wp-json\/wp\/v2\/users\/3"}],"replies":[{"embeddable":true,"href":"https:\/\/redsemlac.com\/semmexico\/wp-json\/wp\/v2\/comments?post=10390"}],"version-history":[{"count":0,"href":"https:\/\/redsemlac.com\/semmexico\/wp-json\/wp\/v2\/posts\/10390\/revisions"}],"wp:featuredmedia":[{"embeddable":true,"href":"https:\/\/redsemlac.com\/semmexico\/wp-json\/wp\/v2\/media\/10393"}],"wp:attachment":[{"href":"https:\/\/redsemlac.com\/semmexico\/wp-json\/wp\/v2\/media?parent=10390"}],"wp:term":[{"taxonomy":"category","embeddable":true,"href":"https:\/\/redsemlac.com\/semmexico\/wp-json\/wp\/v2\/categories?post=10390"},{"taxonomy":"post_tag","embeddable":true,"href":"https:\/\/redsemlac.com\/semmexico\/wp-json\/wp\/v2\/tags?post=10390"}],"curies":[{"name":"wp","href":"https:\/\/api.w.org\/{rel}","templated":true}]}}