{"id":103880,"date":"2026-03-20T14:20:22","date_gmt":"2026-03-20T20:20:22","guid":{"rendered":"https:\/\/redsemlac.com\/semmexico\/?p=103880"},"modified":"2026-03-20T14:20:23","modified_gmt":"2026-03-20T20:20:23","slug":"vinculan-a-proceso-a-exfuncionarias-guerrerenses-por-ayotzinapa","status":"publish","type":"post","link":"https:\/\/redsemlac.com\/semmexico\/vinculan-a-proceso-a-exfuncionarias-guerrerenses-por-ayotzinapa\/","title":{"rendered":"Vinculan a proceso a exfuncionarias guerrerenses por Ayotzinapa"},"content":{"rendered":"\n<ul class=\"wp-block-list\">\n<li>La jueza de control consider\u00f3 que hab\u00eda pruebas suficientes<\/li>\n\n\n\n<li>Ambas permanecer\u00e1n en prisi\u00f3n en el penal femenil de Santa Martha Acatitla<\/li>\n<\/ul>\n\n\n\n<p class=\"wp-block-paragraph\">Isabel Ortega Morales<\/p>\n\n\n\n<p class=\"wp-block-paragraph\">SemM\u00e9xico\/Ceprovysa, Chilpancingo, 20 de marzo, 2026.- Dos funcionarias del gobierno de \u00c1ngel Aguirre Rivero fueron vinculadas a proceso se\u00f1aladas de presunto involucramiento en la desaparici\u00f3n de los 43 estudiantes de Ayotzinapa en Iguala de 2014.<\/p>\n\n\n\n<p class=\"wp-block-paragraph\">Nora Ileana Garc\u00eda Peralta, jueza de Control del Centro de Justicia Penal Federal del Reclusorio Norte, en audiencia celebrada este mi\u00e9rcoles, consider\u00f3 que hab\u00eda pruebas suficientes para que, B.E. sea investigada por delitos contra la salud y a M. A. en los hechos del caso Ayotzinapa.<\/p>\n\n\n\n<p class=\"wp-block-paragraph\">Las funcionarias son mencionadas en la carpeta de investigaci\u00f3n FED\/FEMDH\/UILCA-CDMX\/000092\/2026 que inici\u00f3 la Unidad Especial de Investigaci\u00f3n y Litigaci\u00f3n para el Caso Ayotzinapa. Se les relaciona en la indagatoria de la p\u00e9rdida o destrucci\u00f3n de material videogr\u00e1fico que corresponde a las c\u00e1maras de seguridad 12 y 15 del Palacio de Justicia de Iguala que habr\u00eda grabado los hechos ocurridos en esa ciudad la noche y madrugada del 26 y 27 de septiembre y que deriv\u00f3 en la desaparici\u00f3n de los 43 estudiantes de la Normal Rural \u201cRa\u00fal Isidro Burgos\u201d de Ayotzinapa.<\/p>\n\n\n\n<p class=\"wp-block-paragraph\">Ambas funcionarias, detenidas el martes 10 del mes y a\u00f1o en curso en la ciudad de M\u00e9xico, permanecer\u00e1n en prisi\u00f3n en el penal femenil de Santa Martha Acatitla en CDMX. En tanto, la Jueza Garc\u00eda Peralta otorg\u00f3 un plazo de dos meses para la investigaci\u00f3n complementaria.<\/p>\n\n\n\n<p class=\"wp-block-paragraph\">Durante la audiencia, se se\u00f1al\u00f3 que B.E. fue encontrada en posesi\u00f3n de cinco cartuchos de arma de fuego de uso exclusivo del Ej\u00e9rcito, y tres cajas de medicamentos controlados, que derivan en delitos contra la salud en modalidad de posesi\u00f3n de psicotr\u00f3picos con fines de comercio.<\/p>\n\n\n\n<p class=\"wp-block-paragraph\">En la audiencia, la exsubprocuradora se\u00f1al\u00f3: \u201cSi en este momento los se\u00f1ores fiscales pidieran pena de muerte para m\u00ed y me colgaran de la Catedral, mucho servir\u00eda a los delincuentes, pero la se\u00f1ora M.A. tiene 83 a\u00f1os, es diab\u00e9tica, hipertensa y requiere de una alimentaci\u00f3n adecuada. Estamos durmiendo pr\u00e1cticamente en el suelo, con un colch\u00f3n para cuatro personas y ella tiene fractura de tibia y peron\u00e9\u201d.<\/p>\n\n\n\n<p class=\"wp-block-paragraph\">La audiencia entr\u00f3 en receso en varios momentos, entre otros motivos por datos de prueba que fueron rechazados, desde la revisi\u00f3n de material de c\u00e1maras de seguridad del momento de la detenci\u00f3n de las dos ex funcionaras de Guerrero, as\u00ed como por enfrentamientos verbales entre la jueza y los abogados de las detenidas que se\u00f1alaban inconsistencias, malas condiciones de salud de las detenidas as\u00ed como hacinamiento, incluso los abogados cuestionaron la formaci\u00f3n de la kueza que se ha desempe\u00f1ado como visitadora adjunta de Apoyo en Investigaci\u00f3n de la Comisi\u00f3n de Derechos Humanos de la Ciudad de M\u00e9xico, enlace de la Direcci\u00f3n de Vinculaci\u00f3n y Reparaciones Colectivas de la Comisi\u00f3n Ejecutiva de Atenci\u00f3n a V\u00edctimas y gan\u00f3 su Distrito Judicial para convertirse en Juez de Elecci\u00f3n Popular.<\/p>\n\n\n\n<p class=\"wp-block-paragraph\">Al finalizar la audiencia, la jueza pidi\u00f3 que las exfuncionarias detenidas fueran trasladadas en silla de ruedas, gir\u00f3 oficios al Reclusorio Norte y el Penal de Santa Martha para que les den atenciones necesarias, y se\u00f1al\u00f3 que ser\u00e1 un juez de ejecuci\u00f3n, y no ella, quien deba resolver las condiciones de las internas.<\/p>\n\n\n\n<p class=\"wp-block-paragraph\">SEM-Ceprovysa\/iom\/sj<\/p>\n","protected":false},"excerpt":{"rendered":"<p>Isabel Ortega Morales SemM\u00e9xico\/Ceprovysa, Chilpancingo, 20 de marzo, 2026.- Dos funcionarias del gobierno de \u00c1ngel Aguirre Rivero fueron vinculadas a proceso se\u00f1aladas de presunto involucramiento en la desaparici\u00f3n de los 43 estudiantes de Ayotzinapa en Iguala de 2014. Nora Ileana Garc\u00eda Peralta, jueza de Control del Centro de Justicia Penal Federal del Reclusorio Norte, en [&hellip;]<\/p>\n","protected":false},"author":3,"featured_media":103881,"comment_status":"open","ping_status":"open","sticky":false,"template":"","format":"standard","meta":{"_monsterinsights_skip_tracking":false,"footnotes":""},"categories":[48],"tags":[],"class_list":["post-103880","post","type-post","status-publish","format-standard","has-post-thumbnail","category-no-mas-impunidad-no-mas-impunidad"],"_links":{"self":[{"href":"https:\/\/redsemlac.com\/semmexico\/wp-json\/wp\/v2\/posts\/103880","targetHints":{"allow":["GET"]}}],"collection":[{"href":"https:\/\/redsemlac.com\/semmexico\/wp-json\/wp\/v2\/posts"}],"about":[{"href":"https:\/\/redsemlac.com\/semmexico\/wp-json\/wp\/v2\/types\/post"}],"author":[{"embeddable":true,"href":"https:\/\/redsemlac.com\/semmexico\/wp-json\/wp\/v2\/users\/3"}],"replies":[{"embeddable":true,"href":"https:\/\/redsemlac.com\/semmexico\/wp-json\/wp\/v2\/comments?post=103880"}],"version-history":[{"count":0,"href":"https:\/\/redsemlac.com\/semmexico\/wp-json\/wp\/v2\/posts\/103880\/revisions"}],"wp:featuredmedia":[{"embeddable":true,"href":"https:\/\/redsemlac.com\/semmexico\/wp-json\/wp\/v2\/media\/103881"}],"wp:attachment":[{"href":"https:\/\/redsemlac.com\/semmexico\/wp-json\/wp\/v2\/media?parent=103880"}],"wp:term":[{"taxonomy":"category","embeddable":true,"href":"https:\/\/redsemlac.com\/semmexico\/wp-json\/wp\/v2\/categories?post=103880"},{"taxonomy":"post_tag","embeddable":true,"href":"https:\/\/redsemlac.com\/semmexico\/wp-json\/wp\/v2\/tags?post=103880"}],"curies":[{"name":"wp","href":"https:\/\/api.w.org\/{rel}","templated":true}]}}