{"id":103878,"date":"2026-03-20T14:19:08","date_gmt":"2026-03-20T20:19:08","guid":{"rendered":"https:\/\/redsemlac.com\/semmexico\/?p=103878"},"modified":"2026-03-20T14:19:09","modified_gmt":"2026-03-20T20:19:09","slug":"la-opinion-la-sociedad-del-algoritmo","status":"publish","type":"post","link":"https:\/\/redsemlac.com\/semmexico\/la-opinion-la-sociedad-del-algoritmo\/","title":{"rendered":"La opini\u00f3n| La sociedad del algoritmo"},"content":{"rendered":"\n<ul class=\"wp-block-list\">\n<li>Desvirtuar la violencia digital contra mujeres<\/li>\n\n\n\n<li>El r\u00e9gimen se ha especializado en distorsionar las causas reales y vaciarlas<\/li>\n<\/ul>\n\n\n\n<p class=\"wp-block-paragraph\">Miguel \u00c1ngel Romero<\/p>\n\n\n\n<p class=\"wp-block-paragraph\">SemM\u00e9xico, Ciudad de M\u00e9xico, 20 de marzo, 2026.- Las democracias modernas enfrentan un desaf\u00edo cada vez m\u00e1s complejo: c\u00f3mo&nbsp;proteger a las personas en el espacio digital&nbsp;sin alterar la arquitectura del&nbsp;debate p\u00fablico. La pregunta parece t\u00e9cnica, pero en realidad introduce tambi\u00e9n un componente&nbsp;pol\u00edtico e ideol\u00f3gico, que se expresa de manera distinta seg\u00fan el contexto de cada pa\u00eds.<\/p>\n\n\n\n<p class=\"wp-block-paragraph\">M\u00e9xico, por ejemplo, acaba de ofrecer un ejemplo de ese dilema. La&nbsp;Secretar\u00eda de las Mujeres&nbsp;anunci\u00f3 un acuerdo voluntario con tres de las principales plataformas tecnol\u00f3gicas del mundo \u2014Google, Meta y TikTok\u2014 para coordinar acciones contra la&nbsp;violencia digital dirigida a mujeres. El convenio busca desarrollar mecanismos de detecci\u00f3n, prevenci\u00f3n y retiro de contenidos que constituyan&nbsp;agresiones en l\u00ednea.<\/p>\n\n\n\n<p class=\"wp-block-paragraph\">El diagn\u00f3stico que lo sustenta resulta evidente y preocupante: millones de mujeres enfrentan campa\u00f1as de&nbsp;hostigamiento digital, amenazas, difusi\u00f3n de im\u00e1genes \u00edntimas o acoso sistem\u00e1tico en redes sociales. El entorno digital amplifica la&nbsp;violencia de g\u00e9nero&nbsp;con una velocidad y una escala que las instituciones tradicionales apenas comienzan a comprender.<\/p>\n\n\n\n<p class=\"wp-block-paragraph\">Si bien las democracias necesitan respuestas frente a ese fen\u00f3meno, M\u00e9xico resulta no ser un buen ejemplo para atajarlo. La especialidad de la autodenominada&nbsp;Cuarta Transformaci\u00f3n&nbsp;ha sido, seg\u00fan sus cr\u00edticos, secuestrar causas sociales para distorsionarlas. La violencia hacia la mujer es una de ellas: se conserva el nombre, pero se modifican sus mecanismos hasta que terminan sirviendo para lo contrario de lo que promet\u00edan.<\/p>\n\n\n\n<p class=\"wp-block-paragraph\">Regular el espacio digital implica intervenir en la infraestructura donde hoy ocurre el debate p\u00fablico. Las&nbsp;plataformas digitales&nbsp;concentran buena parte de la conversaci\u00f3n pol\u00edtica contempor\u00e1nea. Cada decisi\u00f3n sobre moderaci\u00f3n de contenido, cada protocolo de remoci\u00f3n y cada canal de coordinaci\u00f3n entre gobiernos y empresas modifica los incentivos que determinan qu\u00e9 informaci\u00f3n circula y cu\u00e1l desaparece.<\/p>\n\n\n\n<p class=\"wp-block-paragraph\">Tan s\u00f3lo horas despu\u00e9s de firmar el acuerdo, el activista&nbsp;Miguel Alfonso Meza, presidente de la organizaci\u00f3n Defensorxs y coordinador del proyecto Narcopol\u00edticos, denunci\u00f3 que su cuenta de Instagram fue eliminada. Entre sus publicaciones m\u00e1s recientes estaban las que se\u00f1alaban a la jueza de Chihuahua&nbsp;Silvia Roc\u00edo Delgado&nbsp;de haber sido parte del equipo legal de Joaqu\u00edn \u201cEl Chapo\u201d Guzm\u00e1n.<\/p>\n\n\n\n<p class=\"wp-block-paragraph\">Ese tipo de coincidencias retrata el dilema central de la gobernanza digital contempor\u00e1nea. Despu\u00e9s de ser tendencia en redes sociales, el activista logr\u00f3 recuperar su cuenta. Sin embargo, ha sido objeto de persecuci\u00f3n institucional luego de que el&nbsp;Tribunal Electoral del Poder Judicial de la Federaci\u00f3n&nbsp;emitiera una resoluci\u00f3n en la que lo obliga a disculparse por los se\u00f1alamientos de quien \u2014gracias a la reforma judicial\u2014 hoy es jueza pero antes fue abogada de un l\u00edder del narcotr\u00e1fico.<\/p>\n\n\n\n<p class=\"wp-block-paragraph\">Con esa misma bandera, la de combatir la violencia hacia las mujeres, las instituciones mexicanas han promovido actos que cr\u00edticos consideran cercanos a la censura. En agosto de 2025, el&nbsp;Tribunal Electoral de Campeche&nbsp;orden\u00f3 a los periodistas Jes\u00fas Hubert Carrera Pal\u00ed, Abraham Mart\u00ednez Caamal y Carlos Ernesto Mart\u00ednez Caamal emitir disculpas p\u00fablicas a la gobernadora&nbsp;Layda Sansores. Otro caso alcanz\u00f3 al periodista Jorge Gonz\u00e1lez Valdez, a quien un juez orden\u00f3 cerrar el portal Tribuna y le impuso dos a\u00f1os sin ejercer periodismo.<\/p>\n\n\n\n<p class=\"wp-block-paragraph\">La organizaci\u00f3n&nbsp;Art\u00edculo 19&nbsp;ha advertido que la figura de&nbsp;violencia pol\u00edtica de g\u00e9nero&nbsp;se ha distorsionado y ha sido utilizada en algunos casos en contra de la libertad de expresi\u00f3n. En Tamaulipas, el Instituto Electoral orden\u00f3 retirar una columna de H\u00e9ctor de Maule\u00f3n en El Universal en la que advert\u00eda los v\u00ednculos de&nbsp;Tania Contreras, hoy magistrada presidenta de la entidad, con una red de huachicol. El periodista termin\u00f3 inscrito por cuatro a\u00f1os en el Registro Nacional de Personas Sancionadas en Materia de Violencia Pol\u00edtica contra las Mujeres en Raz\u00f3n de G\u00e9nero.<\/p>\n\n\n\n<p class=\"wp-block-paragraph\">La protecci\u00f3n de las mujeres en el espacio digital exige&nbsp;instituciones s\u00f3lidas, criterios claros y respeto a los derechos fundamentales. Sin embargo, el acuerdo firmado por la presidenta&nbsp;Claudia Sheinbaum&nbsp;tambi\u00e9n abre un debate sobre los riesgos de que herramientas dise\u00f1adas para combatir la violencia terminen influyendo en la&nbsp;libertad de expresi\u00f3n&nbsp;y en la din\u00e1mica del debate p\u00fablico.<\/p>\n","protected":false},"excerpt":{"rendered":"<p>Miguel \u00c1ngel Romero SemM\u00e9xico, Ciudad de M\u00e9xico, 20 de marzo, 2026.- Las democracias modernas enfrentan un desaf\u00edo cada vez m\u00e1s complejo: c\u00f3mo&nbsp;proteger a las personas en el espacio digital&nbsp;sin alterar la arquitectura del&nbsp;debate p\u00fablico. La pregunta parece t\u00e9cnica, pero en realidad introduce tambi\u00e9n un componente&nbsp;pol\u00edtico e ideol\u00f3gico, que se expresa de manera distinta seg\u00fan el [&hellip;]<\/p>\n","protected":false},"author":3,"featured_media":99985,"comment_status":"open","ping_status":"open","sticky":false,"template":"","format":"standard","meta":{"_monsterinsights_skip_tracking":false,"footnotes":""},"categories":[82,110,35],"tags":[],"class_list":["post-103878","post","type-post","status-publish","format-standard","has-post-thumbnail","category-la-opinion","category-la-opinion-columnas","category-opinion"],"_links":{"self":[{"href":"https:\/\/redsemlac.com\/semmexico\/wp-json\/wp\/v2\/posts\/103878","targetHints":{"allow":["GET"]}}],"collection":[{"href":"https:\/\/redsemlac.com\/semmexico\/wp-json\/wp\/v2\/posts"}],"about":[{"href":"https:\/\/redsemlac.com\/semmexico\/wp-json\/wp\/v2\/types\/post"}],"author":[{"embeddable":true,"href":"https:\/\/redsemlac.com\/semmexico\/wp-json\/wp\/v2\/users\/3"}],"replies":[{"embeddable":true,"href":"https:\/\/redsemlac.com\/semmexico\/wp-json\/wp\/v2\/comments?post=103878"}],"version-history":[{"count":0,"href":"https:\/\/redsemlac.com\/semmexico\/wp-json\/wp\/v2\/posts\/103878\/revisions"}],"wp:featuredmedia":[{"embeddable":true,"href":"https:\/\/redsemlac.com\/semmexico\/wp-json\/wp\/v2\/media\/99985"}],"wp:attachment":[{"href":"https:\/\/redsemlac.com\/semmexico\/wp-json\/wp\/v2\/media?parent=103878"}],"wp:term":[{"taxonomy":"category","embeddable":true,"href":"https:\/\/redsemlac.com\/semmexico\/wp-json\/wp\/v2\/categories?post=103878"},{"taxonomy":"post_tag","embeddable":true,"href":"https:\/\/redsemlac.com\/semmexico\/wp-json\/wp\/v2\/tags?post=103878"}],"curies":[{"name":"wp","href":"https:\/\/api.w.org\/{rel}","templated":true}]}}