{"id":103787,"date":"2026-03-18T11:49:04","date_gmt":"2026-03-18T17:49:04","guid":{"rendered":"https:\/\/redsemlac.com\/semmexico\/?p=103787"},"modified":"2026-03-18T11:49:05","modified_gmt":"2026-03-18T17:49:05","slug":"la-seguridad-digital-de-las-mujeres-no-puede-quedar-en-acuerdos-voluntarios-urge-un-marco-regulatorio-con-fuerza-de-ley-unam","status":"publish","type":"post","link":"https:\/\/redsemlac.com\/semmexico\/la-seguridad-digital-de-las-mujeres-no-puede-quedar-en-acuerdos-voluntarios-urge-un-marco-regulatorio-con-fuerza-de-ley-unam\/","title":{"rendered":"La seguridad digital de las mujeres no puede quedar en acuerdos\u00a0 voluntarios, urge un marco regulatorio con fuerza de ley: UNAM\u00a0"},"content":{"rendered":"\n<p class=\"wp-block-paragraph\">Elda Montiel&nbsp;<\/p>\n\n\n\n<p class=\"wp-block-paragraph\">SemM\u00e9xico, Cd. de M\u00e9xico, 18 de marzo,2026.- Los acuerdos voluntarios con las plataformas digitales, como el acordado el pasado 11 de marzo por la Secretar\u00eda de las Mujeres con Tik Tok, Meta y Google no protegen a las mujeres de la violencia digital porque no las obligan legalmente a cumplir con lo que prometen y no se les puede exigir nada ante un juez.&nbsp;<\/p>\n\n\n\n<p class=\"wp-block-paragraph\">La buena voluntad de las empresas tecnol\u00f3gicas no es garant\u00eda de derechos; solo la Constituci\u00f3n lo es, precisa el Programa Universitario de Estudios sobre Democracia, Justicia y Sociedad (PUEDJS) de la Universidad Nacional Aut\u00f3noma de M\u00e9xico (UNAM), en un pronunciamiento p\u00fablico dirigido al gobierno federal a trav\u00e9s de la Secretar\u00eda de las Mujeres y la Agencia de Transformaci\u00f3n Digital y Telecomunicaciones (ATDT) y al Congreso de la Uni\u00f3n&nbsp; a poner alto a cualquier forma de agresi\u00f3n digital para garantizar la no discriminaci\u00f3n y una vida libre de violencia para las mujeres en redes sociales.<\/p>\n\n\n\n<p class=\"wp-block-paragraph\">Precisa que donde no existe regulaci\u00f3n jur\u00eddica vinculante, las plataformas priorizan sus intereses comerciales por encima de la seguridad de las personas usuarias.<\/p>\n\n\n\n<p class=\"wp-block-paragraph\">La violencia en el entorno digital, y dirigida, sobre todo, contra las mujeres, no es solo un problema de conductas individuales: es una grave problem\u00e1tica estructural que las plataformas de redes sociales incentivan, reproducen, amplifican y monetizan.<\/p>\n\n\n\n<p class=\"wp-block-paragraph\">Gracias a su modelo de negocio, estas pueden viralizar o priorizar contenido ofensivo, denigrante o de agresi\u00f3n directa, por lo que urge tomar medidas para regular las plataformas, m\u00e1s all\u00e1 de la simple detecci\u00f3n y denuncia aislada de publicaciones violentas.<\/p>\n\n\n\n<p class=\"wp-block-paragraph\">Se requiere un marco regulatorio con fuerza de ley que establezca obligaciones claras para las plataformas, sobre todo responsabilidad legal de las y los directivos de las empresas tecnol\u00f3gicas ante la distribuci\u00f3n de materiales que vulneren y violenten a las mujeres.<\/p>\n\n\n\n<p class=\"wp-block-paragraph\">Protocolos de atenci\u00f3n expedita a las denuncias; sistemas verificables de remoci\u00f3n de contenidos violentos; prohibici\u00f3n del dise\u00f1o algor\u00edtmico que amplifique el acoso y transparencia en la moderaci\u00f3n de contenido.&nbsp;<\/p>\n\n\n\n<p class=\"wp-block-paragraph\">Como lo ha demostrado desde 2021 el laboratorio digital \u201cTlatelolco Lab\u201d que se ha dedicado a investigar y analizar fen\u00f3menos sociodigitales, desinformaci\u00f3n y cultura pol\u00edtica en M\u00e9xico para defender la democracia. Combina ciencia de datos, ciencias sociales y periodismo para generar informes sobre narrativas digitales, coyuntura pol\u00edtica y an\u00e1lisis de redes.&nbsp;<\/p>\n\n\n\n<p class=\"wp-block-paragraph\">Se\u00f1alan que han expuesto y sostenido estos principios desde&nbsp; el \u201c<a href=\"https:\/\/puedjs.unam.mx\/decalogo-digital\/\">Dec\u00e1logo de Derechos Digitales en Redes Sociales<\/a>\u201d, donde llamamos a las autoridades competentes&nbsp;a poner alto a cualquier forma de agresi\u00f3n digital para garantizar la no discriminaci\u00f3n y una vida libre de violencia en redes sociales.<\/p>\n\n\n\n<p class=\"wp-block-paragraph\">Tambi\u00e9n, hacen un llamado al Congreso de la Uni\u00f3n a legislar con perspectiva de g\u00e9nero en materia de regulaci\u00f3n de plataformas digitales.&nbsp;&nbsp;<\/p>\n","protected":false},"excerpt":{"rendered":"<p>Elda Montiel&nbsp; SemM\u00e9xico, Cd. de M\u00e9xico, 18 de marzo,2026.- Los acuerdos voluntarios con las plataformas digitales, como el acordado el pasado 11 de marzo por la Secretar\u00eda de las Mujeres con Tik Tok, Meta y Google no protegen a las mujeres de la violencia digital porque no las obligan legalmente a cumplir con lo que [&hellip;]<\/p>\n","protected":false},"author":3,"featured_media":103789,"comment_status":"open","ping_status":"open","sticky":false,"template":"","format":"standard","meta":{"_monsterinsights_skip_tracking":false,"footnotes":""},"categories":[748],"tags":[],"class_list":["post-103787","post","type-post","status-publish","format-standard","has-post-thumbnail","category-cultura-feminista"],"_links":{"self":[{"href":"https:\/\/redsemlac.com\/semmexico\/wp-json\/wp\/v2\/posts\/103787","targetHints":{"allow":["GET"]}}],"collection":[{"href":"https:\/\/redsemlac.com\/semmexico\/wp-json\/wp\/v2\/posts"}],"about":[{"href":"https:\/\/redsemlac.com\/semmexico\/wp-json\/wp\/v2\/types\/post"}],"author":[{"embeddable":true,"href":"https:\/\/redsemlac.com\/semmexico\/wp-json\/wp\/v2\/users\/3"}],"replies":[{"embeddable":true,"href":"https:\/\/redsemlac.com\/semmexico\/wp-json\/wp\/v2\/comments?post=103787"}],"version-history":[{"count":0,"href":"https:\/\/redsemlac.com\/semmexico\/wp-json\/wp\/v2\/posts\/103787\/revisions"}],"wp:featuredmedia":[{"embeddable":true,"href":"https:\/\/redsemlac.com\/semmexico\/wp-json\/wp\/v2\/media\/103789"}],"wp:attachment":[{"href":"https:\/\/redsemlac.com\/semmexico\/wp-json\/wp\/v2\/media?parent=103787"}],"wp:term":[{"taxonomy":"category","embeddable":true,"href":"https:\/\/redsemlac.com\/semmexico\/wp-json\/wp\/v2\/categories?post=103787"},{"taxonomy":"post_tag","embeddable":true,"href":"https:\/\/redsemlac.com\/semmexico\/wp-json\/wp\/v2\/tags?post=103787"}],"curies":[{"name":"wp","href":"https:\/\/api.w.org\/{rel}","templated":true}]}}