{"id":103715,"date":"2026-03-13T16:29:44","date_gmt":"2026-03-13T22:29:44","guid":{"rendered":"https:\/\/redsemlac.com\/semmexico\/?p=103715"},"modified":"2026-03-13T16:29:45","modified_gmt":"2026-03-13T22:29:45","slug":"la-opinion-los-suenos-de-durby-y-los-de-paz","status":"publish","type":"post","link":"https:\/\/redsemlac.com\/semmexico\/la-opinion-los-suenos-de-durby-y-los-de-paz\/","title":{"rendered":"La opini\u00f3n| Los sue\u00f1os de Durby y los de Paz"},"content":{"rendered":"\n<p class=\"wp-block-paragraph\">&nbsp;Drina Ergueta<\/p>\n\n\n\n<p class=\"wp-block-paragraph\">SemM\u00e9xico, La Paz-Bolivia, 13 de marzo de 2026.- Seguramente, quienes hoy tiran piedras a Durby Blanco, la directora de Igualdad de Oportunidades del gobierno, por decir que no tiene hijos porque son un impedimento para cumplir sus sue\u00f1os, son los mismos que aplaudieron al presidente Rodrigo Paz que asisti\u00f3 orgulloso (haciendo realidad su sue\u00f1o) a la cumbre convocada por Donald Trump. \u00c9l acudi\u00f3 a la cita sin dejar sentada ninguna cr\u00edtica ni marcar una distancia que le aleje de lo que desde diversos espacios del pa\u00eds y a nivel internacional se vio como servilismo.<\/p>\n\n\n\n<p class=\"wp-block-paragraph\">Son dos personas que cumplen funciones en un mismo gobierno, pero con sue\u00f1os de metas muy distantes. Una distancia larga y de gran notoriedad para \u00e9l; otra m\u00e1s corta y de menor relevancia para ella y, esto, por razones sociales, de relaciones desiguales de g\u00e9nero y por una realidad palpable que est\u00e1 lejos de elecciones personales equivocadas o acertadas.<\/p>\n\n\n\n<p class=\"wp-block-paragraph\">Rodrigo Paz, hijo de presidente, so\u00f1\u00f3 ser tambi\u00e9n Presidente del pa\u00eds y, para ello, tener cuatro hijos no le plante\u00f3 ning\u00fan impedimento ya que, adem\u00e1s de tener una econom\u00eda resuelta, ten\u00eda a una mujer (ya sea su esposa o una empleada dom\u00e9stica) que se hiciera cargo de ellos y de la casa y de las camisas planchadas. \u00c9l no deb\u00eda pensar siquiera en esos asuntos cotidianos, socialmente despreciados, que quitan tanto tiempo y cansan mucho mental y f\u00edsicamente. \u00c9l se pudo permitir so\u00f1ar m\u00e1s all\u00e1 y lograrlo, aunque le haya ayudado la suerte y los votos que estaban destinados al vicepresidente Edmand Lara.<\/p>\n\n\n\n<p class=\"wp-block-paragraph\">Blanco, por como se expres\u00f3 en un acto p\u00fablico, dijo lo que toda mujer joven (y madura) sabe, porque lo sabe: que tener hijos es un impedimento para cumplir los sue\u00f1os, concretamente los de crecimiento profesional que deriva en la independencia y un mejor nivel de vida en esta sociedad. Es una realidad, digan lo que digan y por mucho que lapiden por las redes a esta Directora de Igualdad. Los sue\u00f1os de ella son m\u00e1s pr\u00f3ximos, pero no menos dif\u00edciles por lo mismo que muy pocas mujeres sue\u00f1an con ser Presidenta de Bolivia \u00bfA cu\u00e1ntas conocen con esa aspiraci\u00f3n?<\/p>\n\n\n\n<p class=\"wp-block-paragraph\">Para una mujer es m\u00e1s dif\u00edcil lograr sus objetivos, incluso plantearse sue\u00f1os y metas largas, por las condiciones en una sociedad patriarcal que crea mejores condiciones para los varones. Por ello, los hijos, de los que generalmente se hace cargo la madre, son un freno y, muchas veces, el marido se convierte en una traba y, en algunos casos, incluso una amenaza. Eso las mujeres j\u00f3venes hoy lo saben y lo toman en cuenta, cada vez hay m\u00e1s que no quieren casarse y que no quieren tener hijos.<\/p>\n\n\n\n<p class=\"wp-block-paragraph\">Cambiar esa realidad requiere tambi\u00e9n de la intervenci\u00f3n masculina, ellos deben cambiar y renunciar a los privilegios, ya que como especie y como humanidad somos de uno de los dos sexos por azar y porque las sociedades se deben construir entre todas las personas.<\/p>\n\n\n\n<p class=\"wp-block-paragraph\">Los hombres, en general, tienen sue\u00f1os con metas m\u00e1s largas y siempre relacionadas al poder porque, ese, es su privilegio y no lo quieren perder, as\u00ed sea a costa de las mujeres. Por esos privilegios, Rodr\u00edguez ha podido ser Presidente y asistir como tal, representando a Bolivia, a una cumbre presidencial en la que hubo 12 mandatarios hombres y una sola mujer.<\/p>\n\n\n\n<p class=\"wp-block-paragraph\">Esa mayor\u00eda de presidentes masculina, conservadora, de derecha, incluso extrema, toc\u00f3 bajo la absoluta batuta de Trump, un hombre sentenciado por abuso sexual, investigado por pederastia, acusado de participar en el genocidio de palestinos, violar la soberan\u00eda de otros pa\u00edses, participar en la generaci\u00f3n y desarrollo de guerras\u2026 una mayor\u00eda que no se ha mostrado nada cr\u00edtica con este liderazgo agresivo y mat\u00f3n, que le reverencia incluso cuando hace gala de desprecio hacia este su grupo de admiradores y hacia su lengua.&nbsp;<\/p>\n\n\n\n<p class=\"wp-block-paragraph\">Ella, que se mostr\u00f3 desafiante y contraria al rol de madre como fin \u00fanico de una mujer, ha generado gran rechazo para algunos grupos; mientras que a \u00e9l le han respaldado plenamente, pese a que el acuerdo suscrito lleva impl\u00edcito una subordinaci\u00f3n del pa\u00eds a los fines de un gobierno externo que ve a Latinoam\u00e9rica como su patio trasero.<\/p>\n\n\n\n<p class=\"wp-block-paragraph\">Blanco, que hizo las declaraciones en el marco de la propuesta gubernamental de una \u201cpol\u00edtica p\u00fablica de corresponsabilidad de cuidados\u201d, finalmente, se le ha obligado a pedir disculpas por lo que otros han interpretado de sus declaraciones. \u00c9l sigue su mandato ajeno a cualquier cr\u00edtica y quiz\u00e1s, incluso, \u00e9l a ella la destituya del cargo, rompiendo en parte sus sue\u00f1os.<\/p>\n","protected":false},"excerpt":{"rendered":"<p>&nbsp;Drina Ergueta SemM\u00e9xico, La Paz-Bolivia, 13 de marzo de 2026.- Seguramente, quienes hoy tiran piedras a Durby Blanco, la directora de Igualdad de Oportunidades del gobierno, por decir que no tiene hijos porque son un impedimento para cumplir sus sue\u00f1os, son los mismos que aplaudieron al presidente Rodrigo Paz que asisti\u00f3 orgulloso (haciendo realidad su [&hellip;]<\/p>\n","protected":false},"author":3,"featured_media":8467,"comment_status":"open","ping_status":"open","sticky":false,"template":"","format":"standard","meta":{"_monsterinsights_skip_tracking":false,"footnotes":""},"categories":[77,110,35],"tags":[],"class_list":["post-103715","post","type-post","status-publish","format-standard","has-post-thumbnail","category-drina-ergueta","category-la-opinion-columnas","category-opinion"],"_links":{"self":[{"href":"https:\/\/redsemlac.com\/semmexico\/wp-json\/wp\/v2\/posts\/103715","targetHints":{"allow":["GET"]}}],"collection":[{"href":"https:\/\/redsemlac.com\/semmexico\/wp-json\/wp\/v2\/posts"}],"about":[{"href":"https:\/\/redsemlac.com\/semmexico\/wp-json\/wp\/v2\/types\/post"}],"author":[{"embeddable":true,"href":"https:\/\/redsemlac.com\/semmexico\/wp-json\/wp\/v2\/users\/3"}],"replies":[{"embeddable":true,"href":"https:\/\/redsemlac.com\/semmexico\/wp-json\/wp\/v2\/comments?post=103715"}],"version-history":[{"count":0,"href":"https:\/\/redsemlac.com\/semmexico\/wp-json\/wp\/v2\/posts\/103715\/revisions"}],"wp:featuredmedia":[{"embeddable":true,"href":"https:\/\/redsemlac.com\/semmexico\/wp-json\/wp\/v2\/media\/8467"}],"wp:attachment":[{"href":"https:\/\/redsemlac.com\/semmexico\/wp-json\/wp\/v2\/media?parent=103715"}],"wp:term":[{"taxonomy":"category","embeddable":true,"href":"https:\/\/redsemlac.com\/semmexico\/wp-json\/wp\/v2\/categories?post=103715"},{"taxonomy":"post_tag","embeddable":true,"href":"https:\/\/redsemlac.com\/semmexico\/wp-json\/wp\/v2\/tags?post=103715"}],"curies":[{"name":"wp","href":"https:\/\/api.w.org\/{rel}","templated":true}]}}