{"id":103713,"date":"2026-03-13T15:35:53","date_gmt":"2026-03-13T21:35:53","guid":{"rendered":"https:\/\/redsemlac.com\/semmexico\/?p=103713"},"modified":"2026-03-13T15:35:54","modified_gmt":"2026-03-13T21:35:54","slug":"entresemana-madriza-cual-madriza","status":"publish","type":"post","link":"https:\/\/redsemlac.com\/semmexico\/entresemana-madriza-cual-madriza\/","title":{"rendered":"ENTRESEMANA| \u00bfMadriza? \u00bfCu\u00e1l madriza?"},"content":{"rendered":"\n<p class=\"wp-block-paragraph\"><strong>\u201cYa la enramada se sec\u00f3, el cielo&#8230; el agua le neg\u00f3, as\u00ed tu altivo coraz\u00f3n no me escuch\u00f3&#8230;\u201d Graciela Olmos<\/strong><\/p>\n\n\n\n<p class=\"wp-block-paragraph\"><strong>Mois\u00e9s S\u00e1nchez Lim\u00f3n<\/strong><\/p>\n\n\n\n<p class=\"wp-block-paragraph\"><strong>SemM\u00e9xico, Cd. de M\u00e9xico, 13 de marzo, 2026.- \u00bfDerrota? Es como el boxeador que, noqueado en el primer asalto, justifica la madriza: \u201cpero vieran c\u00f3mo qued\u00f3 aquel con los pu\u00f1os ensangrentados\u201d. \u00a1S\u00ed, pues!<\/strong><\/p>\n\n\n\n<p class=\"wp-block-paragraph\">Exultante, en apariencia, desvelada sin duda, la doctora presidenta irrumpi\u00f3 en el proscenio de la famosa, honesta y veraz ma\u00f1anera en el Sal\u00f3n de la Tesorer\u00eda. Jueves de resabios por el esperado, anunciado rev\u00e9s en la C\u00e1mara de Diputados.<\/p>\n\n\n\n<p class=\"wp-block-paragraph\">Pero, bueno, \u00bfs\u00ed ya sab\u00eda que perder\u00eda la votaci\u00f3n para que se lanz\u00f3 a la arena? \u00bfPor patriota? \u00bf\u00c9mula de la Doncella de Orleans que insiste en acarrear agua para el molino de Su Alteza Seren\u00edsima y coronarlo \u201clibertador de la patria\u201d?<\/p>\n\n\n\n<p class=\"wp-block-paragraph\">\u00a1Ch\u00edn!<\/p>\n\n\n\n<p class=\"wp-block-paragraph\">Y los p\u00e1rvulos aplaudidores de la barra mercenaria saludaron al un\u00edsono:<\/p>\n\n\n\n<p class=\"wp-block-paragraph\"><strong>&#8211;Buenos d\u00edas, Presidenta.<\/strong><\/p>\n\n\n\n<p class=\"wp-block-paragraph\"><strong>&#8212;<\/strong>\u00bfC\u00f3mo est\u00e1n? &#8211;respondi\u00f3<\/p>\n\n\n\n<p class=\"wp-block-paragraph\"><strong>&#8211;Bien. \u00bfY usted? &#8211;atendieron en coro acompasado.<\/strong><\/p>\n\n\n\n<p class=\"wp-block-paragraph\"><strong>&#8212;<\/strong>Buenos d\u00edas. Bien &#8212; contest\u00f3 sonriente la ingeniera Sheinbaum Pardo. Y estaba preparada para dar su versi\u00f3n, blofear incluso como suele ocurrir en apego al libreto estilo Andr\u00e9s Manuel L\u00f3pez Obrador, con todo y pincelazos de historia patria; hasta el modito de hablar. \u00a1Claro!<\/p>\n\n\n\n<p class=\"wp-block-paragraph\">Incluso, avanzada la ma\u00f1anera una de esas voces aplaudidoras le pegunt\u00f3 qu\u00e9 garant\u00eda podr\u00eda tenerse, incluso con compromiso firmado de no votar en contra de reformas de manufactura presidencial y no repetir lo ocurrido con el dictamen de la reforma electoral.<\/p>\n\n\n\n<p class=\"wp-block-paragraph\">&#8211;\u00bfGarant\u00edas? Pues es muy dif\u00edcil &#8211;admiti\u00f3 la ingeniera Sheinbaum.<\/p>\n\n\n\n<p class=\"wp-block-paragraph\">&#8211;Vean al Presidente L\u00f3pez Obrador cu\u00e1ntas veces lo traicionaron, \u00bfcu\u00e1ntos? Nadie \u201cest\u00e1 vacunado\u201d frente a una traici\u00f3n o frente a alguien que decida que no vota contigo, aunque no se catalogue como \u201ctraici\u00f3n\u201d, nadie.<\/p>\n\n\n\n<p class=\"wp-block-paragraph\">Pero tenemos que seguir avanzando en no ceder frente a lo que uno cree que es indispensable &#8211;, ilustr\u00f3 y desliz\u00f3 el sustantivo \u201ctraici\u00f3n\u201d, aunque reiteradamente neg\u00f3 que los diputados del PT y del PVEM, o de Morena que sumaron su voto negativo a los de la oposici\u00f3n sean considerados traidores.<\/p>\n\n\n\n<p class=\"wp-block-paragraph\">O sea.<\/p>\n\n\n\n<p class=\"wp-block-paragraph\">\u00a1Ah!, pero investida salvadora del honor constitucional, aunque el rechazo a su propuesta que le hered\u00f3 el Santo Ni\u00f1o Andr\u00e9s Manuel de Macuspana haya sido anunciado a\u00fan sin conocer la iniciativa, desde el Olimpo declar\u00f3 como para que todo M\u00e9xico se entere:<\/p>\n\n\n\n<p class=\"wp-block-paragraph\">\u201c\u00bfPor qu\u00e9 yo insist\u00ed en que se votara? Porque ya sab\u00edamos que no iban a votar, eso era\u2026 Hac\u00eda semanas, p\u00fablicamente hab\u00edan dicho qui\u00e9nes iban a votar en contra.<\/p>\n\n\n\n<p class=\"wp-block-paragraph\">\u201cY yo insist\u00ed a los diputados que se votara.<\/p>\n\n\n\n<p class=\"wp-block-paragraph\">\u201c\u00bfPor qu\u00e9? Primero, porque cumpl\u00ed con la gente, y eso para m\u00ed es de principios.<\/p>\n\n\n\n<p class=\"wp-block-paragraph\">\u201cYo me compromet\u00ed a que iba a enviar una reforma que tuviera que ver con lo que ped\u00eda la gente, y yo cumpl\u00ed (\u2026)\u201d.<\/p>\n\n\n\n<p class=\"wp-block-paragraph\">\u00bfQu\u00e9 les parece, se\u00f1oras y se\u00f1ores? \u00a1Ajaj\u00e1!, \u00bfusted, usted, y ustedes pidieron eso a la Princesa Caramelo?<\/p>\n\n\n\n<p class=\"wp-block-paragraph\">Lo dicho, blofea y miente como respira &#8211;el primo hermano dixit&#8211;. O ser\u00e1, d\u00edgame usted, que el pecho de la licenciada Claudia Sheinbaum igual no es bodega.<\/p>\n\n\n\n<p class=\"wp-block-paragraph\">Y es que, sin duda usted ya se enter\u00f3 de que la misma noche del \u201cmi\u00e9rcoles negro\u201d &#8211;para la ingeniera presidenta, por supollo&#8211; se concret\u00f3 el Plan B, \u00a1faltaba m\u00e1s!, como marca el librito del hijo predilecto de Tepetit\u00e1n.<\/p>\n\n\n\n<p class=\"wp-block-paragraph\">&#8211;Entonces, \u00bfen qu\u00e9 consiste el plan B? &#8211;pregunt\u00f3 Sheinbaum Pardo a ese su selecto p\u00fablico e invitados de la ma\u00f1anera. Y qu\u00e9 cree que respondi\u00f3:<\/p>\n\n\n\n<p class=\"wp-block-paragraph\">\u201cEn lo mismo: seguir disminuyendo los privilegios\u201d.<\/p>\n\n\n\n<p class=\"wp-block-paragraph\">\u00a1Rec\u00f3rcholis fil\u00f3sofo de G\u00fcemes!<\/p>\n\n\n\n<p class=\"wp-block-paragraph\">Y para no dejar duda de la cantinfleada, expuso, conste, expuso:<\/p>\n\n\n\n<p class=\"wp-block-paragraph\">\u201cPorque dec\u00edan: \u201cva a cambiar la ley electoral y va a\u2026\u201d, no. Tiene un objetivo: seguir disminuyendo los privilegios de aquellos que todav\u00eda tienen exceso en los recursos p\u00fablicos\u201d.<\/p>\n\n\n\n<p class=\"wp-block-paragraph\">En t\u00e9rminos llanos va por los recursos de estados, municipios y congresos locales. Aunque se encontrar\u00e1 que algunas de sus propuestas entra\u00f1an reformas constitucionales y no van a prosperar.<\/p>\n\n\n\n<p class=\"wp-block-paragraph\">\u00a1Bueeeno!, caminar\u00e1 el camino andado. Dice que este Plan B lo enviar\u00e1 el pr\u00f3ximo lunes 16 de marzo, es decir, corregir\u00e1 lo que deba corregirse durante el fin de semana y se lanzar\u00e1 nuevamente al ruedo Legislativo. \u00bfCumplir\u00e1 sin rubor, entonando la rola de Los Bribones: \u201cvoy gritando por la calle que no me quieres?\u201d<\/p>\n\n\n\n<p class=\"wp-block-paragraph\"><strong>&#8211;\u00bfLa env\u00eda al Senado? &#8211;le preguntaron.<\/strong><\/p>\n\n\n\n<p class=\"wp-block-paragraph\"><strong>&#8212;<\/strong>La vamos a enviar el lunes. Est\u00e1n terminando la redacci\u00f3n, y ya vamos a ver a qu\u00e9 C\u00e1mara la enviamos. Y yo espero que pase. Si no pasa, tampoco pasa nada &#8211;tante\u00f3 nuevamente ese terreno que ya la zarande\u00f3 en vivo y a todo color, de costa a costa y m\u00e1s all\u00e1 de frontera a frontera.<\/p>\n\n\n\n<p class=\"wp-block-paragraph\">&#8211;\u00a1Ay am\u00e1, ust\u00e9 no entiende! &#8211;le reprochar\u00eda imaginariamente el respetable.<\/p>\n\n\n\n<p class=\"wp-block-paragraph\">&#8211;Pero nosotros tenemos un mandato y una convicci\u00f3n y un principio: a nosotros no se nos olvida de d\u00f3nde vinimos &#8211;respondi\u00f3.<\/p>\n\n\n\n<p class=\"wp-block-paragraph\">Y, porfis, no se r\u00eda, porfis, adem\u00e1s declar\u00f3 que \u201csi algo ha demostrado la Cuarta Transformaci\u00f3n es: que la honestidad da resultados, que la Austeridad Republicana da resultados, que acabar con los privilegios da resultados\u201d.<\/p>\n\n\n\n<p class=\"wp-block-paragraph\">Y entonces retumbaron las carcajadas de varios prohombres y connotadas mujeres de las ligas mayores de la 4T, los y las oligarcas de la izquierda de Chanel y Armani. Pero, pero\u2026<\/p>\n\n\n\n<p class=\"wp-block-paragraph\">La Princesa Caramelo ote\u00f3 un futuro halag\u00fce\u00f1o para su Plan B, porque\u2026<\/p>\n\n\n\n<p class=\"wp-block-paragraph\">\u201cVamos a avanzar, todos los partidos. \u00bfQui\u00e9n va a estar en desacuerdo de disminuir montos de la C\u00e1mara de Diputados, de los diputados locales, para darle recurso a su municipio? Nadie se lo est\u00e1 llevando a la Federaci\u00f3n, eh; no, no, no\u201d, declar\u00f3 con esa certidumbre que es sello de su imberbe gesti\u00f3n-<\/p>\n\n\n\n<p class=\"wp-block-paragraph\">Oiga, oiga, pero \u00bfqu\u00e9 cree? La ingeniera presidenta no piensa en alg\u00fan castigo para esos canijos diputados y canijas diputadas que votaron contra su propuesta de reforma electoral. Ya se le pasaba el encabronamiento marca Acme cuando atendi\u00f3:<\/p>\n\n\n\n<p class=\"wp-block-paragraph\">&#8212;&nbsp;Yo, la palabra \u201ccastigo\u201d, creo que es muy exagerada \u00bfno? No estamos en aquellos partidos pol\u00edticos que \u201chac\u00edan purgas porque no estaban de acuerdo con\u201d, no. O sea, hay libertad.<\/p>\n\n\n\n<p class=\"wp-block-paragraph\">E insisti\u00f3:<\/p>\n\n\n\n<p class=\"wp-block-paragraph\">&#8211;\u00bfUstedes creen\u2026? O sea, \u00bfustedes sab\u00edan que \u201cno se iba a aprobar\u201d? Pues s\u00ed, \u00bfno?, todos sab\u00edamos que no se iba a aprobar.<\/p>\n\n\n\n<p class=\"wp-block-paragraph\">Y, crecida al castigo &#8211;\u00a1pues qu\u00e9 se creen! &#8212; resolvi\u00f3:<\/p>\n\n\n\n<p class=\"wp-block-paragraph\">\u201cEl que no se haya aprobado no es una derrota. Yo estoy muy satisfecha\u201d. \u00a1En la madre, Alito, Moreira, A\u00f1orve, Lixa, Anaya , D\u00f6ring y etc\u00e9tera y etc\u00e9tera! No entiende y va de nuez, Drakko. Digo.<\/p>\n\n\n\n<p class=\"wp-block-paragraph\"><a href=\"mailto:sanchezlimon@gmail.com\" target=\"_blank\" rel=\"noreferrer noopener\">sanchezlimon@gmail.com<\/a>&nbsp;&nbsp;&nbsp;<a href=\"http:\/\/www.entresemana.mx\/\" target=\"_blank\" rel=\"noreferrer noopener\">www.entresemana.mx<\/a>&nbsp;&nbsp; @sanchezlimon1<\/p>\n","protected":false},"excerpt":{"rendered":"<p>\u201cYa la enramada se sec\u00f3, el cielo&#8230; el agua le neg\u00f3, as\u00ed tu altivo coraz\u00f3n no me escuch\u00f3&#8230;\u201d Graciela Olmos Mois\u00e9s S\u00e1nchez Lim\u00f3n SemM\u00e9xico, Cd. de M\u00e9xico, 13 de marzo, 2026.- \u00bfDerrota? Es como el boxeador que, noqueado en el primer asalto, justifica la madriza: \u201cpero vieran c\u00f3mo qued\u00f3 aquel con los pu\u00f1os ensangrentados\u201d. \u00a1S\u00ed, [&hellip;]<\/p>\n","protected":false},"author":3,"featured_media":41799,"comment_status":"open","ping_status":"open","sticky":false,"template":"","format":"standard","meta":{"_monsterinsights_skip_tracking":false,"footnotes":""},"categories":[105,83,35],"tags":[],"class_list":["post-103713","post","type-post","status-publish","format-standard","has-post-thumbnail","category-entresemana","category-moises-sanchez-limon","category-opinion"],"_links":{"self":[{"href":"https:\/\/redsemlac.com\/semmexico\/wp-json\/wp\/v2\/posts\/103713","targetHints":{"allow":["GET"]}}],"collection":[{"href":"https:\/\/redsemlac.com\/semmexico\/wp-json\/wp\/v2\/posts"}],"about":[{"href":"https:\/\/redsemlac.com\/semmexico\/wp-json\/wp\/v2\/types\/post"}],"author":[{"embeddable":true,"href":"https:\/\/redsemlac.com\/semmexico\/wp-json\/wp\/v2\/users\/3"}],"replies":[{"embeddable":true,"href":"https:\/\/redsemlac.com\/semmexico\/wp-json\/wp\/v2\/comments?post=103713"}],"version-history":[{"count":0,"href":"https:\/\/redsemlac.com\/semmexico\/wp-json\/wp\/v2\/posts\/103713\/revisions"}],"wp:featuredmedia":[{"embeddable":true,"href":"https:\/\/redsemlac.com\/semmexico\/wp-json\/wp\/v2\/media\/41799"}],"wp:attachment":[{"href":"https:\/\/redsemlac.com\/semmexico\/wp-json\/wp\/v2\/media?parent=103713"}],"wp:term":[{"taxonomy":"category","embeddable":true,"href":"https:\/\/redsemlac.com\/semmexico\/wp-json\/wp\/v2\/categories?post=103713"},{"taxonomy":"post_tag","embeddable":true,"href":"https:\/\/redsemlac.com\/semmexico\/wp-json\/wp\/v2\/tags?post=103713"}],"curies":[{"name":"wp","href":"https:\/\/api.w.org\/{rel}","templated":true}]}}