{"id":103682,"date":"2026-03-11T18:25:37","date_gmt":"2026-03-12T00:25:37","guid":{"rendered":"https:\/\/redsemlac.com\/semmexico\/?p=103682"},"modified":"2026-03-12T12:58:58","modified_gmt":"2026-03-12T18:58:58","slug":"lilia-gema-garcia-soto-justicia-y-reconocimiento-para-una-mujer-incorruptible","status":"publish","type":"post","link":"https:\/\/redsemlac.com\/semmexico\/lilia-gema-garcia-soto-justicia-y-reconocimiento-para-una-mujer-incorruptible\/","title":{"rendered":"Lilia Gemma Garc\u00eda Soto, justicia y reconocimiento para una mujer incorruptible"},"content":{"rendered":"\n<ul class=\"wp-block-list\">\n<li>Calificada como una profesionista comprometida con las causas sociales<\/li>\n\n\n\n<li>Su asesinato en medio de un entramado de aguas turbias<\/li>\n<\/ul>\n\n\n\n<p class=\"wp-block-paragraph\">Soledad Jarqu\u00edn Edgar<\/p>\n\n\n\n<p class=\"wp-block-paragraph\">SemM\u00e9xico, Oaxaca, 11 de marzo, 2026.- El pr\u00f3ximo domingo se cumplir\u00e1n nueve meses del asesinato de Lilia Gemma Garc\u00eda Soto, ocurrido el 15 de junio del 2025 en San Mateo Pi\u00f1as, municipio de la Costa de Oaxaca. Un feminicidio ampliamente difundido desde los primeros minutos de aquel domingo de junio, un asesinato violento que permanece sin castigo.<\/p>\n\n\n\n<p class=\"wp-block-paragraph\">Lilia Gemma era la presidenta municipal de San Mateo Pi\u00f1as, municipio cafetalero conformado por 47 comunidades y habitada por poco m\u00e1s de dos mil personas (INEGI 2020), donde, adem\u00e1s, existe un importante retraso en servicios b\u00e1sicos como la electricidad que alcanza a poco menos del 70 por ciento de las viviendas o el agua entubada que llega de manera directa a menos de la mitad de las casas, estad\u00edsticas tomadas del portal M\u00e9xico.pueblosdeam\u00e9rica.com&nbsp;<\/p>\n\n\n\n<figure class=\"wp-block-image size-full\"><a href=\"https:\/\/redsemlac.com\/semmexico\/wp-content\/uploads\/2026\/03\/LILIA-GEMA-4-1.jpeg\"><img loading=\"lazy\" decoding=\"async\" width=\"742\" height=\"752\" src=\"https:\/\/redsemlac.com\/semmexico\/wp-content\/uploads\/2026\/03\/LILIA-GEMA-4-1.jpeg\" alt=\"\" class=\"wp-image-103691\" srcset=\"https:\/\/redsemlac.com\/semmexico\/wp-content\/uploads\/2026\/03\/LILIA-GEMA-4-1.jpeg 742w, https:\/\/redsemlac.com\/semmexico\/wp-content\/uploads\/2026\/03\/LILIA-GEMA-4-1-296x300.jpeg 296w, https:\/\/redsemlac.com\/semmexico\/wp-content\/uploads\/2026\/03\/LILIA-GEMA-4-1-150x152.jpeg 150w, https:\/\/redsemlac.com\/semmexico\/wp-content\/uploads\/2026\/03\/LILIA-GEMA-4-1-300x304.jpeg 300w, https:\/\/redsemlac.com\/semmexico\/wp-content\/uploads\/2026\/03\/LILIA-GEMA-4-1-696x705.jpeg 696w\" sizes=\"auto, (max-width: 742px) 100vw, 742px\" \/><\/a><\/figure>\n\n\n\n<p class=\"wp-block-paragraph\">Ella naci\u00f3 en la ciudad de Oaxaca un 12 de enero de 1959, pero su padre originario de San Mateo Pi\u00f1as pasaba m\u00e1s tiempo en la costa, ah\u00ed conservaba una casa propia y un peque\u00f1o ranchito donde sembraban caf\u00e9, el resto de la familia visitaba en vacaciones San Mateo Pi\u00f1as donde tambi\u00e9n se ocupaban de los cafetales.<\/p>\n\n\n\n<p class=\"wp-block-paragraph\">Lilia Gemma emigr\u00f3 a la ciudad de M\u00e9xico donde estudi\u00f3 sociolog\u00eda. Fue la mejor alumna de su generaci\u00f3n, por lo que la Universidad Nacional Aut\u00f3noma de M\u00e9xico, ENEP Arag\u00f3n, hoy Facultad de Estudios Superiores Arag\u00f3n, le otorg\u00f3 la medalla Gabino Barrera.<\/p>\n\n\n\n<p class=\"wp-block-paragraph\">La vida comprometida de Lilia Gemma no empez\u00f3 en San Mateo Pi\u00f1a, a ella se le recuerda como una mam\u00e1 al cien, una profesionista dedicada y una activista marxista-leninista de hueso colorado. En los a\u00f1os 70 particip\u00f3 en los c\u00edrculos de izquierda, en tareas de capacitaci\u00f3n sindical y estudiantil. Cuando nacen sus hijos y se dedica solo a ellos y a su trabajo en la UNAM. Pero cuando crecen, Lilia Gemma vuelve a esa tarea, imparte clases de formaci\u00f3n sindical en la Universidad Obrera de M\u00e9xico que fundara hace 90 a\u00f1os Vicente Lombardo Toledano.<\/p>\n\n\n\n<p class=\"wp-block-paragraph\">Como profesionista trabaj\u00f3 en la UNAM, donde se jubil\u00f3 en mayo de 2020 despu\u00e9s de haber ocupado por casi tres d\u00e9cadas el cargo de directora de Intercambio Acad\u00e9mico de la Coordinaci\u00f3n de Investigaci\u00f3n Cient\u00edfica la UNAM, fue entonces cuando determin\u00f3 que era tiempo de volver al terru\u00f1o en la Costa oaxaque\u00f1a y cuidar a su padre y a su madre. Sin embargo, por lo que observaba supo que ten\u00eda que hacer algo m\u00e1s que eso.<\/p>\n\n\n\n<p class=\"wp-block-paragraph\">Hay cosas que no compensa el dinero y Lilia Gemma Garc\u00eda Soto lo ten\u00eda claro, no necesitaba dinero que no fuera el suyo y quiz\u00e1 por ello hizo mucho por San Mateo Pi\u00f1as, un pueblo que antes de ella estaba olvidado. Durante a\u00f1os hab\u00eda ido cada tanto a San Mateo Pi\u00f1as junto con sus hijos. Aprendi\u00f3 mucho del caf\u00e9, otra de sus pasiones.<\/p>\n\n\n\n<figure class=\"wp-block-image size-full\"><a href=\"https:\/\/redsemlac.com\/semmexico\/wp-content\/uploads\/2026\/03\/LILIA-GEMA-ARAGONESA-.JPG-1.png\"><img loading=\"lazy\" decoding=\"async\" width=\"514\" height=\"662\" src=\"https:\/\/redsemlac.com\/semmexico\/wp-content\/uploads\/2026\/03\/LILIA-GEMA-ARAGONESA-.JPG-1.png\" alt=\"\" class=\"wp-image-103690\" srcset=\"https:\/\/redsemlac.com\/semmexico\/wp-content\/uploads\/2026\/03\/LILIA-GEMA-ARAGONESA-.JPG-1.png 514w, https:\/\/redsemlac.com\/semmexico\/wp-content\/uploads\/2026\/03\/LILIA-GEMA-ARAGONESA-.JPG-1-233x300.png 233w, https:\/\/redsemlac.com\/semmexico\/wp-content\/uploads\/2026\/03\/LILIA-GEMA-ARAGONESA-.JPG-1-150x193.png 150w, https:\/\/redsemlac.com\/semmexico\/wp-content\/uploads\/2026\/03\/LILIA-GEMA-ARAGONESA-.JPG-1-300x386.png 300w\" sizes=\"auto, (max-width: 514px) 100vw, 514px\" \/><\/a><\/figure>\n\n\n\n<p class=\"wp-block-paragraph\">En aquella ocasi\u00f3n, a\u00f1os antes de decidirse a vivir en San Mateo Pi\u00f1as la roya, un hongo que afecta los cafetales, ella se encontraba ah\u00ed, se propuso ayudar sin que nadie se lo pidiera, as\u00ed que aprovech\u00f3 sus contactos con investigadores y pidi\u00f3 ayuda a la Universidad Aut\u00f3noma de Chapingo, donde ya est\u00e1n estudiando la roya en la zona de Loxicha, muy cerca geogr\u00e1ficamente de San Mateo Pi\u00f1as, por lo que llegaron pronto.<\/p>\n\n\n\n<p class=\"wp-block-paragraph\">Los especialistas hicieron cursos, revisaron las plantaciones, encontraron que la tierra no hab\u00eda sido alimentada por unos cien a\u00f1os y les ense\u00f1aron como nutrir la tierra, adem\u00e1s de mostrar c\u00f3mo preparar insecticidas naturales. Cuando la respuesta del gobierno lleg\u00f3 con insecticidas qu\u00edmicos, en San Mateo Pi\u00f1as ya hab\u00edan resuelto el problema de la roya.<\/p>\n\n\n\n<p class=\"wp-block-paragraph\"><strong>Lilia Gemma la soci\u00f3loga comprometida<\/strong><\/p>\n\n\n\n<p class=\"wp-block-paragraph\">Quiz\u00e1 esa fue la primera de muchas veces que Lilia Gemma Garc\u00eda Soto ayud\u00f3 a la comunidad, pero no fue la \u00faltima. En 2006, en una entrevista que le hicieron en el Bolet\u00edn Arag\u00f3n record\u00f3 que cuando era estudiante caminaba junto con dos compa\u00f1eras en la avenida Central, vieron a una mujer que entre la basura sac\u00f3 cascaras de mango para comer, episodio que se\u00f1ala le marc\u00f3 la vida. \u201cEso nos ayud\u00f3 a ser estudiantes conscientes\u201d, tarea que dijo entonces, deb\u00eda asumir con la convicci\u00f3n que de (la sociolog\u00eda) est\u00e1 al servicio de la sociedad, una herramienta v\u00e1lida para esclarecer el camino hacia comprensi\u00f3n de la realidad cotidiana.<\/p>\n\n\n\n<p class=\"wp-block-paragraph\">Tras ayudar a resolver el problema de la roya, un rumor se hac\u00eda m\u00e1s presente en el pueblo coste\u00f1o, la \u00faltima franja de las monta\u00f1as de la sierra sur que permiten ver el mar desde esas alturas, la gente se preguntaba \u201csi esa se\u00f1ora quer\u00eda ser presidenta municipal\u201d.<\/p>\n\n\n\n<figure class=\"wp-block-image size-large\"><a href=\"https:\/\/redsemlac.com\/semmexico\/wp-content\/uploads\/2026\/03\/LILIA-GEMA-2-1.jpeg\"><img loading=\"lazy\" decoding=\"async\" width=\"768\" height=\"1024\" src=\"https:\/\/redsemlac.com\/semmexico\/wp-content\/uploads\/2026\/03\/LILIA-GEMA-2-1-768x1024.jpeg\" alt=\"\" class=\"wp-image-103688\" srcset=\"https:\/\/redsemlac.com\/semmexico\/wp-content\/uploads\/2026\/03\/LILIA-GEMA-2-1-768x1024.jpeg 768w, https:\/\/redsemlac.com\/semmexico\/wp-content\/uploads\/2026\/03\/LILIA-GEMA-2-1-225x300.jpeg 225w, https:\/\/redsemlac.com\/semmexico\/wp-content\/uploads\/2026\/03\/LILIA-GEMA-2-1-150x200.jpeg 150w, https:\/\/redsemlac.com\/semmexico\/wp-content\/uploads\/2026\/03\/LILIA-GEMA-2-1-300x400.jpeg 300w, https:\/\/redsemlac.com\/semmexico\/wp-content\/uploads\/2026\/03\/LILIA-GEMA-2-1-696x928.jpeg 696w, https:\/\/redsemlac.com\/semmexico\/wp-content\/uploads\/2026\/03\/LILIA-GEMA-2-1.jpeg 780w\" sizes=\"auto, (max-width: 768px) 100vw, 768px\" \/><\/a><\/figure>\n\n\n\n<p class=\"wp-block-paragraph\">Cuando Andr\u00e9s Manuel L\u00f3pez Obrador asumi\u00f3 la presidencia de M\u00e9xico en 2018, se inician los caminos artesanales, tarea en la que ella se involucra porque el camino que ven\u00eda desde la carretera federal 175 hasta San Mateo Pi\u00f1as mismo que fue trazado a\u00f1os atr\u00e1s por su pap\u00e1. Finalmente, Lilia Gemma termin\u00f3 siendo presidenta del comit\u00e9.<\/p>\n\n\n\n<p class=\"wp-block-paragraph\">En una comunicaci\u00f3n del 8 de febrero del 2024, con su amigo el investigador Fernando Jim\u00e9nez Mier y Ter\u00e1n, Lilia Gemma le cont\u00f3: que estaba batallando con la autoridad municipal para avanzar en el trabajo de la construcci\u00f3n de la carretera del pueblo. Sin embargo, dijo que transpiraba por sus poros alegr\u00eda por los avances en la construcci\u00f3n de la carretera. \u201cOrgullosa, presum\u00eda que en 2020 hab\u00edan avanzado solo 2.4 kil\u00f3metros, ahora nosotros hicimos siete (kil\u00f3metros).<\/p>\n\n\n\n<p class=\"wp-block-paragraph\">\u201cLlenar\u00eda p\u00e1ginas y p\u00e1ginas si te contara c\u00f3mo estoy y qu\u00e9 hago. Lo importante es que estoy aprendiendo mucho y t\u00fa sabes que el aprendizaje cuesta. A veces pienso en renunciar, pues la condici\u00f3n humana aqu\u00ed se manifiesta en toda su dimensi\u00f3n. Esa parte fea que tienen a flor de piel muchos individuos, sin embargo, resisto. Pues, aunque sea milim\u00e9trico el cambio, algo estoy logrando. Vislumbrabas el peligro sin duda\u201d, explica en una conversaci\u00f3n con el doctor Fernando Jim\u00e9mez Mier y Ter\u00e1n.<\/p>\n\n\n\n<p class=\"wp-block-paragraph\"><strong>Primera mujer electa presidenta municipal en Pi\u00f1as<\/strong><\/p>\n\n\n\n<p class=\"wp-block-paragraph\">Ese trabajo es lo que la catapulta a ser candidata a la presidencia municipal y gana la elecci\u00f3n sin hacer campa\u00f1a. As\u00ed Lilia Gemma Garc\u00eda Soto de la comunidad de Loma Venado se convierte, en noviembre del 2022, en la primera mujer electa presidenta municipal, con 189 votos; en segundo lugar, con 164 votos qued\u00f3 Jes\u00fas Garc\u00eda Silva. Hubo otros dos competidores hombres y una mujer.<\/p>\n\n\n\n<figure class=\"wp-block-image size-large\"><a href=\"https:\/\/redsemlac.com\/semmexico\/wp-content\/uploads\/2026\/03\/LILIA-GEMA-1-e1773274493451.jpg\"><img loading=\"lazy\" decoding=\"async\" width=\"1024\" height=\"790\" src=\"https:\/\/redsemlac.com\/semmexico\/wp-content\/uploads\/2026\/03\/LILIA-GEMA-1-e1773274493451-1024x790.jpg\" alt=\"\" class=\"wp-image-103684\" srcset=\"https:\/\/redsemlac.com\/semmexico\/wp-content\/uploads\/2026\/03\/LILIA-GEMA-1-e1773274493451-1024x790.jpg 1024w, https:\/\/redsemlac.com\/semmexico\/wp-content\/uploads\/2026\/03\/LILIA-GEMA-1-e1773274493451-300x232.jpg 300w, https:\/\/redsemlac.com\/semmexico\/wp-content\/uploads\/2026\/03\/LILIA-GEMA-1-e1773274493451-768x593.jpg 768w, https:\/\/redsemlac.com\/semmexico\/wp-content\/uploads\/2026\/03\/LILIA-GEMA-1-e1773274493451-150x116.jpg 150w, https:\/\/redsemlac.com\/semmexico\/wp-content\/uploads\/2026\/03\/LILIA-GEMA-1-e1773274493451-696x537.jpg 696w, https:\/\/redsemlac.com\/semmexico\/wp-content\/uploads\/2026\/03\/LILIA-GEMA-1-e1773274493451-1068x824.jpg 1068w, https:\/\/redsemlac.com\/semmexico\/wp-content\/uploads\/2026\/03\/LILIA-GEMA-1-e1773274493451.jpg 1179w\" sizes=\"auto, (max-width: 1024px) 100vw, 1024px\" \/><\/a><\/figure>\n\n\n\n<p class=\"wp-block-paragraph\">De la gesti\u00f3n de la primera presidenta municipal se recuerdan muchas cosas positivas, como las visitas que hac\u00eda a las personas adultas mayores en las agencias y comunidades de la municipalidad, ella caminaba entre los cerros y para aguantar com\u00eda cacao.&nbsp;<\/p>\n\n\n\n<p class=\"wp-block-paragraph\">Sin duda, Lilia Gemma como presidenta estaba cumpliendo con una misi\u00f3n de vida, involucr\u00e1ndose en el n\u00facleo social, para generar un cambio, algo para lo cual se hab\u00eda preparado.<\/p>\n\n\n\n<p class=\"wp-block-paragraph\">De acuerdo con personas allegadas \u201cvivi\u00f3 intensamente esos a\u00f1os\u201d, nada la deten\u00eda, varias veces la vieron operando la retroexcavadora, era una persona todo terreno, tanto que muchas veces las personas con las que trabajaba no le pod\u00edan seguir el paso.<\/p>\n\n\n\n<p class=\"wp-block-paragraph\">En junio de 2025 faltaban seis meses para terminar la gesti\u00f3n de tres a\u00f1os. Hab\u00eda esa sensaci\u00f3n de estar contando los d\u00edas, con su familia se reuni\u00f3 en la ciudad de M\u00e9xico y s\u00ed, hab\u00eda algo extra\u00f1o en su mirada, que no pudieron descifrar porque Lilia Gemma no les dijo si ten\u00eda alg\u00fan problema.<\/p>\n\n\n\n<p class=\"wp-block-paragraph\">Entre las acciones emprendidas y que se le reconocen fue la construcci\u00f3n del camino artesanal, la red de agua entubada, la reparaci\u00f3n de puentes y la apertura de accesos para las rancher\u00edas.<\/p>\n\n\n\n<p class=\"wp-block-paragraph\"><strong>Aguas turbias y ambiciones<\/strong><\/p>\n\n\n\n<p class=\"wp-block-paragraph\">Sin embargo, hab\u00eda una gran preocupaci\u00f3n por la desaparici\u00f3n de cantidades millonarias que habr\u00edan desviado el anterior presidente municipal y quien fungi\u00f3 como suplente, el primero fue Tomas Victorio Garc\u00eda&nbsp;quien desaparecido 50 millones de pesos, adem\u00e1s de enfrentar una denuncia por tentativa de feminicidio.<\/p>\n\n\n\n<p class=\"wp-block-paragraph\">Victorio Garc\u00eda fue sustituido por Sergio Garc\u00eda Gabriel quien fue destituido por el congreso local por el abandono del cargo el 17 de agosto de 2022 y a quien se le atribuye la desaparici\u00f3n de otros 25 millones de pesos.<\/p>\n\n\n\n<p class=\"wp-block-paragraph\">Se trataba de dinero que el gobierno federal hab\u00eda otorgado para resarcir los da\u00f1os producidos por el hurac\u00e1n Agatha de 2022. Hechos a los que suma el robo de la caja fuerte ocurrida el 25 de marzo de 2024, por estos hechos fue detenida una mujer en agosto del 2025. Gemma tambi\u00e9n present\u00f3 una denuncia por la falsificaci\u00f3n de su firma. Lo vivido por la presidenta asesinada el 15 de junio de 2025, sin duda fueron actos de acoso.<\/p>\n\n\n\n<p class=\"wp-block-paragraph\">Estos hechos llevaron a Lilia Gemma a presentarse en una reuni\u00f3n de la mesa de seguridad realizada en Huatulco, que presidi\u00f3 el gobernador Salom\u00f3n Jara Cruz, de viva voz, la presidenta enumero los hechos ante todos los ah\u00ed presenten, quince d\u00edas despu\u00e9s un comando armado, en motocicletas lleg\u00f3 hasta el edificio municipal, subi\u00f3 las escaleras y la mataron.&nbsp;<\/p>\n\n\n\n<p class=\"wp-block-paragraph\">En este \u201coperativo\u201d se utilizaron armas de alto poder y se registraron m\u00e1s de 60 detonaciones, era domingo, pero ella s\u00ed fue a trabajar, como siempre.&nbsp;<\/p>\n\n\n\n<p class=\"wp-block-paragraph\">\u201cAunque era domingo, te encontrabas trabajando en el ayuntamiento, como sol\u00edas hacerlo todos los d\u00edas, en beneficio de aquellos pobladores, y por su mandato, conforme a los usos y costumbres del lugar, al margen de los partidos pol\u00edticos.&nbsp;<\/p>\n\n\n\n<p class=\"wp-block-paragraph\">\u201cSeguramente nunca se sabr\u00e1 el m\u00f3vil del incidente ni los nombres de los matones que dispararon, no dudo que se trate del crimen organizado; a saber, amiga m\u00eda, qu\u00e9 intereses perversos habr\u00e1s tocado con la honestidad y valent\u00eda que siempre te caracterizaron\u201d, le escribi\u00f3 un art\u00edculo publicado en La Jornada el doctor Jim\u00e9nez Mi\u00e9r y Ter\u00e1n.&nbsp;<\/p>\n\n\n\n<p class=\"wp-block-paragraph\">Y s\u00ed, ahora el nombre de Lilia Gemma Garc\u00eda Soto debe ser reivindicado, dicen su familia y sus amistades, quienes ven el entramado alrededor del feminicidio. Porque ella fue una mujer incorruptible y eso quiz\u00e1 le cost\u00f3 la vida, \u201cse empe\u00f1\u00f3 en demostrar que se puede ejercer un cargo p\u00fablico y salir con las manos limpias y la frente en alto\u201d, afirman con admiraci\u00f3n.<\/p>\n\n\n\n\n\n<p class=\"wp-block-paragraph\">La familia quiere saber c\u00f3mo van las investigaciones, porque hasta ahora no conocen ning\u00fan avance, al tiempo de revelar la enorme posibilidad de que el feminicidio de Lilia Gemma se quede en la impunidad, por \u201clos personajes involucrados\u201d, algo de lo que ya no quieren hablar.<\/p>\n\n\n\n<p class=\"wp-block-paragraph\">\u201cElla quer\u00eda dar ese ejemplo a la sociedad y eso es lo que a nosotros como familia nos interesa que se escuche, que se visualice. Porque s\u00ed, fue un ejemplo de lucha, de congruencia y de honestidad.<\/p>\n\n\n\n<p class=\"wp-block-paragraph\">\u201cCongruencia, honestidad y tenacidad son tres palabras que definen el legado, la vida y la obra de nuestra querida, admirada y siempre recordada Lilia Gemma Garc\u00eda Soto.&nbsp;<\/p>\n\n\n\n<p class=\"wp-block-paragraph\">\u201cSu paso por la vida es, sin duda alguna, un ejemplo de pensamiento y acci\u00f3n\u201d, escribi\u00f3 en sus redes sociales otro de sus entra\u00f1ables amigos, el doctor Francisco Guti\u00e9rrez Delgado, quien sostiene que el paso por la vida de Lilia Gemma no fue en vano, dej\u00f3 ejemplo y seguramente semillas sembradas que un d\u00eda veremos germinar y cosechar en quienes hoy son ni\u00f1as y ni\u00f1os, adolescentes que tuvieron la dicha de conocerla.<\/p>\n\n\n\n<p class=\"wp-block-paragraph\">SEM\/sj<\/p>\n","protected":false},"excerpt":{"rendered":"<p>Soledad Jarqu\u00edn Edgar SemM\u00e9xico, Oaxaca, 11 de marzo, 2026.- El pr\u00f3ximo domingo se cumplir\u00e1n nueve meses del asesinato de Lilia Gemma Garc\u00eda Soto, ocurrido el 15 de junio del 2025 en San Mateo Pi\u00f1as, municipio de la Costa de Oaxaca. Un feminicidio ampliamente difundido desde los primeros minutos de aquel domingo de junio, un asesinato [&hellip;]<\/p>\n","protected":false},"author":3,"featured_media":103686,"comment_status":"open","ping_status":"open","sticky":false,"template":"","format":"standard","meta":{"_monsterinsights_skip_tracking":false,"footnotes":""},"categories":[748,700],"tags":[],"class_list":["post-103682","post","type-post","status-publish","format-standard","has-post-thumbnail","category-cultura-feminista","category-estados"],"_links":{"self":[{"href":"https:\/\/redsemlac.com\/semmexico\/wp-json\/wp\/v2\/posts\/103682","targetHints":{"allow":["GET"]}}],"collection":[{"href":"https:\/\/redsemlac.com\/semmexico\/wp-json\/wp\/v2\/posts"}],"about":[{"href":"https:\/\/redsemlac.com\/semmexico\/wp-json\/wp\/v2\/types\/post"}],"author":[{"embeddable":true,"href":"https:\/\/redsemlac.com\/semmexico\/wp-json\/wp\/v2\/users\/3"}],"replies":[{"embeddable":true,"href":"https:\/\/redsemlac.com\/semmexico\/wp-json\/wp\/v2\/comments?post=103682"}],"version-history":[{"count":0,"href":"https:\/\/redsemlac.com\/semmexico\/wp-json\/wp\/v2\/posts\/103682\/revisions"}],"wp:featuredmedia":[{"embeddable":true,"href":"https:\/\/redsemlac.com\/semmexico\/wp-json\/wp\/v2\/media\/103686"}],"wp:attachment":[{"href":"https:\/\/redsemlac.com\/semmexico\/wp-json\/wp\/v2\/media?parent=103682"}],"wp:term":[{"taxonomy":"category","embeddable":true,"href":"https:\/\/redsemlac.com\/semmexico\/wp-json\/wp\/v2\/categories?post=103682"},{"taxonomy":"post_tag","embeddable":true,"href":"https:\/\/redsemlac.com\/semmexico\/wp-json\/wp\/v2\/tags?post=103682"}],"curies":[{"name":"wp","href":"https:\/\/api.w.org\/{rel}","templated":true}]}}