{"id":10364,"date":"2019-07-31T22:24:56","date_gmt":"2019-07-31T22:24:56","guid":{"rendered":"https:\/\/redsemlac.com\/semmexico\/?p=10364"},"modified":"2023-07-21T14:51:58","modified_gmt":"2023-07-21T19:51:58","slug":"condena-cndh-homicidio-del-periodista-rogelio-barragan","status":"publish","type":"post","link":"https:\/\/redsemlac.com\/semmexico\/condena-cndh-homicidio-del-periodista-rogelio-barragan\/","title":{"rendered":"Condena CNDH homicidio del periodista Rogelio Barrag\u00e1n"},"content":{"rendered":"\n<p class=\"wp-block-paragraph\"><strong>Con este homicidio suman ya 150 los periodistas asesinados desde el a\u00f1o 2000, y 9 en lo que va de 2019, lo que denota la violencia imparable contra la prensa en M\u00e9xico<\/strong><\/p>\n\n\n\n<p class=\"wp-block-paragraph\"><strong>Redacci\u00f3n<\/strong><\/p>\n\n\n\n<p class=\"wp-block-paragraph\">SemM\u00e9xico. Cd.&nbsp;&nbsp;de M\u00e9xico. 31 de julio de 2019.- La Comisi\u00f3n Nacional de los Derechos Humanos (CNDH) condena el homicidio del periodista Rogelio Barrag\u00e1n, director del portal de noticias \u201cGuerrero al Instante\u201d, y expresa sus condolencias a sus familiares, as\u00ed como su solidaridad al gremio period\u00edstico de dicho estado, al tiempo que demanda a las autoridades de los estados de Guerrero y Morelos implementar las medidas cautelares que permitan salvaguardar la vida y seguridad de los parientes del comunicador y colaboradores del citado medio que dirig\u00eda y brindarles la contenci\u00f3n emocional que requieran.<\/p>\n\n\n\n<p class=\"wp-block-paragraph\">Asimismo, solicit\u00f3 a la Fiscal\u00eda General de Justicia de Morelos realizar una investigaci\u00f3n exhaustiva de los hechos, con especial \u00e9nfasis en su posible vinculaci\u00f3n con la labor period\u00edstica de la v\u00edctima. Con este homicidio suman ya 150 los periodistas asesinados desde el a\u00f1o 2000, y 9 en los primeros siete meses de 2019, lo que da cuenta de la violencia imparable contra la prensa en M\u00e9xico.<\/p>\n\n\n\n<p class=\"wp-block-paragraph\">Personal de la CNDH se traslada a Morelos para realizar las diligencias correspondientes.<\/p>\n\n\n\n<p class=\"wp-block-paragraph\">De acuerdo con diversa informaci\u00f3n, el d\u00eda de ayer fue localizado en la cajuela de un veh\u00edculo en el municipio de Zacatepec, Morelos, el cuerpo de una persona que posteriormente fue reconocido como Rogelio Barrag\u00e1n, director del portal de noticias \u201cGuerrero al Instante\u201d.<\/p>\n\n\n\n<p class=\"wp-block-paragraph\">En este contexto de alta peligrosidad para el ejercicio period\u00edstico en el pa\u00eds, se hace mucho m\u00e1s necesario el compromiso permanente de las autoridades de los tres niveles de gobierno en prevenir e investigar las agresiones contra comunicadores y abatir la impunidad, as\u00ed como generar ambientes propicios para la libertad de expresi\u00f3n y de pleno respeto y tolerancia a las opiniones diversas.<\/p>\n\n\n\n<p class=\"wp-block-paragraph\">La Comisi\u00f3n Nacional de los Derechos Humanos se mantendr\u00e1 atenta a la evoluci\u00f3n de los acontecimientos y observar\u00e1 el cumplimiento de las autoridades en la implementaci\u00f3n de las medidas cautelares solicitadas.<\/p>\n","protected":false},"excerpt":{"rendered":"<p>Con este homicidio suman ya 150 los periodistas asesinados desde el a\u00f1o 2000, y 9 en lo que va de 2019, lo que denota la violencia imparable contra la prensa en M\u00e9xico.<\/p>\n","protected":false},"author":3,"featured_media":10365,"comment_status":"open","ping_status":"open","sticky":false,"template":"","format":"standard","meta":{"_monsterinsights_skip_tracking":false,"footnotes":""},"categories":[690,55],"tags":[],"class_list":["post-10364","post","type-post","status-publish","format-standard","has-post-thumbnail","category-690","category-periodistas"],"_links":{"self":[{"href":"https:\/\/redsemlac.com\/semmexico\/wp-json\/wp\/v2\/posts\/10364","targetHints":{"allow":["GET"]}}],"collection":[{"href":"https:\/\/redsemlac.com\/semmexico\/wp-json\/wp\/v2\/posts"}],"about":[{"href":"https:\/\/redsemlac.com\/semmexico\/wp-json\/wp\/v2\/types\/post"}],"author":[{"embeddable":true,"href":"https:\/\/redsemlac.com\/semmexico\/wp-json\/wp\/v2\/users\/3"}],"replies":[{"embeddable":true,"href":"https:\/\/redsemlac.com\/semmexico\/wp-json\/wp\/v2\/comments?post=10364"}],"version-history":[{"count":0,"href":"https:\/\/redsemlac.com\/semmexico\/wp-json\/wp\/v2\/posts\/10364\/revisions"}],"wp:featuredmedia":[{"embeddable":true,"href":"https:\/\/redsemlac.com\/semmexico\/wp-json\/wp\/v2\/media\/10365"}],"wp:attachment":[{"href":"https:\/\/redsemlac.com\/semmexico\/wp-json\/wp\/v2\/media?parent=10364"}],"wp:term":[{"taxonomy":"category","embeddable":true,"href":"https:\/\/redsemlac.com\/semmexico\/wp-json\/wp\/v2\/categories?post=10364"},{"taxonomy":"post_tag","embeddable":true,"href":"https:\/\/redsemlac.com\/semmexico\/wp-json\/wp\/v2\/tags?post=10364"}],"curies":[{"name":"wp","href":"https:\/\/api.w.org\/{rel}","templated":true}]}}