{"id":103639,"date":"2026-03-11T10:51:41","date_gmt":"2026-03-11T16:51:41","guid":{"rendered":"https:\/\/redsemlac.com\/semmexico\/?p=103639"},"modified":"2026-03-11T10:51:42","modified_gmt":"2026-03-11T16:51:42","slug":"la-presencia-de-las-mujeres-en-los-ambitos-academicos-no-es-homogenea-se-destaco-en-la-entrega-del-reconocimiento-sor-juana-ines-de-la-cruz","status":"publish","type":"post","link":"https:\/\/redsemlac.com\/semmexico\/la-presencia-de-las-mujeres-en-los-ambitos-academicos-no-es-homogenea-se-destaco-en-la-entrega-del-reconocimiento-sor-juana-ines-de-la-cruz\/","title":{"rendered":"La presencia de las mujeres en los \u00e1mbitos acad\u00e9micos no es homog\u00e9nea, se destac\u00f3 en la entrega del reconocimiento Sor Juana In\u00e9s de la Cruz\u00a0\u00a0"},"content":{"rendered":"\n<p class=\"wp-block-paragraph\">Reconocimiento Sor Juana In\u00e9s de la Cruz 2026 a 85 destacadas universitarias<\/p>\n\n\n\n<p class=\"wp-block-paragraph\">Entrega del galard\u00f3n que se hace en el marco de D\u00eda Internacional de la Mujer otorgado desde 2003&nbsp;<\/p>\n\n\n\n<p class=\"wp-block-paragraph\">Elda Montiel&nbsp;<\/p>\n\n\n\n<p class=\"wp-block-paragraph\">SemM\u00e9xico. Cd. de M\u00e9xico. 11 de marzo 2026.- Son innegables los avances de las mujeres en la historia de la Universidad Nacional Aut\u00f3noma de M\u00e9xico pero&nbsp; tambi\u00e9n lo son los desaf\u00edos, a pesar de que hoy representan alrededor del 46 % del personal acad\u00e9mico, no tienen una presencia homog\u00e9nea en todos los \u00e1mbitos. Por ejemplo, en el Subsistema de la Investigaci\u00f3n Cient\u00edfica s\u00f3lo son el 35 % y en entidades dedicadas a las ciencias f\u00edsicas y matem\u00e1ticas no alcanzan siquiera el 10 %, se\u00f1al\u00f3 la coordinadora de la Investigaci\u00f3n Cient\u00edfica, Mar\u00eda Soledad Funes Arg\u00fcello.<\/p>\n\n\n\n<p class=\"wp-block-paragraph\">En la ceremonia en que el rector Leonardo Lomel\u00ed Vanegas entreg\u00f3 el Reconocimiento Sor Juana In\u00e9s de la Cruz 2026 a 85 destacadas universitarias, Funes Arg\u00fcello afirm\u00f3 que una comunidad acad\u00e9mica incluyente es aquella en la que todas las personas encuentran condiciones reales para desarrollar su talento; donde el acceso a las oportunidades, el reconocimiento del trabajo acad\u00e9mico y la posibilidad de ejercer el liderazgo no est\u00e1n condicionados por el g\u00e9nero\u201d, y enfatiz\u00f3 que construir un entorno incluyente es una responsabilidad colectiva.<\/p>\n\n\n\n<p class=\"wp-block-paragraph\">La cient\u00edfica afirm\u00f3 que las universidades tienen la responsabilidad de contribuir a la construcci\u00f3n de una sociedad m\u00e1s justa, donde la igualdad y la libertad sean condiciones reales para todas las personas. Y agreg\u00f3 que debe hacerse a partir \u201cdel pensamiento cr\u00edtico, el di\u00e1logo y la construcci\u00f3n de soluciones, desde una convicci\u00f3n profunda de que la transformaci\u00f3n social debe ser siempre de forma no violenta\u201d.<\/p>\n\n\n\n\n\n<p class=\"wp-block-paragraph\">Construir ese entorno incluyente, a\u00f1adi\u00f3, es una responsabilidad colectiva. Implica revisar pr\u00e1cticas institucionales, fortalecer las redes de apoyo entre acad\u00e9micas y acad\u00e9micos, y asegurar que las nuevas generaciones encuentren en la Universidad espacios donde puedan desarrollar su vocaci\u00f3n con libertad, confianza y dignidad.<\/p>\n\n\n\n<p class=\"wp-block-paragraph\">En la ceremonia de entrega del galard\u00f3n que se hace en el marco de D\u00eda Internacional de la Mujer otorgado desde 2003, en el marco del D\u00eda Internacional de la Mujer, el rector de la UNAM, Leonardo Lomel\u00ed Vanegas entrego medalla y diploma a 85 profesoras e investigadoras por su labor acad\u00e9mica.&nbsp;<\/p>\n\n\n\n<p class=\"wp-block-paragraph\">A nombre de las galardonadas, la acad\u00e9mica de la Facultad de Ciencias Pol\u00edticas y Sociales, Gina Zabludovzky Kuper, afirm\u00f3 que de 1970 a la fecha&nbsp; el crecimiento de la participaci\u00f3n femenina en la educaci\u00f3n superior ha pasado de 17 a 54 %, lo que ha cambiado las interpretaciones sobre las historias disciplinarias y ha permitido que cient\u00edficas y creadoras invisibilizadas adquieran \u201cnueva vida\u201d.<\/p>\n\n\n\n<p class=\"wp-block-paragraph\">Zabludovsky Kuper expuso que entre el estudiantado de primer ingreso en la UNAM, en ciencias fisicomatem\u00e1ticas e ingenier\u00edas ellas \u00fanicamente conforman el 34 %; en tanto que los hombres registran ese mismo porcentaje de la matr\u00edcula de primer ingreso en las carreras de las humanidades y las artes.<\/p>\n\n\n\n\n\n<p class=\"wp-block-paragraph\">Consider\u00f3 que para romper con los estereotipos la Universidad tiene una importante \u00e1rea de oportunidad para continuar el camino andado en favor de la equidad y tratar de incidir en las elecciones profesionales desde el bachillerato, para que sean m\u00e1s las mujeres que opten por estudios en las \u00e1reas STEM \u2013ciencia, tecnolog\u00eda, ingenier\u00edas y matem\u00e1ticas\u2013, disciplinas que proyectan especiales oportunidades laborales, y contribuyen a reducir las brechas de g\u00e9nero de forma significativa\u201d.<\/p>\n\n\n\n<p class=\"wp-block-paragraph\">Para la doctora Liz Hamui Sutton, acad\u00e9mica de la Divisi\u00f3n de Estudios de Posgrado de la Facultad de Medicina Hamui Sutton, la figura de Sor Juana In\u00e9s de la Cruz simboliza la defensa del derecho al conocimiento, la libertad intelectual y la voz cr\u00edtica de las mujeres en contextos adversos. Se\u00f1al\u00f3 que su legado representa la valent\u00eda de pensar por cuenta propia y la convicci\u00f3n de que el conocimiento no es un privilegio, sino una herramienta de emancipaci\u00f3n que exige rigor y coraje \u00e9tico.<\/p>\n\n\n\n<p class=\"wp-block-paragraph\">Para la Dra. Yazm\u00edn Alcal\u00e1 Canto, acad\u00e9mica de la Facultad de Medicina Veterinaria y Zootecnia (FMVZ), detr\u00e1s de cada reconocimiento institucional se encuentran&nbsp; d\u00e9cadas de esfuerzos orientados a garantizar la presencia, la voz y el liderazgo de las mujeres en los espacios de investigaci\u00f3n y ense\u00f1anza superior.&nbsp;<\/p>\n\n\n\n<p class=\"wp-block-paragraph\">En la ceremonia estuvieron las integrantes de la Junta de Gobierno: Marcia Hiriart Urdanivia, Mar\u00eda de Lourdes Cruz Gonz\u00e1lez Franco, Sara Ladr\u00f3n de Guevara Gonz\u00e1lez, Roc\u00edo J\u00e1uregui Renaud y Mar\u00eda de la Luz Jimena de Teresa de Oteyza.<\/p>\n\n\n\n<p class=\"wp-block-paragraph\">Susana Magall\u00f3n Puebla, presidenta de la Comisi\u00f3n Especial de Igualdad de G\u00e9nero del Consejo Universitario y directora del Instituto de Biolog\u00eda; as\u00ed como Mary Frances Teresa Rodr\u00edguez Van Gort, directora de la Facultad de Filosof\u00eda y Letras.&nbsp;<\/p>\n\n\n\n<p class=\"wp-block-paragraph\">Laura Alicia Palomares Aguilera, Elisa Speckman Guerra, Ang\u00e9lica Vel\u00e1zquez Guadarrama, directoras de los institutos de Biotecnolog\u00eda, Investigaciones Hist\u00f3ricas y de Investigaciones Est\u00e9ticas, respectivamente; y Amneris Chaparro Mart\u00ednez, directora del Centro de Investigaciones y Estudios de G\u00e9nero, entre otras personalidades y comunidad universitaria.<\/p>\n","protected":false},"excerpt":{"rendered":"<p>Reconocimiento Sor Juana In\u00e9s de la Cruz 2026 a 85 destacadas universitarias Entrega del galard\u00f3n que se hace en el marco de D\u00eda Internacional de la Mujer otorgado desde 2003&nbsp; Elda Montiel&nbsp; SemM\u00e9xico. Cd. de M\u00e9xico. 11 de marzo 2026.- Son innegables los avances de las mujeres en la historia de la Universidad Nacional Aut\u00f3noma [&hellip;]<\/p>\n","protected":false},"author":3,"featured_media":103640,"comment_status":"open","ping_status":"open","sticky":false,"template":"","format":"standard","meta":{"_monsterinsights_skip_tracking":false,"footnotes":""},"categories":[205,694],"tags":[],"class_list":["post-103639","post","type-post","status-publish","format-standard","has-post-thumbnail","category-8-de-marzo","category-destacadas"],"_links":{"self":[{"href":"https:\/\/redsemlac.com\/semmexico\/wp-json\/wp\/v2\/posts\/103639","targetHints":{"allow":["GET"]}}],"collection":[{"href":"https:\/\/redsemlac.com\/semmexico\/wp-json\/wp\/v2\/posts"}],"about":[{"href":"https:\/\/redsemlac.com\/semmexico\/wp-json\/wp\/v2\/types\/post"}],"author":[{"embeddable":true,"href":"https:\/\/redsemlac.com\/semmexico\/wp-json\/wp\/v2\/users\/3"}],"replies":[{"embeddable":true,"href":"https:\/\/redsemlac.com\/semmexico\/wp-json\/wp\/v2\/comments?post=103639"}],"version-history":[{"count":0,"href":"https:\/\/redsemlac.com\/semmexico\/wp-json\/wp\/v2\/posts\/103639\/revisions"}],"wp:featuredmedia":[{"embeddable":true,"href":"https:\/\/redsemlac.com\/semmexico\/wp-json\/wp\/v2\/media\/103640"}],"wp:attachment":[{"href":"https:\/\/redsemlac.com\/semmexico\/wp-json\/wp\/v2\/media?parent=103639"}],"wp:term":[{"taxonomy":"category","embeddable":true,"href":"https:\/\/redsemlac.com\/semmexico\/wp-json\/wp\/v2\/categories?post=103639"},{"taxonomy":"post_tag","embeddable":true,"href":"https:\/\/redsemlac.com\/semmexico\/wp-json\/wp\/v2\/tags?post=103639"}],"curies":[{"name":"wp","href":"https:\/\/api.w.org\/{rel}","templated":true}]}}