{"id":103590,"date":"2026-03-11T10:46:19","date_gmt":"2026-03-11T16:46:19","guid":{"rendered":"https:\/\/redsemlac.com\/semmexico\/?p=103590"},"modified":"2026-03-11T10:46:20","modified_gmt":"2026-03-11T16:46:20","slug":"este-8m-no-es-una-consigna-es-denuncia-conmemoramos-no-celebramos","status":"publish","type":"post","link":"https:\/\/redsemlac.com\/semmexico\/este-8m-no-es-una-consigna-es-denuncia-conmemoramos-no-celebramos\/","title":{"rendered":"Este 8M no es una consigna, es denuncia\u201d\u2026 \u201cConmemoramos, no celebramos\u201d"},"content":{"rendered":"\n<p class=\"wp-block-paragraph\">Cr\u00f3nica desde la zona Zapatista de Chiapas<\/p>\n\n\n\n<p class=\"wp-block-paragraph\">Una espectacular manifestaci\u00f3n&nbsp;<\/p>\n\n\n\n<p class=\"wp-block-paragraph\">Radio Zapatista&nbsp;<\/p>\n\n\n\n<p class=\"wp-block-paragraph\">SemM\u00e9xico, San Crist\u00f3bal de las Casas, Chiapas, 11 de marzo, 2026.-La Plaza de la Paz en San Crist\u00f3bal de Las Casas empez\u00f3 a recibir a las mujeres desde temprano, las organizadoras nos convocaron para las 10 de la ma\u00f1ana, el sol estaba ya presente y las mujeres empezaron a llegar listas para marchar. Algunas llegaron con sus creatividades para compartirlas, otras con sus tambores, otras con sus ni\u00f1eces en carreolas, canguros o a pie.&nbsp;<\/p>\n\n\n\n<p class=\"wp-block-paragraph\">Mientras las organizadoras acomodaban a los contingentes diversos, sus pancartas y mantas, el sol arreciaba y nos convidaba a prepararnos con las consignas. Hasta delante iban las mantas con las im\u00e1genes de desaparecidas y desaparecidos cargadas por sus familiares y amigues.&nbsp;<\/p>\n\n\n\n<p class=\"wp-block-paragraph\">En seguida ven\u00eda el contingente de las ni\u00f1eces, sosteniendo mantas o peque\u00f1as pancartas. Segu\u00edan las tamboreras, la guardia de seguridad y la mezcla de mujeres de todas las edades, colores y or\u00edgenes. Coreamos las consignas mientras que algunos transe\u00fantes se mostraban indiferentes pero otros tambi\u00e9n se nos sumaban.&nbsp; La marcha ti\u00f1\u00f3 de morado al \u201cpueblo m\u00e1gico\u201d tambi\u00e9n objeto de denuncia por feminicida.<\/p>\n\n\n\n<p class=\"wp-block-paragraph\">Al llegar de regreso a la Plaza de la Paz las organizadoras tomaron la palabra y evocaron a las mujeres, a las ni\u00f1as y a todas las cuerpas disidentes. Cuerpas parte de esta marcha. Nos dijeron:&nbsp;&nbsp;<\/p>\n\n\n\n<p class=\"wp-block-paragraph\">\u201cHablar de violencia aqu\u00ed no es hablar de lo ajeno sino de una experiencia encarnada. En este 8M la lucha no es individual es comunitaria\u2026 queremos un feminismo que no deje fuera a las ind\u00edgenas, a las trans\u2026 Los feminicidios siguen impunes\u2026 Ya no m\u00e1s silencio, miedo, impunidad, no m\u00e1s desapariciones, no m\u00e1s transfobia\u2026 No solo queremos recordar sino proteger a las que aqu\u00ed estamos\u2026 Nos queremos libres, vivas, orgullosas\u2026\u201d<\/p>\n\n\n\n<figure class=\"wp-block-image size-full\"><a href=\"https:\/\/redsemlac.com\/semmexico\/wp-content\/uploads\/2026\/03\/image-40.jpeg\"><img loading=\"lazy\" decoding=\"async\" width=\"350\" height=\"263\" src=\"https:\/\/redsemlac.com\/semmexico\/wp-content\/uploads\/2026\/03\/image-40.jpeg\" alt=\"\" class=\"wp-image-103620\" srcset=\"https:\/\/redsemlac.com\/semmexico\/wp-content\/uploads\/2026\/03\/image-40.jpeg 350w, https:\/\/redsemlac.com\/semmexico\/wp-content\/uploads\/2026\/03\/image-40-300x225.jpeg 300w, https:\/\/redsemlac.com\/semmexico\/wp-content\/uploads\/2026\/03\/image-40-150x113.jpeg 150w\" sizes=\"auto, (max-width: 350px) 100vw, 350px\" \/><\/a><\/figure>\n\n\n\n<p class=\"wp-block-paragraph\"><strong>En seguida dieron su testimonio las familiares de v\u00edctimas de desaparici\u00f3n forzosa<\/strong>.&nbsp;<\/p>\n\n\n\n<p class=\"wp-block-paragraph\">Dos jovencita y una mujer mayor afirmaron que ellas nunca imaginaron estar en la situaci\u00f3n que est\u00e1n, con tres desaparecidos (una mujer y dos hombres) de su propia familia. Denunciaron el calvario que ha sido para ellas todo por lo que han pasado pero dijeron ac\u00e1 estar, seguir denunciando.<\/p>\n\n\n\n<p class=\"wp-block-paragraph\"><em>Familiar de v\u00edctima de desaparici\u00f3n forzada (<\/em><a href=\"https:\/\/radiozapatista.org\/wp-content\/uploads\/2026\/03\/4-Familiar-victima-desaparicion-forzada-8M2026.mp3\"><em>Descarga aqu\u00ed<\/em><\/a><em>):<\/em><\/p>\n\n\n\n<p class=\"wp-block-paragraph\">Dos compa\u00f1eras m\u00e1s tomaron el mag\u00e1fono y nos compartieron que son sobrevivientes de un intento de feminicidio acaecido en una de las monta\u00f1a del sur de la ciudad. Con gran indignaci\u00f3n denunciaron todo lo que han pasado porque los tres niveles de gobierno no son capaces de cumplir con garantizar la seguridad de sus ciudadanas y con hacer justicia. Dijeron:<\/p>\n\n\n\n<p class=\"wp-block-paragraph\">\u201cSomos v\u00edctimas de un ataque armado, tipificado como robo, cuando fue un intento de feminicidio\u2026 Sobrevivir en M\u00e9xico, no garantiza justicia\u2026 Hemos vivido la agresi\u00f3n armada y la violencia institucional que es violencia de g\u00e9nero\u2026 Las instituciones de gobierno no cumplen los compromisos jur\u00eddicos vinculantes\u2026 La impunidad nos ha dejado heridas institucionales\u2026 sin nuestra red de apoyo no hubi\u00e9ramos podido sobrevivir\u2026 Responsabilizamos a todos los niveles de gobierno\u2026 El Estado trat\u00f3 de silenciarnos\u2026 exigimos que el Estado asuma su responsabilidad\u2026 Sobrevivimos a tres a\u00f1os de violencia institucional\u2026 Tres a\u00f1os despu\u00e9s aqu\u00ed seguimos\u2026\u201d<\/p>\n\n\n\n<p class=\"wp-block-paragraph\"><em>Sobrevivientes de intento de feminicidio (<\/em><a href=\"https:\/\/radiozapatista.org\/wp-content\/uploads\/2026\/03\/5-Sobrevivientes-de-intentio-feminicidio-8m2026.mp3\"><em>Descarga aqu\u00ed<\/em><\/a><em>):<\/em><\/p>\n\n\n\n<p class=\"wp-block-paragraph\">\u201cHoy una jueza confirm\u00f3 que dijimos la verdad: sobrevivimos a un intento de feminicidio. Lo que falta es que el Estado asuma su responsabilidad.\u201d<\/p>\n\n\n\n<p class=\"wp-block-paragraph\"><strong>Pronunciamiento 8M 2026 \u2013 M\u00e9xico: Somos Sobreviviente de intento de feminicidio y &nbsp;denunciamos violencia institucional del Estado<\/strong><\/p>\n\n\n\n<p class=\"wp-block-paragraph\"><strong>San Crist\u00f3bal de Las Casas, Chiapas \u2014 Marzo 2026<\/strong><\/p>\n\n\n\n<p class=\"wp-block-paragraph\">Hoy no estamos aqu\u00ed para celebrar. Este 8 de marzo no es fiesta. No es felicitaci\u00f3n.<br>No es flores ni discursos vac\u00edos. Porque lejos de tener mejores condiciones de vida,<br>las mujeres en M\u00e9xico \u2014y en Chiapas\u2014 seguimos siendo violentadas, incluso por quienes tienen la obligaci\u00f3n constitucional de protegernos.<\/p>\n\n\n\n<p class=\"wp-block-paragraph\">\u201cLa justicia retrasada es justicia denegada\u201d. En el marco del D\u00eda Internacional de las Mujeres declaramos algo con claridad: <strong>Sobrevivir en M\u00e9xico no garantiza justicia.<\/strong><\/p>\n\n\n\n<p class=\"wp-block-paragraph\">El 23 de febrero de 2023 fuimos v\u00edctimas de un ataque armado en una monta\u00f1a en San Crist\u00f3bal de Las Casas, Chiapas. No fue un robo. Fue un&nbsp;<strong>intento de feminicidio. <\/strong>Sobrevivimos. Pero sobrevivir en M\u00e9xico&nbsp;<strong>no garantiza justicia<\/strong>.<\/p>\n\n\n\n<p class=\"wp-block-paragraph\">El Estado no nos protegi\u00f3. Denunciamos. Y entonces comenz\u00f3 otra forma de violencia. El delito fue clasificado como&nbsp;<strong>robo con violencia<\/strong>, y no como intento de feminicidio. Solo cuando el caso se hizo p\u00fablico hubo reacci\u00f3n institucional. Todas las instituciones que deb\u00edan garantizarnos justicia&nbsp;<strong>violaron nuestros derechos<\/strong>.<\/p>\n\n\n\n<p class=\"wp-block-paragraph\">Desde entonces hemos enfrentado:<\/p>\n\n\n\n<p class=\"wp-block-paragraph\">\u2022 Cambios reiterados de fiscales y asesoras jur\u00eddicas.<br>\u2022 M\u00e1s de un a\u00f1o de audiencias suspendidas.<br>\u2022 Negativa inicial de medidas de protecci\u00f3n pese a las amenazas.<br>\u2022 Intentos de presi\u00f3n para modificar declaraciones relacionadas con violencia sexual.<br>\u2022 Exposici\u00f3n de nuestra identidad.<br>\u2022 Y el despido de peritos y de nuestra asesora legal en pleno juicio oral, afectando directamente nuestro derecho a la justicia.<\/p>\n\n\n\n<p class=\"wp-block-paragraph\"><strong>Hoy lo decimos con claridad: La violencia institucional tambi\u00e9n es violencia de g\u00e9nero.<\/strong><\/p>\n\n\n\n<p class=\"wp-block-paragraph\">Acudimos a la Comisi\u00f3n Estatal de los Derechos Humanos de Chiapas. Se reconocieron irregularidades. Sin embargo, el expediente fue archivado&nbsp;<strong>sin reparaci\u00f3n efectiva<\/strong>. El proceso contin\u00faa ante el Poder Judicial del Estado de Chiapas. Y es hasta que&nbsp;<strong>una jueza mujer tom\u00f3 el caso<\/strong>, con perspectiva de g\u00e9nero, con empat\u00eda y comprensi\u00f3n del contexto de violencia que vivimos las mujeres, que empezamos a ver una luz al final del camino.<\/p>\n\n\n\n<p class=\"wp-block-paragraph\">Pero las dilaciones y decisiones administrativas siguen afectando nuestro derecho a una justicia pronta, imparcial y con perspectiva de g\u00e9nero. M\u00e9xico tiene obligaciones internacionales bajo la&nbsp;<strong>CEDAW<\/strong>&nbsp;y la&nbsp;<strong>Convenci\u00f3n de Bel\u00e9m do Par\u00e1<\/strong>: prevenir, investigar, sancionar y reparar la violencia contra las mujeres con debida diligencia.<\/p>\n\n\n\n<p class=\"wp-block-paragraph\">Esas obligaciones&nbsp;<strong>no son narrativa pol\u00edtica<\/strong>. Son&nbsp;<strong>compromisos jur\u00eddicos vinculantes. <\/strong>Mientras nuestros agresores esperan sentencia bajo techo, nosotras trabajamos para pagar terapias, rehabilitaci\u00f3n y los costos de un proceso interminable. Seguimos recibiendo amenazas. <strong>No pedimos privilegios. Exigimos justicia. <\/strong>El ataque armado nos dej\u00f3 heridas f\u00edsicas. La impunidad nos dej\u00f3 heridas institucionales. <strong>Ambas son responsabilidad del Estado.<\/strong><\/p>\n\n\n\n<p class=\"wp-block-paragraph\">Hoy, aunque el juicio a\u00fan no concluye de manera definitiva, sabemos que nuestros agresores han sido sentenciados por&nbsp;<strong>intento de feminicidio<\/strong>. Eso es un logro. Es resultado de la lucha jur\u00eddica, del acompa\u00f1amiento, de la insistencia y de no haber guardado silencio.<\/p>\n\n\n\n<p class=\"wp-block-paragraph\">Y queremos decirlo tambi\u00e9n: Gracias a las abogadas que nos defendieron con firmeza.<br>Gracias a las funcionarias e instituciones que s\u00ed actuaron con \u00e9tica. Gracias a nuestros padres.<br>Gracias a nuestras amigas y amigues que no soltaron nuestra mano cuando el miedo era insoportable. Sin esa red,&nbsp;<strong>no estar\u00edamos aqu\u00ed.<\/strong><\/p>\n\n\n\n<p class=\"wp-block-paragraph\">Pero incluso ante una sentencia, no hay tranquilidad absoluta. Nos cuesta creerlo. Tememos que en cualquier momento una decisi\u00f3n administrativa cambie el rumbo. Tememos represalias.<br>Tememos a las redes familiares y comunitarias que han intentado intimidarnos. La sentencia no borra el miedo. La justicia parcial no repara todo el da\u00f1o.<\/p>\n\n\n\n<p class=\"wp-block-paragraph\">En este&nbsp;<strong>8M<\/strong>&nbsp;declaramos:<\/p>\n\n\n\n<p class=\"wp-block-paragraph\">Un gobierno que dice defender a las mujeres no puede despedir a quienes las representan en juicio. Un gobierno que se dice humanista no puede normalizar la revictimizaci\u00f3n. Un sistema que tolera la impunidad no puede llamarse transformador. Y lo decimos con claridad pol\u00edtica: <strong>Un pa\u00eds feminicida no puede llamarse m\u00e1gico.<\/strong><\/p>\n\n\n\n<p class=\"wp-block-paragraph\">Responsabilizamos al Estado mexicano \u2014en sus niveles municipal, estatal y federal\u2014 por: \u2022 La falta de protecci\u00f3n oportuna;&nbsp; Las omisiones en la investigaci\u00f3n;&nbsp; La revictimizaci\u00f3n constante;&nbsp; El riesgo en el que nos colocaron;&nbsp; Y cualquier da\u00f1o que pueda ocurrirnos.<\/p>\n\n\n\n<p class=\"wp-block-paragraph\">No queremos ser valientes. <strong>Queremos ser libres. <\/strong>No queremos sobrevivir al sistema. <strong>Queremos justicia. <\/strong>Si algo nos sucede, ser\u00e1 responsabilidad del Estado. Este 8 de marzo no es una consigna. Es memoria. Es denuncia. Es exigencia. Y tambi\u00e9n es advertencia.<\/p>\n\n\n\n<p class=\"wp-block-paragraph\">Foto-reportaje aporte de la Colectiva PVIFS-Chiapas<br>8M Plaza de la Paz<br>SCLC. Chiapas, M\u00e9xico<\/p>\n\n\n\n<figure class=\"wp-block-image size-full\"><a href=\"https:\/\/redsemlac.com\/semmexico\/wp-content\/uploads\/2026\/03\/image-20.jpeg\"><img loading=\"lazy\" decoding=\"async\" width=\"225\" height=\"300\" src=\"https:\/\/redsemlac.com\/semmexico\/wp-content\/uploads\/2026\/03\/image-20.jpeg\" alt=\"\" class=\"wp-image-103592\" srcset=\"https:\/\/redsemlac.com\/semmexico\/wp-content\/uploads\/2026\/03\/image-20.jpeg 225w, https:\/\/redsemlac.com\/semmexico\/wp-content\/uploads\/2026\/03\/image-20-150x200.jpeg 150w\" sizes=\"auto, (max-width: 225px) 100vw, 225px\" \/><\/a><\/figure>\n\n\n\n<figure class=\"wp-block-image size-full\"><a href=\"https:\/\/redsemlac.com\/semmexico\/wp-content\/uploads\/2026\/03\/image-21.jpeg\"><img loading=\"lazy\" decoding=\"async\" width=\"350\" height=\"263\" src=\"https:\/\/redsemlac.com\/semmexico\/wp-content\/uploads\/2026\/03\/image-21.jpeg\" alt=\"\" class=\"wp-image-103605\" srcset=\"https:\/\/redsemlac.com\/semmexico\/wp-content\/uploads\/2026\/03\/image-21.jpeg 350w, https:\/\/redsemlac.com\/semmexico\/wp-content\/uploads\/2026\/03\/image-21-300x225.jpeg 300w, https:\/\/redsemlac.com\/semmexico\/wp-content\/uploads\/2026\/03\/image-21-150x113.jpeg 150w\" sizes=\"auto, (max-width: 350px) 100vw, 350px\" \/><\/a><\/figure>\n\n\n\n<figure class=\"wp-block-image size-full\"><a href=\"https:\/\/redsemlac.com\/semmexico\/wp-content\/uploads\/2026\/03\/image-21.jpeg\"><img loading=\"lazy\" decoding=\"async\" width=\"350\" height=\"263\" src=\"https:\/\/redsemlac.com\/semmexico\/wp-content\/uploads\/2026\/03\/image-21.jpeg\" alt=\"\" class=\"wp-image-103595\" srcset=\"https:\/\/redsemlac.com\/semmexico\/wp-content\/uploads\/2026\/03\/image-21.jpeg 350w, https:\/\/redsemlac.com\/semmexico\/wp-content\/uploads\/2026\/03\/image-21-300x225.jpeg 300w, https:\/\/redsemlac.com\/semmexico\/wp-content\/uploads\/2026\/03\/image-21-150x113.jpeg 150w\" sizes=\"auto, (max-width: 350px) 100vw, 350px\" \/><\/a><\/figure>\n\n\n\n<figure class=\"wp-block-image size-full\"><a href=\"https:\/\/redsemlac.com\/semmexico\/wp-content\/uploads\/2026\/03\/image-22.jpeg\"><img loading=\"lazy\" decoding=\"async\" width=\"350\" height=\"263\" src=\"https:\/\/redsemlac.com\/semmexico\/wp-content\/uploads\/2026\/03\/image-22.jpeg\" alt=\"\" class=\"wp-image-103591\" srcset=\"https:\/\/redsemlac.com\/semmexico\/wp-content\/uploads\/2026\/03\/image-22.jpeg 350w, https:\/\/redsemlac.com\/semmexico\/wp-content\/uploads\/2026\/03\/image-22-300x225.jpeg 300w, https:\/\/redsemlac.com\/semmexico\/wp-content\/uploads\/2026\/03\/image-22-150x113.jpeg 150w\" sizes=\"auto, (max-width: 350px) 100vw, 350px\" \/><\/a><\/figure>\n\n\n\n<figure class=\"wp-block-image size-full\"><a href=\"https:\/\/redsemlac.com\/semmexico\/wp-content\/uploads\/2026\/03\/image-25.jpeg\"><img loading=\"lazy\" decoding=\"async\" width=\"350\" height=\"263\" src=\"https:\/\/redsemlac.com\/semmexico\/wp-content\/uploads\/2026\/03\/image-25.jpeg\" alt=\"\" class=\"wp-image-103602\" srcset=\"https:\/\/redsemlac.com\/semmexico\/wp-content\/uploads\/2026\/03\/image-25.jpeg 350w, https:\/\/redsemlac.com\/semmexico\/wp-content\/uploads\/2026\/03\/image-25-300x225.jpeg 300w, https:\/\/redsemlac.com\/semmexico\/wp-content\/uploads\/2026\/03\/image-25-150x113.jpeg 150w\" sizes=\"auto, (max-width: 350px) 100vw, 350px\" \/><\/a><\/figure>\n\n\n\n<figure class=\"wp-block-image size-full\"><a href=\"https:\/\/redsemlac.com\/semmexico\/wp-content\/uploads\/2026\/03\/image-23.jpeg\"><img loading=\"lazy\" decoding=\"async\" width=\"350\" height=\"263\" src=\"https:\/\/redsemlac.com\/semmexico\/wp-content\/uploads\/2026\/03\/image-23.jpeg\" alt=\"\" class=\"wp-image-103594\" srcset=\"https:\/\/redsemlac.com\/semmexico\/wp-content\/uploads\/2026\/03\/image-23.jpeg 350w, https:\/\/redsemlac.com\/semmexico\/wp-content\/uploads\/2026\/03\/image-23-300x225.jpeg 300w, https:\/\/redsemlac.com\/semmexico\/wp-content\/uploads\/2026\/03\/image-23-150x113.jpeg 150w\" sizes=\"auto, (max-width: 350px) 100vw, 350px\" \/><\/a><\/figure>\n\n\n\n<figure class=\"wp-block-image size-full\"><a href=\"https:\/\/redsemlac.com\/semmexico\/wp-content\/uploads\/2026\/03\/image-34.jpeg\"><img loading=\"lazy\" decoding=\"async\" width=\"350\" height=\"263\" src=\"https:\/\/redsemlac.com\/semmexico\/wp-content\/uploads\/2026\/03\/image-34.jpeg\" alt=\"\" class=\"wp-image-103601\" srcset=\"https:\/\/redsemlac.com\/semmexico\/wp-content\/uploads\/2026\/03\/image-34.jpeg 350w, https:\/\/redsemlac.com\/semmexico\/wp-content\/uploads\/2026\/03\/image-34-300x225.jpeg 300w, https:\/\/redsemlac.com\/semmexico\/wp-content\/uploads\/2026\/03\/image-34-150x113.jpeg 150w\" sizes=\"auto, (max-width: 350px) 100vw, 350px\" \/><\/a><\/figure>\n\n\n\n<figure class=\"wp-block-image size-full\"><a href=\"https:\/\/redsemlac.com\/semmexico\/wp-content\/uploads\/2026\/03\/image-30.jpeg\"><img loading=\"lazy\" decoding=\"async\" width=\"225\" height=\"300\" src=\"https:\/\/redsemlac.com\/semmexico\/wp-content\/uploads\/2026\/03\/image-30.jpeg\" alt=\"\" class=\"wp-image-103614\" srcset=\"https:\/\/redsemlac.com\/semmexico\/wp-content\/uploads\/2026\/03\/image-30.jpeg 225w, https:\/\/redsemlac.com\/semmexico\/wp-content\/uploads\/2026\/03\/image-30-150x200.jpeg 150w\" sizes=\"auto, (max-width: 225px) 100vw, 225px\" \/><\/a><\/figure>\n\n\n\n<figure class=\"wp-block-image size-full\"><a href=\"https:\/\/redsemlac.com\/semmexico\/wp-content\/uploads\/2026\/03\/image-24.jpeg\"><img loading=\"lazy\" decoding=\"async\" width=\"350\" height=\"263\" src=\"https:\/\/redsemlac.com\/semmexico\/wp-content\/uploads\/2026\/03\/image-24.jpeg\" alt=\"\" class=\"wp-image-103597\" srcset=\"https:\/\/redsemlac.com\/semmexico\/wp-content\/uploads\/2026\/03\/image-24.jpeg 350w, https:\/\/redsemlac.com\/semmexico\/wp-content\/uploads\/2026\/03\/image-24-300x225.jpeg 300w, https:\/\/redsemlac.com\/semmexico\/wp-content\/uploads\/2026\/03\/image-24-150x113.jpeg 150w\" sizes=\"auto, (max-width: 350px) 100vw, 350px\" \/><\/a><\/figure>\n\n\n\n<figure class=\"wp-block-image size-full\"><a href=\"https:\/\/redsemlac.com\/semmexico\/wp-content\/uploads\/2026\/03\/image-32.jpeg\"><img loading=\"lazy\" decoding=\"async\" width=\"350\" height=\"263\" src=\"https:\/\/redsemlac.com\/semmexico\/wp-content\/uploads\/2026\/03\/image-32.jpeg\" alt=\"\" class=\"wp-image-103622\" srcset=\"https:\/\/redsemlac.com\/semmexico\/wp-content\/uploads\/2026\/03\/image-32.jpeg 350w, https:\/\/redsemlac.com\/semmexico\/wp-content\/uploads\/2026\/03\/image-32-300x225.jpeg 300w, https:\/\/redsemlac.com\/semmexico\/wp-content\/uploads\/2026\/03\/image-32-150x113.jpeg 150w\" sizes=\"auto, (max-width: 350px) 100vw, 350px\" \/><\/a><\/figure>\n\n\n\n<figure class=\"wp-block-image size-full\"><a href=\"https:\/\/redsemlac.com\/semmexico\/wp-content\/uploads\/2026\/03\/image-33.jpeg\"><img loading=\"lazy\" decoding=\"async\" width=\"350\" height=\"263\" src=\"https:\/\/redsemlac.com\/semmexico\/wp-content\/uploads\/2026\/03\/image-33.jpeg\" alt=\"\" class=\"wp-image-103619\" srcset=\"https:\/\/redsemlac.com\/semmexico\/wp-content\/uploads\/2026\/03\/image-33.jpeg 350w, https:\/\/redsemlac.com\/semmexico\/wp-content\/uploads\/2026\/03\/image-33-300x225.jpeg 300w, https:\/\/redsemlac.com\/semmexico\/wp-content\/uploads\/2026\/03\/image-33-150x113.jpeg 150w\" sizes=\"auto, (max-width: 350px) 100vw, 350px\" \/><\/a><\/figure>\n\n\n\n<figure class=\"wp-block-image size-full\"><a href=\"https:\/\/redsemlac.com\/semmexico\/wp-content\/uploads\/2026\/03\/image-28.jpeg\"><img loading=\"lazy\" decoding=\"async\" width=\"350\" height=\"263\" src=\"https:\/\/redsemlac.com\/semmexico\/wp-content\/uploads\/2026\/03\/image-28.jpeg\" alt=\"\" class=\"wp-image-103610\" srcset=\"https:\/\/redsemlac.com\/semmexico\/wp-content\/uploads\/2026\/03\/image-28.jpeg 350w, https:\/\/redsemlac.com\/semmexico\/wp-content\/uploads\/2026\/03\/image-28-300x225.jpeg 300w, https:\/\/redsemlac.com\/semmexico\/wp-content\/uploads\/2026\/03\/image-28-150x113.jpeg 150w\" sizes=\"auto, (max-width: 350px) 100vw, 350px\" \/><\/a><\/figure>\n\n\n\n<figure class=\"wp-block-image size-full\"><a href=\"https:\/\/redsemlac.com\/semmexico\/wp-content\/uploads\/2026\/03\/image-30.jpeg\"><img loading=\"lazy\" decoding=\"async\" width=\"225\" height=\"300\" src=\"https:\/\/redsemlac.com\/semmexico\/wp-content\/uploads\/2026\/03\/image-30.jpeg\" alt=\"\" class=\"wp-image-103604\" srcset=\"https:\/\/redsemlac.com\/semmexico\/wp-content\/uploads\/2026\/03\/image-30.jpeg 225w, https:\/\/redsemlac.com\/semmexico\/wp-content\/uploads\/2026\/03\/image-30-150x200.jpeg 150w\" sizes=\"auto, (max-width: 225px) 100vw, 225px\" \/><\/a><\/figure>\n\n\n\n<figure class=\"wp-block-image size-full\"><a href=\"https:\/\/redsemlac.com\/semmexico\/wp-content\/uploads\/2026\/03\/image-36.jpeg\"><img loading=\"lazy\" decoding=\"async\" width=\"350\" height=\"263\" src=\"https:\/\/redsemlac.com\/semmexico\/wp-content\/uploads\/2026\/03\/image-36.jpeg\" alt=\"\" class=\"wp-image-103603\" srcset=\"https:\/\/redsemlac.com\/semmexico\/wp-content\/uploads\/2026\/03\/image-36.jpeg 350w, https:\/\/redsemlac.com\/semmexico\/wp-content\/uploads\/2026\/03\/image-36-300x225.jpeg 300w, https:\/\/redsemlac.com\/semmexico\/wp-content\/uploads\/2026\/03\/image-36-150x113.jpeg 150w\" sizes=\"auto, (max-width: 350px) 100vw, 350px\" \/><\/a><\/figure>\n\n\n\n<figure class=\"wp-block-image size-full\"><a href=\"https:\/\/redsemlac.com\/semmexico\/wp-content\/uploads\/2026\/03\/image-25.jpeg\"><img loading=\"lazy\" decoding=\"async\" width=\"350\" height=\"263\" src=\"https:\/\/redsemlac.com\/semmexico\/wp-content\/uploads\/2026\/03\/image-25.jpeg\" alt=\"\" class=\"wp-image-103617\" srcset=\"https:\/\/redsemlac.com\/semmexico\/wp-content\/uploads\/2026\/03\/image-25.jpeg 350w, https:\/\/redsemlac.com\/semmexico\/wp-content\/uploads\/2026\/03\/image-25-300x225.jpeg 300w, https:\/\/redsemlac.com\/semmexico\/wp-content\/uploads\/2026\/03\/image-25-150x113.jpeg 150w\" sizes=\"auto, (max-width: 350px) 100vw, 350px\" \/><\/a><\/figure>\n\n\n\n<figure class=\"wp-block-image size-full\"><a href=\"https:\/\/redsemlac.com\/semmexico\/wp-content\/uploads\/2026\/03\/image-29.jpeg\"><img loading=\"lazy\" decoding=\"async\" width=\"350\" height=\"263\" src=\"https:\/\/redsemlac.com\/semmexico\/wp-content\/uploads\/2026\/03\/image-29.jpeg\" alt=\"\" class=\"wp-image-103607\" srcset=\"https:\/\/redsemlac.com\/semmexico\/wp-content\/uploads\/2026\/03\/image-29.jpeg 350w, https:\/\/redsemlac.com\/semmexico\/wp-content\/uploads\/2026\/03\/image-29-300x225.jpeg 300w, https:\/\/redsemlac.com\/semmexico\/wp-content\/uploads\/2026\/03\/image-29-150x113.jpeg 150w\" sizes=\"auto, (max-width: 350px) 100vw, 350px\" \/><\/a><\/figure>\n\n\n\n<figure class=\"wp-block-image size-full\"><a href=\"https:\/\/redsemlac.com\/semmexico\/wp-content\/uploads\/2026\/03\/image-25.jpeg\"><img loading=\"lazy\" decoding=\"async\" width=\"350\" height=\"263\" src=\"https:\/\/redsemlac.com\/semmexico\/wp-content\/uploads\/2026\/03\/image-25.jpeg\" alt=\"\" class=\"wp-image-103611\" srcset=\"https:\/\/redsemlac.com\/semmexico\/wp-content\/uploads\/2026\/03\/image-25.jpeg 350w, https:\/\/redsemlac.com\/semmexico\/wp-content\/uploads\/2026\/03\/image-25-300x225.jpeg 300w, https:\/\/redsemlac.com\/semmexico\/wp-content\/uploads\/2026\/03\/image-25-150x113.jpeg 150w\" sizes=\"auto, (max-width: 350px) 100vw, 350px\" \/><\/a><\/figure>\n\n\n\n<figure class=\"wp-block-image size-full\"><a href=\"https:\/\/redsemlac.com\/semmexico\/wp-content\/uploads\/2026\/03\/image-29.jpeg\"><img loading=\"lazy\" decoding=\"async\" width=\"350\" height=\"263\" src=\"https:\/\/redsemlac.com\/semmexico\/wp-content\/uploads\/2026\/03\/image-29.jpeg\" alt=\"\" class=\"wp-image-103609\" srcset=\"https:\/\/redsemlac.com\/semmexico\/wp-content\/uploads\/2026\/03\/image-29.jpeg 350w, https:\/\/redsemlac.com\/semmexico\/wp-content\/uploads\/2026\/03\/image-29-300x225.jpeg 300w, https:\/\/redsemlac.com\/semmexico\/wp-content\/uploads\/2026\/03\/image-29-150x113.jpeg 150w\" sizes=\"auto, (max-width: 350px) 100vw, 350px\" \/><\/a><\/figure>\n\n\n\n<figure class=\"wp-block-image size-full\"><a href=\"https:\/\/redsemlac.com\/semmexico\/wp-content\/uploads\/2026\/03\/image-28.jpeg\"><img loading=\"lazy\" decoding=\"async\" width=\"350\" height=\"263\" src=\"https:\/\/redsemlac.com\/semmexico\/wp-content\/uploads\/2026\/03\/image-28.jpeg\" alt=\"\" class=\"wp-image-103615\" srcset=\"https:\/\/redsemlac.com\/semmexico\/wp-content\/uploads\/2026\/03\/image-28.jpeg 350w, https:\/\/redsemlac.com\/semmexico\/wp-content\/uploads\/2026\/03\/image-28-300x225.jpeg 300w, https:\/\/redsemlac.com\/semmexico\/wp-content\/uploads\/2026\/03\/image-28-150x113.jpeg 150w\" sizes=\"auto, (max-width: 350px) 100vw, 350px\" \/><\/a><\/figure>\n\n\n\n<figure class=\"wp-block-image size-full\"><a href=\"https:\/\/redsemlac.com\/semmexico\/wp-content\/uploads\/2026\/03\/image-29.jpeg\"><img loading=\"lazy\" decoding=\"async\" width=\"350\" height=\"263\" src=\"https:\/\/redsemlac.com\/semmexico\/wp-content\/uploads\/2026\/03\/image-29.jpeg\" alt=\"\" class=\"wp-image-103606\" srcset=\"https:\/\/redsemlac.com\/semmexico\/wp-content\/uploads\/2026\/03\/image-29.jpeg 350w, https:\/\/redsemlac.com\/semmexico\/wp-content\/uploads\/2026\/03\/image-29-300x225.jpeg 300w, https:\/\/redsemlac.com\/semmexico\/wp-content\/uploads\/2026\/03\/image-29-150x113.jpeg 150w\" sizes=\"auto, (max-width: 350px) 100vw, 350px\" \/><\/a><\/figure>\n\n\n\n<figure class=\"wp-block-image size-full\"><a href=\"https:\/\/redsemlac.com\/semmexico\/wp-content\/uploads\/2026\/03\/image-27.jpeg\"><img loading=\"lazy\" decoding=\"async\" width=\"350\" height=\"263\" src=\"https:\/\/redsemlac.com\/semmexico\/wp-content\/uploads\/2026\/03\/image-27.jpeg\" alt=\"\" class=\"wp-image-103608\" srcset=\"https:\/\/redsemlac.com\/semmexico\/wp-content\/uploads\/2026\/03\/image-27.jpeg 350w, https:\/\/redsemlac.com\/semmexico\/wp-content\/uploads\/2026\/03\/image-27-300x225.jpeg 300w, https:\/\/redsemlac.com\/semmexico\/wp-content\/uploads\/2026\/03\/image-27-150x113.jpeg 150w\" sizes=\"auto, (max-width: 350px) 100vw, 350px\" \/><\/a><\/figure>\n\n\n\n<figure class=\"wp-block-image size-full\"><a href=\"https:\/\/redsemlac.com\/semmexico\/wp-content\/uploads\/2026\/03\/image-33.jpeg\"><img loading=\"lazy\" decoding=\"async\" width=\"350\" height=\"263\" src=\"https:\/\/redsemlac.com\/semmexico\/wp-content\/uploads\/2026\/03\/image-33.jpeg\" alt=\"\" class=\"wp-image-103621\" srcset=\"https:\/\/redsemlac.com\/semmexico\/wp-content\/uploads\/2026\/03\/image-33.jpeg 350w, https:\/\/redsemlac.com\/semmexico\/wp-content\/uploads\/2026\/03\/image-33-300x225.jpeg 300w, https:\/\/redsemlac.com\/semmexico\/wp-content\/uploads\/2026\/03\/image-33-150x113.jpeg 150w\" sizes=\"auto, (max-width: 350px) 100vw, 350px\" \/><\/a><\/figure>\n\n\n\n<figure class=\"wp-block-image size-full\"><a href=\"https:\/\/redsemlac.com\/semmexico\/wp-content\/uploads\/2026\/03\/image-40.jpeg\"><img loading=\"lazy\" decoding=\"async\" width=\"350\" height=\"263\" src=\"https:\/\/redsemlac.com\/semmexico\/wp-content\/uploads\/2026\/03\/image-40.jpeg\" alt=\"\" class=\"wp-image-103600\" srcset=\"https:\/\/redsemlac.com\/semmexico\/wp-content\/uploads\/2026\/03\/image-40.jpeg 350w, https:\/\/redsemlac.com\/semmexico\/wp-content\/uploads\/2026\/03\/image-40-300x225.jpeg 300w, https:\/\/redsemlac.com\/semmexico\/wp-content\/uploads\/2026\/03\/image-40-150x113.jpeg 150w\" sizes=\"auto, (max-width: 350px) 100vw, 350px\" \/><\/a><\/figure>\n\n\n\n<figure class=\"wp-block-image size-full\"><a href=\"https:\/\/redsemlac.com\/semmexico\/wp-content\/uploads\/2026\/03\/image-37.jpeg\"><img loading=\"lazy\" decoding=\"async\" width=\"350\" height=\"263\" src=\"https:\/\/redsemlac.com\/semmexico\/wp-content\/uploads\/2026\/03\/image-37.jpeg\" alt=\"\" class=\"wp-image-103593\" srcset=\"https:\/\/redsemlac.com\/semmexico\/wp-content\/uploads\/2026\/03\/image-37.jpeg 350w, https:\/\/redsemlac.com\/semmexico\/wp-content\/uploads\/2026\/03\/image-37-300x225.jpeg 300w, https:\/\/redsemlac.com\/semmexico\/wp-content\/uploads\/2026\/03\/image-37-150x113.jpeg 150w\" sizes=\"auto, (max-width: 350px) 100vw, 350px\" \/><\/a><\/figure>\n\n\n\n<figure class=\"wp-block-image size-full\"><a href=\"https:\/\/redsemlac.com\/semmexico\/wp-content\/uploads\/2026\/03\/image-31.jpeg\"><img loading=\"lazy\" decoding=\"async\" width=\"225\" height=\"300\" src=\"https:\/\/redsemlac.com\/semmexico\/wp-content\/uploads\/2026\/03\/image-31.jpeg\" alt=\"\" class=\"wp-image-103599\" srcset=\"https:\/\/redsemlac.com\/semmexico\/wp-content\/uploads\/2026\/03\/image-31.jpeg 225w, https:\/\/redsemlac.com\/semmexico\/wp-content\/uploads\/2026\/03\/image-31-150x200.jpeg 150w\" sizes=\"auto, (max-width: 225px) 100vw, 225px\" \/><\/a><\/figure>\n\n\n\n<figure class=\"wp-block-image size-full\"><a href=\"https:\/\/redsemlac.com\/semmexico\/wp-content\/uploads\/2026\/03\/image-30.jpeg\"><img loading=\"lazy\" decoding=\"async\" width=\"225\" height=\"300\" src=\"https:\/\/redsemlac.com\/semmexico\/wp-content\/uploads\/2026\/03\/image-30.jpeg\" alt=\"\" class=\"wp-image-103618\" srcset=\"https:\/\/redsemlac.com\/semmexico\/wp-content\/uploads\/2026\/03\/image-30.jpeg 225w, https:\/\/redsemlac.com\/semmexico\/wp-content\/uploads\/2026\/03\/image-30-150x200.jpeg 150w\" sizes=\"auto, (max-width: 225px) 100vw, 225px\" \/><\/a><\/figure>\n\n\n\n<figure class=\"wp-block-image size-full\"><a href=\"https:\/\/redsemlac.com\/semmexico\/wp-content\/uploads\/2026\/03\/image-31.jpeg\"><img loading=\"lazy\" decoding=\"async\" width=\"225\" height=\"300\" src=\"https:\/\/redsemlac.com\/semmexico\/wp-content\/uploads\/2026\/03\/image-31.jpeg\" alt=\"\" class=\"wp-image-103613\" srcset=\"https:\/\/redsemlac.com\/semmexico\/wp-content\/uploads\/2026\/03\/image-31.jpeg 225w, https:\/\/redsemlac.com\/semmexico\/wp-content\/uploads\/2026\/03\/image-31-150x200.jpeg 150w\" sizes=\"auto, (max-width: 225px) 100vw, 225px\" \/><\/a><\/figure>\n\n\n\n<figure class=\"wp-block-image size-full\"><a href=\"https:\/\/redsemlac.com\/semmexico\/wp-content\/uploads\/2026\/03\/image-26.jpeg\"><img loading=\"lazy\" decoding=\"async\" width=\"225\" height=\"300\" src=\"https:\/\/redsemlac.com\/semmexico\/wp-content\/uploads\/2026\/03\/image-26.jpeg\" alt=\"\" class=\"wp-image-103596\" srcset=\"https:\/\/redsemlac.com\/semmexico\/wp-content\/uploads\/2026\/03\/image-26.jpeg 225w, https:\/\/redsemlac.com\/semmexico\/wp-content\/uploads\/2026\/03\/image-26-150x200.jpeg 150w\" sizes=\"auto, (max-width: 225px) 100vw, 225px\" \/><\/a><\/figure>\n\n\n\n<figure class=\"wp-block-image size-full\"><a href=\"https:\/\/redsemlac.com\/semmexico\/wp-content\/uploads\/2026\/03\/image-39.jpeg\"><img loading=\"lazy\" decoding=\"async\" width=\"225\" height=\"300\" src=\"https:\/\/redsemlac.com\/semmexico\/wp-content\/uploads\/2026\/03\/image-39.jpeg\" alt=\"\" class=\"wp-image-103624\" srcset=\"https:\/\/redsemlac.com\/semmexico\/wp-content\/uploads\/2026\/03\/image-39.jpeg 225w, https:\/\/redsemlac.com\/semmexico\/wp-content\/uploads\/2026\/03\/image-39-150x200.jpeg 150w\" sizes=\"auto, (max-width: 225px) 100vw, 225px\" \/><\/a><\/figure>\n\n\n\n<figure class=\"wp-block-image size-full\"><a href=\"https:\/\/redsemlac.com\/semmexico\/wp-content\/uploads\/2026\/03\/image-35.jpeg\"><img loading=\"lazy\" decoding=\"async\" width=\"225\" height=\"300\" src=\"https:\/\/redsemlac.com\/semmexico\/wp-content\/uploads\/2026\/03\/image-35.jpeg\" alt=\"\" class=\"wp-image-103598\" srcset=\"https:\/\/redsemlac.com\/semmexico\/wp-content\/uploads\/2026\/03\/image-35.jpeg 225w, https:\/\/redsemlac.com\/semmexico\/wp-content\/uploads\/2026\/03\/image-35-150x200.jpeg 150w\" sizes=\"auto, (max-width: 225px) 100vw, 225px\" \/><\/a><\/figure>\n\n\n\n<figure class=\"wp-block-image size-full\"><a href=\"https:\/\/redsemlac.com\/semmexico\/wp-content\/uploads\/2026\/03\/image-42.jpeg\"><img loading=\"lazy\" decoding=\"async\" width=\"350\" height=\"263\" src=\"https:\/\/redsemlac.com\/semmexico\/wp-content\/uploads\/2026\/03\/image-42.jpeg\" alt=\"\" class=\"wp-image-103612\" srcset=\"https:\/\/redsemlac.com\/semmexico\/wp-content\/uploads\/2026\/03\/image-42.jpeg 350w, https:\/\/redsemlac.com\/semmexico\/wp-content\/uploads\/2026\/03\/image-42-300x225.jpeg 300w, https:\/\/redsemlac.com\/semmexico\/wp-content\/uploads\/2026\/03\/image-42-150x113.jpeg 150w\" sizes=\"auto, (max-width: 350px) 100vw, 350px\" \/><\/a><\/figure>\n\n\n\n<figure class=\"wp-block-image size-full\"><a href=\"https:\/\/redsemlac.com\/semmexico\/wp-content\/uploads\/2026\/03\/image-38.jpeg\"><img loading=\"lazy\" decoding=\"async\" width=\"350\" height=\"263\" src=\"https:\/\/redsemlac.com\/semmexico\/wp-content\/uploads\/2026\/03\/image-38.jpeg\" alt=\"\" class=\"wp-image-103616\" srcset=\"https:\/\/redsemlac.com\/semmexico\/wp-content\/uploads\/2026\/03\/image-38.jpeg 350w, https:\/\/redsemlac.com\/semmexico\/wp-content\/uploads\/2026\/03\/image-38-300x225.jpeg 300w, https:\/\/redsemlac.com\/semmexico\/wp-content\/uploads\/2026\/03\/image-38-150x113.jpeg 150w\" sizes=\"auto, (max-width: 350px) 100vw, 350px\" \/><\/a><\/figure>\n","protected":false},"excerpt":{"rendered":"<p>Cr\u00f3nica desde la zona Zapatista de Chiapas Una espectacular manifestaci\u00f3n&nbsp; Radio Zapatista&nbsp; SemM\u00e9xico, San Crist\u00f3bal de las Casas, Chiapas, 11 de marzo, 2026.-La Plaza de la Paz en San Crist\u00f3bal de Las Casas empez\u00f3 a recibir a las mujeres desde temprano, las organizadoras nos convocaron para las 10 de la ma\u00f1ana, el sol estaba ya [&hellip;]<\/p>\n","protected":false},"author":3,"featured_media":103623,"comment_status":"open","ping_status":"open","sticky":false,"template":"","format":"standard","meta":{"_monsterinsights_skip_tracking":false,"footnotes":""},"categories":[205,694],"tags":[],"class_list":["post-103590","post","type-post","status-publish","format-standard","has-post-thumbnail","category-8-de-marzo","category-destacadas"],"_links":{"self":[{"href":"https:\/\/redsemlac.com\/semmexico\/wp-json\/wp\/v2\/posts\/103590","targetHints":{"allow":["GET"]}}],"collection":[{"href":"https:\/\/redsemlac.com\/semmexico\/wp-json\/wp\/v2\/posts"}],"about":[{"href":"https:\/\/redsemlac.com\/semmexico\/wp-json\/wp\/v2\/types\/post"}],"author":[{"embeddable":true,"href":"https:\/\/redsemlac.com\/semmexico\/wp-json\/wp\/v2\/users\/3"}],"replies":[{"embeddable":true,"href":"https:\/\/redsemlac.com\/semmexico\/wp-json\/wp\/v2\/comments?post=103590"}],"version-history":[{"count":0,"href":"https:\/\/redsemlac.com\/semmexico\/wp-json\/wp\/v2\/posts\/103590\/revisions"}],"wp:featuredmedia":[{"embeddable":true,"href":"https:\/\/redsemlac.com\/semmexico\/wp-json\/wp\/v2\/media\/103623"}],"wp:attachment":[{"href":"https:\/\/redsemlac.com\/semmexico\/wp-json\/wp\/v2\/media?parent=103590"}],"wp:term":[{"taxonomy":"category","embeddable":true,"href":"https:\/\/redsemlac.com\/semmexico\/wp-json\/wp\/v2\/categories?post=103590"},{"taxonomy":"post_tag","embeddable":true,"href":"https:\/\/redsemlac.com\/semmexico\/wp-json\/wp\/v2\/tags?post=103590"}],"curies":[{"name":"wp","href":"https:\/\/api.w.org\/{rel}","templated":true}]}}