{"id":103570,"date":"2026-03-09T20:28:17","date_gmt":"2026-03-10T02:28:17","guid":{"rendered":"https:\/\/redsemlac.com\/semmexico\/?p=103570"},"modified":"2026-03-09T20:28:18","modified_gmt":"2026-03-10T02:28:18","slug":"cuba-mujeres-reivindican-la-identidad-cultural-desde-el-emprendimiento","status":"publish","type":"post","link":"https:\/\/redsemlac.com\/semmexico\/cuba-mujeres-reivindican-la-identidad-cultural-desde-el-emprendimiento\/","title":{"rendered":"Cuba: Mujeres reivindican la identidad cultural desde el emprendimiento"},"content":{"rendered":"\n<ul class=\"wp-block-list\">\n<li>Cada vez m\u00e1s de proyectos impulsados por mujeres<br><br><\/li>\n<\/ul>\n\n\n\n<p class=\"wp-block-paragraph\">Lisandra Fari\u00f1as<br>SemM\u00e9xico\/ SEMlac, La Habana, 9 de marzo (SEMlac).- El ecosistema de las industrias creativas cubanas se nutre cada vez m\u00e1s de proyectos impulsados por mujeres que demuestran, con sus trayectorias y resultados, que el talento, la capacidad de innovaci\u00f3n y el liderazgo no son territorios exclusivos de los hombres.<\/p>\n\n\n\n<p class=\"wp-block-paragraph\"><br>As\u00ed lo evidenci\u00f3 la cuarta edici\u00f3n del WOMEN Festival, una iniciativa que reuni\u00f3 en la F\u00e1brica de Arte Cubano (FAC), los d\u00edas 6 y 7 de marzo, a varias artistas, gestoras culturales y emprendedoras, para compartir saberes, visibilizar proyectos, fortalecer redes de colaboraci\u00f3n entre mujeres y mostrar que muchas de ellas est\u00e1n abriendo caminos donde convergen cultura, empoderamiento y aportes a las comunidades.<\/p>\n\n\n\n<p class=\"wp-block-paragraph\"><br>Una licenciada en Filosof\u00eda que encontr\u00f3 en el cabello afro su prop\u00f3sito; dos creadoras musicales que, en pandemia, convirtieron el crochet en una marca de moda artesanal; la primera modelo de talla grande que abri\u00f3 camino en las pasarelas y hoy forma nuevas generaciones; una maquilladora que transform\u00f3 su necesidad personal en un estudio inclusivo; y una madre y una hija que hicieron de las recetas familiares un proyecto gastron\u00f3mico.<\/p>\n\n\n\n<p class=\"wp-block-paragraph\"><br>Todas confluyeron en el WOMEN Festival para dialogar sobre los desaf\u00edos y estrategias de quienes emprenden en las industrias culturales.<\/p>\n\n\n\n<p class=\"wp-block-paragraph\"><br><strong>\u00abCocinar\u00bb identidad y tradici\u00f3n<\/strong><\/p>\n\n\n\n<p class=\"wp-block-paragraph\"><br>\u00abHe emprendido a veces sin tener conciencia de lo que estaba haciendo\u00bb, confes\u00f3&nbsp;<a href=\"https:\/\/www.instagram.com\/p\/DVRbcftEeDx\/\" target=\"_blank\" rel=\"noreferrer noopener\">Adis Pereira<\/a>, fundadora junto a su hija Lorena Faccio del proyecto gastron\u00f3mico&nbsp;<a href=\"https:\/\/www.instagram.com\/laloreestacocinando\/\" target=\"_blank\" rel=\"noreferrer noopener\">\u00abLa Lore est\u00e1 cocinando\u00bb<\/a>&nbsp;y conductora del programa televisivo&nbsp;<a href=\"https:\/\/www.instagram.com\/entrerecetastv\/\" target=\"_blank\" rel=\"noreferrer noopener\">Entre recetas<\/a>. Ambas condujeron el taller \u00abM\u00e1s all\u00e1 de los fogones\u00bb, un espacio donde dialogaron sobre cocina, memoria familiar y emprendimiento.<\/p>\n\n\n\n<p class=\"wp-block-paragraph\"><br>Antes de llegar a la gastronom\u00eda, Pereira estudi\u00f3 Historia del Arte y fue directora de una galer\u00eda en su natal Jovellanos, un pueblo de la provincia de Matanzas, a 150 kil\u00f3metros de La Habana.<\/p>\n\n\n\n<p class=\"wp-block-paragraph\"><br>Las necesidades de financiamiento para sostener la galer\u00eda la llevaron a buscar alternativas, dijo. Inspirada por mujeres de su pueblo que ten\u00edan talleres de costura o peluquer\u00edas, comenz\u00f3 a hacer \u00abcosas\u00bb: fue vendedora de durofr\u00edo, fot\u00f3grafa, costurera, bordadora. Lleg\u00f3 a crear un taller de bordado, donde trabajaron siete mujeres.<\/p>\n\n\n\n<p class=\"wp-block-paragraph\"><br>\u00abPara m\u00ed era algo lindo, donde ganaba un sustento, pero tambi\u00e9n le daba trabajo a otras\u00bb, record\u00f3.<\/p>\n\n\n\n<p class=\"wp-block-paragraph\"><br>El salto a la gastronom\u00eda lleg\u00f3 en 2008, cuando su hijo Valentino la convenci\u00f3 de montar un restaurante en el patio de la casa familiar. Sin dinero para adornos, lo bautiz\u00f3 \u00abEl Kitsch\u00bb, una iron\u00eda que marc\u00f3 el inicio de una trayectoria donde madre e hija defienden la cocina como parte esencial de la cultura.<\/p>\n\n\n\n<p class=\"wp-block-paragraph\"><br>Lorena Faccio ten\u00eda entonces 14 a\u00f1os. Abogada de formaci\u00f3n, lleg\u00f3 a ser jueza civil en la capital, a donde ya se hab\u00edan mudado; pero su camino hacia el emprendimiento no fue un sue\u00f1o, sino una necesidad.<\/p>\n\n\n\n<p class=\"wp-block-paragraph\"><br>Para costear sus estudios, comenz\u00f3 alquilando un cuarto en su casa. El negocio creci\u00f3, pudo comprar un inmueble que con el tiempo convertir\u00eda en un hostal y lleg\u00f3 el momento de elegir entre el Derecho o dedicarse a tiempo completo al negocio familiar.<\/p>\n\n\n\n<p class=\"wp-block-paragraph\"><br>Durante la pandemia, y de forma casi improvisada, naci\u00f3 \u00abLa Lore est\u00e1 cocinando\u00bb, cuando madre e hija decidieron presentarse a una feria de emprendimientos sostenibles. \u00abFuimos las \u00fanicas que llevamos productos para que la gente probara. A los tres d\u00edas ya ten\u00edamos pedidos\u00bb, narr\u00f3 Pereira.<\/p>\n\n\n\n<p class=\"wp-block-paragraph\"><br>Hoy, \u00abLa Lore est\u00e1 cocinando\u00bb es mucho m\u00e1s que una l\u00ednea de conservas. Es tambi\u00e9n un restaurante donde \u00abse ven platos que se estaban perdiendo\u00bb, dijo.<br>Preparaciones tradicionales como las patas de cerdo, la harina de ma\u00edz o el tamal en cazuela -platos que requieren tiempo y conocimiento- encuentran all\u00ed un espacio de salvaguarda.<\/p>\n\n\n\n<p class=\"wp-block-paragraph\"><br>\u00abLa comida es cultura. Desde que te sientas a la mesa con tu familia o tus amigos, est\u00e1s transmitiendo identidad. Y nosotras, las mujeres, nos hemos encargado de mantenerla viva\u00bb, afirm\u00f3 Pereira.<\/p>\n\n\n\n<p class=\"wp-block-paragraph\"><br>Sobre las discriminaciones que enfrentan las mujeres en el sector culinario, madre e hija coincidieron. \u00abDe toda la vida el show de cocina en Cuba ha sido de mujeres, pero nunca fue completamente tolerado. Para el estatus masculino de cocineros, es visto con un menor grado, como si fu\u00e9ramos la cocina dom\u00e9stica. Nosotras somos la cocina dom\u00e9stica, pero la hemos elevado a categor\u00eda de identidad cultural\u00bb, dijo Pereira.<\/p>\n\n\n\n<p class=\"wp-block-paragraph\"><br>A ello se suman discriminaciones sutiles que enfrentan las mujeres j\u00f3venes al frente de negocios, apunt\u00f3 Faccio.<\/p>\n\n\n\n<p class=\"wp-block-paragraph\"><br>\u00abA veces ni percibes la discriminaci\u00f3n, y eso es lo peor. Cuando un hombre est\u00e1 liderando un restaurante, le dicen &#8216;qu\u00e9 l\u00edder, qu\u00e9 capacidad tiene&#8217;. A las mujeres nos llaman mandonas. Los proveedores buscan a un hombre. Se supone que el due\u00f1o es un hombre o una se\u00f1ora mayor. Ven a la Lore y se percibe como: &#8216;es joven, eso seguro se lo dio la familia o se lo regal\u00f3 un extranjero'\u00bb, ejemplific\u00f3.<br>Las redes de apoyo entre mujeres son fundamentales para crecer, agreg\u00f3 Pereira, para quien \u00abla solidaridad viene del respeto, de hacer equipo. \u00abLos emprendimientos femeninos crecen cuando nos relacionamos y nos enriquecemos\u00bb, afirm\u00f3.<\/p>\n\n\n\n<p class=\"wp-block-paragraph\"><br><strong>Belleza, identidad y representaci\u00f3n<\/strong><\/p>\n\n\n\n<p class=\"wp-block-paragraph\"><br>Para Lilibet Elizalde Vald\u00e9s, el camino hacia la belleza comenz\u00f3 por la filosof\u00eda. Desde&nbsp;<a href=\"https:\/\/www.redsemlac-cuba.net\/redsemlac\/economia\/beyond-roots-un-viaje-a-las-raices\/\" target=\"_blank\" rel=\"noreferrer noopener\">Beyond Roots<\/a>, un proyecto que integra estilismo afro, productos capilares y una dimensi\u00f3n espiritual del cuidado personal, lleg\u00f3 a esa visi\u00f3n tras cuestionar a\u00f1os de alisarse el cabello.<\/p>\n\n\n\n<p class=\"wp-block-paragraph\"><br>\u00abEl cabello es energ\u00eda, es nuestra corona\u00bb, afirm\u00f3. Pensarlo solo como est\u00e9tica superficial -a\u00f1adi\u00f3- invisibiliza procesos de autoaceptaci\u00f3n y de construcci\u00f3n cultural que muchas mujeres atraviesan.<\/p>\n\n\n\n<p class=\"wp-block-paragraph\"><br>La b\u00fasqueda de autenticidad tambi\u00e9n impuls\u00f3 a Mar\u00eda Carla Puga y Ana Mar\u00eda Torres Abella a fundar&nbsp;<a href=\"https:\/\/www.instagram.com\/ama.havana\/\" target=\"_blank\" rel=\"noreferrer noopener\">AMA Havana<\/a>. Ambas estudiaban m\u00fasica cuando la pandemia interrumpi\u00f3 sus vidas art\u00edsticas y comenzaron, casi por juego, a tejer accesorios para ellas mismas.<\/p>\n\n\n\n<p class=\"wp-block-paragraph\"><br>Hoy su marca artesanal emplea a 10 artesanas -entre ellas jubiladas y madres solteras- y apuesta por la producci\u00f3n lenta y el valor de lo hecho a mano, con t\u00e9cnicas tradicionales como el crochet. \u00abAMA es amor, vida, alegr\u00eda y diversidad\u00bb, resumi\u00f3 Puga, mientras Torres insiste en una premisa central: \u00abNuestras prendas son para todos los cuerpos\u00bb.<\/p>\n\n\n\n<p class=\"wp-block-paragraph\"><br>La representaci\u00f3n de cuerpos diversos es tambi\u00e9n la bandera de Thal\u00eda Salmer\u00f3n, conocida art\u00edsticamente como&nbsp;<a href=\"https:\/\/www.instagram.com\/salmerona_\/\" target=\"_blank\" rel=\"noreferrer noopener\">Salmerona<\/a>. Primera modelo cubana de talla grande en abrirse camino en pasarelas, dirige hoy \u00cddola Magazine, una plataforma dedicada al modelaje inclusivo.<\/p>\n\n\n\n<p class=\"wp-block-paragraph\"><br>\u00abDurante mucho tiempo no me ve\u00eda representada en ninguna pasarela ni campa\u00f1a. Entonces decid\u00ed atreverme y crear algo diferente\u00bb, expres\u00f3. Para ella, el empoderamiento pasa por el autoconocimiento y por asumir los miedos. \u00abEl punto no es no sentirlos, sino aun as\u00ed decir: lo voy a hacer\u00bb.<\/p>\n\n\n\n<p class=\"wp-block-paragraph\"><br>Desde el maquillaje, Meibis de la Caridad Mart\u00ednez, fundadora de&nbsp;<a href=\"https:\/\/www.instagram.com\/mey.makeup\/\" target=\"_blank\" rel=\"noreferrer noopener\">Mey Cuban Makeup<\/a>&nbsp;y del estudio-tienda Vitamine, tambi\u00e9n apuesta por la inclusi\u00f3n. Su proyecto surgi\u00f3 de una necesidad profesional: encontrar productos adecuados para personas afrodescendientes, hist\u00f3ricamente poco representadas en la oferta cosm\u00e9tica en Cuba.<\/p>\n\n\n\n<p class=\"wp-block-paragraph\"><br>\u00abNo puedo intentar empoderar a alguien si primero no lo estoy yo\u00bb, sostuvo. En sus cursos de automaquillaje, asegura, muchas clientas transforman no solo su apariencia, sino tambi\u00e9n la forma en que se miran a s\u00ed mismas.<\/p>\n\n\n\n<p class=\"wp-block-paragraph\"><br>Para Lilibet Elizalde \u00abcon las marcas tenemos que ser muy cuidadosas en el mensaje que emitimos, porque estamos cambiando conductas. La responsabilidad social es clave\u00bb, sostuvo.<\/p>\n\n\n\n<p class=\"wp-block-paragraph\"><br>Durante el di\u00e1logo, las participantes reflexionaron, adem\u00e1s, sobre el impacto de las redes sociales en los imaginarios de belleza. Im\u00e1genes irreales y est\u00e1ndares inalcanzables -coincidieron- influyen cada vez m\u00e1s en adolescentes y j\u00f3venes.<br>Frente a ello, defendieron la importancia de promover representaciones diversas y aut\u00e9nticas. \u00abNo hay nada m\u00e1s atractivo que una persona que se quiere a s\u00ed misma\u00bb, resumi\u00f3 Salmerona.<\/p>\n","protected":false},"excerpt":{"rendered":"<p>Lisandra Fari\u00f1asSemM\u00e9xico\/ SEMlac, La Habana, 9 de marzo (SEMlac).- El ecosistema de las industrias creativas cubanas se nutre cada vez m\u00e1s de proyectos impulsados por mujeres que demuestran, con sus trayectorias y resultados, que el talento, la capacidad de innovaci\u00f3n y el liderazgo no son territorios exclusivos de los hombres. As\u00ed lo evidenci\u00f3 la cuarta [&hellip;]<\/p>\n","protected":false},"author":3,"featured_media":103571,"comment_status":"open","ping_status":"open","sticky":false,"template":"","format":"standard","meta":{"_monsterinsights_skip_tracking":false,"footnotes":""},"categories":[748],"tags":[],"class_list":["post-103570","post","type-post","status-publish","format-standard","has-post-thumbnail","category-cultura-feminista"],"_links":{"self":[{"href":"https:\/\/redsemlac.com\/semmexico\/wp-json\/wp\/v2\/posts\/103570","targetHints":{"allow":["GET"]}}],"collection":[{"href":"https:\/\/redsemlac.com\/semmexico\/wp-json\/wp\/v2\/posts"}],"about":[{"href":"https:\/\/redsemlac.com\/semmexico\/wp-json\/wp\/v2\/types\/post"}],"author":[{"embeddable":true,"href":"https:\/\/redsemlac.com\/semmexico\/wp-json\/wp\/v2\/users\/3"}],"replies":[{"embeddable":true,"href":"https:\/\/redsemlac.com\/semmexico\/wp-json\/wp\/v2\/comments?post=103570"}],"version-history":[{"count":0,"href":"https:\/\/redsemlac.com\/semmexico\/wp-json\/wp\/v2\/posts\/103570\/revisions"}],"wp:featuredmedia":[{"embeddable":true,"href":"https:\/\/redsemlac.com\/semmexico\/wp-json\/wp\/v2\/media\/103571"}],"wp:attachment":[{"href":"https:\/\/redsemlac.com\/semmexico\/wp-json\/wp\/v2\/media?parent=103570"}],"wp:term":[{"taxonomy":"category","embeddable":true,"href":"https:\/\/redsemlac.com\/semmexico\/wp-json\/wp\/v2\/categories?post=103570"},{"taxonomy":"post_tag","embeddable":true,"href":"https:\/\/redsemlac.com\/semmexico\/wp-json\/wp\/v2\/tags?post=103570"}],"curies":[{"name":"wp","href":"https:\/\/api.w.org\/{rel}","templated":true}]}}